{"id":74456,"date":"2024-06-09T18:43:51","date_gmt":"2024-06-09T21:43:51","guid":{"rendered":"https:\/\/grandepremio.com\/br\/noticias\/fia-convoca-reuniao-com-organizadora-gp-canada-apos-invasao-torcedores\/"},"modified":"2024-06-09T18:51:54","modified_gmt":"2024-06-09T21:51:54","slug":"fia-convoca-reuniao-com-organizadora-gp-canada-apos-invasao-torcedores","status":"publish","type":"post","link":"https:\/\/grandepremio.com\/br\/f1\/fia-convoca-reuniao-com-organizadora-gp-canada-apos-invasao-torcedores\/","title":{"rendered":"FIA convoca reuni\u00e3o com organizadora do GP do Canad\u00e1 ap\u00f3s invas\u00e3o de torcedores"},"content":{"rendered":"\n<p class=\"wp-block-paragraph\">Enquanto as condi\u00e7\u00f5es clim\u00e1ticas adversas proporcionaram <a href=\"https:\/\/www.grandepremio.com\/br\/f1\/noticias\/max-verstappen-sobrevive-caos-vence-corrida-maluca-gp-canada-formula-1\/\">uma corrida imprevis\u00edvel e cheia de emo\u00e7\u00f5es<\/a> no circuito <strong>Gilles Villeneuve<\/strong>, a invas\u00e3o de torcedores antes mesmo da conclus\u00e3o da nona etapa da temporada 2024 da <strong>F\u00f3rmula 1<\/strong> n\u00e3o foi nada digna de nota. Agora, a <strong>Federa\u00e7\u00e3o Internacional de Automobilismo (FIA)<\/strong> convocou um representante da <strong>Octane Racing Group<\/strong> \u2014 organizadora do <strong>GP do Canad\u00e1<\/strong> \u2014 para prestar esclarecimentos sobre o ocorrido.<\/p>\n\n\n\n<p class=\"wp-block-paragraph\">De acordo com o documento divulgado pelo \u00f3rg\u00e3o dirigente do esporte, a reuni\u00e3o entre os comiss\u00e1rios e a promotora do evento est\u00e1 marcada para acontecer \u00e0s <strong>17h40 locais<\/strong> <strong>(18h40 no hor\u00e1rio de Bras\u00edlia, GMT-3)<\/strong>. Com base nas informa\u00e7\u00f5es dos representantes da FIA, o incidente na \u00faltima volta da prova colocou potencialmente em risco a seguran\u00e7a dos pilotos, dos membros das equipes e dos pr\u00f3prios torcedores.<\/p>\n\n\n\n<p class=\"wp-block-paragraph\">Nos \u00faltimos anos, a categoria m\u00e1xima do automobilismo tem tomado atitudes bastante rigorosas para garantir a seguran\u00e7a de todos os envolvidos ao longo de um fim de semana de corrida, cobrando elevados padr\u00f5es de conduta e r\u00edgidos protocolos por parte de todas as pra\u00e7as que desejam sediar uma prova do Mundial. Por isso, qualquer desvio dessas normas \u00e9 classificado como um ato grave por parte da FIA.<\/p>\n\n\n\n<p class=\"wp-block-paragraph\"><strong><img decoding=\"async\" src=\"https:\/\/a.slack-edge.com\/production-standard-emoji-assets\/14.0\/google-medium\/25b6-fe0f.png\" alt=\":seta_para_frente:\">\u00a0Inscreva-se nos dois canais do GRANDE PR\u00caMIO no YouTube:\u00a0<a href=\"https:\/\/www.youtube.com\/channel\/UC9OlHEgxoaY6QY6nWPoiqQg?sub_confirmation=1\" target=\"_blank\" rel=\"noreferrer noopener\">GP<\/a>\u00a0|\u00a0<a href=\"https:\/\/www.youtube.com\/channel\/UC9csiS6q_C3C0FYhyr1rnFA?sub_confirmation=1\" target=\"_blank\" rel=\"noreferrer noopener\">GP2<\/a><\/strong><br><strong><img decoding=\"async\" src=\"https:\/\/a.slack-edge.com\/production-standard-emoji-assets\/14.0\/google-medium\/25b6-fe0f.png\" alt=\":seta_para_frente:\">\u00a0<a href=\"https:\/\/www.twitch.tv\/grandepremio\" target=\"_blank\" rel=\"noreferrer noopener\">Conhe\u00e7a o canal do GRANDE PR\u00caMIO na Twitch clicando aqui!<\/a><\/strong><\/p>\n\n\n\n<figure class=\"wp-block-image size-large\"><img decoding=\"async\" src=\"https:\/\/www.grandepremio.com\/br\/wp-content\/uploads\/2024\/06\/canada-2024-f1-corrida-red-bull-max-verstappen-06-1200x800.jpg\" alt=\"\" class=\"wp-image-825107\"\/><figcaption class=\"wp-element-caption\">Max Verstappen venceu o GP do Canad\u00e1 (Foto: Red Bull Content Pool)<\/figcaption><\/figure>\n\n\n\n<p class=\"wp-block-paragraph\">Em 2023, uma <a href=\"https:\/\/www.grandepremio.com\/br\/f1\/noticias\/fia-cobra-plano-remediacao-invasao-inaceitavel-gp-sao-paulo\/\">situa\u00e7\u00e3o similar foi vista<\/a> no <strong>GP de S\u00e3o Paulo<\/strong>. Na ocasi\u00e3o, um grande grupo de espectadores conseguiu quebrar a barreira de seguran\u00e7a e entrar na pista na \u00e1rea de escape do S do Senna antes mesmo da bandeirada final. Os organizadores do evento se comprometeram a lan\u00e7ar uma investiga\u00e7\u00e3o para remediar a situa\u00e7\u00e3o a tempo para a pr\u00f3xima corrida em\u00a0<strong>Interlagos<\/strong>, marcada para o dia 3 de novembro de 2024.<\/p>\n\n\n\n<p class=\"wp-block-paragraph\">A\u00a0<a href=\"https:\/\/www.grandepremio.com\/br\/f1\/\" target=\"_blank\" rel=\"noreferrer noopener\">F\u00f3rmula 1<\/a>\u00a0volta entre os dias\u00a0<strong>21 e 23 de junho<\/strong>, em\u00a0<strong>Barcelona<\/strong>, com o\u00a0<strong>GP da\u00a0<a href=\"https:\/\/es.grandepremio.com\/\" target=\"_blank\" rel=\"noreferrer noopener\">Espanha<\/a><\/strong>, d\u00e9cima etapa da temporada 2024.<\/p>\n\n\n\n<figure class=\"wp-block-embed is-type-video is-provider-youtube wp-block-embed-youtube wp-embed-aspect-16-9 wp-has-aspect-ratio\"><div class=\"wp-block-embed__wrapper\">\n<iframe loading=\"lazy\" title=\"F1 CANAD\u00c1 2024: tudo sobre a CORRIDA | Briefing\" width=\"500\" height=\"281\" src=\"https:\/\/www.youtube.com\/embed\/a2O031DtVfw?feature=oembed\" frameborder=\"0\" allow=\"accelerometer; autoplay; clipboard-write; encrypted-media; gyroscope; picture-in-picture; web-share\" referrerpolicy=\"strict-origin-when-cross-origin\" allowfullscreen><\/iframe>\n<\/div><\/figure>\n","protected":false},"excerpt":{"rendered":"<p>A Octane Racing Group, organizadora do GP do Canad\u00e1, dever\u00e1 prestar esclarecimentos \u00e0 Federa\u00e7\u00e3o Internacional de Automobilismo (FIA) sobre as falhas vistas no protocolo de seguran\u00e7a durante a etapa da F\u00f3rmula 1 em Montreal<\/p>\n","protected":false},"author":0,"featured_media":1000825104,"comment_status":"closed","ping_status":"closed","sticky":false,"template":"","format":"standard","meta":{"42wp_featured_image_caption":"","42wp_featured_image_credits":"","42wp_featured_video":"","42wp_featured_image_hidden":false,"42wp_authors_list":[],"footnotes":""},"categories":[2],"tags":[4924,5660,969,147,3230,642,160,103,180,30909,14357,39696,1491,30103,28285,4486],"42wp_author":[47160],"class_list":["post-74456","post","type-post","status-publish","format-standard","has-post-thumbnail","hentry","category-f1","tag-circuito-gilles-villeneuve","tag-classificacao","tag-corrida","tag-f1","tag-f1-2024","tag-f1-ao-vivo","tag-f1-tv","tag-fia","tag-formula-1","tag-formula-1-2024","tag-gp-do-canada","tag-gp-do-canada-2024","tag-grande-premio","tag-grande-premio-f1","tag-grandepremio","tag-montreal","42wp_author-vicente-soella"],"_links":{"self":[{"href":"https:\/\/grandepremio.com\/br\/wp-json\/wp\/v2\/posts\/74456","targetHints":{"allow":["GET"]}}],"collection":[{"href":"https:\/\/grandepremio.com\/br\/wp-json\/wp\/v2\/posts"}],"about":[{"href":"https:\/\/grandepremio.com\/br\/wp-json\/wp\/v2\/types\/post"}],"replies":[{"embeddable":true,"href":"https:\/\/grandepremio.com\/br\/wp-json\/wp\/v2\/comments?post=74456"}],"version-history":[{"count":0,"href":"https:\/\/grandepremio.com\/br\/wp-json\/wp\/v2\/posts\/74456\/revisions"}],"wp:featuredmedia":[{"embeddable":true,"href":"https:\/\/grandepremio.com\/br\/wp-json\/wp\/v2\/media\/1000825104"}],"wp:attachment":[{"href":"https:\/\/grandepremio.com\/br\/wp-json\/wp\/v2\/media?parent=74456"}],"wp:term":[{"taxonomy":"category","embeddable":true,"href":"https:\/\/grandepremio.com\/br\/wp-json\/wp\/v2\/categories?post=74456"},{"taxonomy":"post_tag","embeddable":true,"href":"https:\/\/grandepremio.com\/br\/wp-json\/wp\/v2\/tags?post=74456"},{"taxonomy":"42wp_author","embeddable":true,"href":"https:\/\/grandepremio.com\/br\/wp-json\/wp\/v2\/42wp_author?post=74456"}],"curies":[{"name":"wp","href":"https:\/\/api.w.org\/{rel}","templated":true}]}}