{"id":74571,"date":"2024-06-08T20:24:24","date_gmt":"2024-06-08T23:24:24","guid":{"rendered":"https:\/\/grandepremio.com\/br\/noticias\/alexander-albon-lamenta-frustrante-10o-lugar-espera-boas-oportunidades-chuva-canada\/"},"modified":"2024-06-08T20:26:48","modified_gmt":"2024-06-08T23:26:48","slug":"alexander-albon-lamenta-frustrante-10o-lugar-espera-boas-oportunidades-chuva-canada","status":"publish","type":"post","link":"https:\/\/grandepremio.com\/br\/f1\/alexander-albon-lamenta-frustrante-10o-lugar-espera-boas-oportunidades-chuva-canada\/","title":{"rendered":"Albon lamenta &#8220;frustrante&#8221; 10\u00ba lugar e espera &#8220;boas oportunidades&#8221; com chuva no Canad\u00e1"},"content":{"rendered":"\n<p class=\"wp-block-paragraph\">Depois de performances discretas durante os treinos livres, <strong>Alexander Albon<\/strong> conseguiu extrair \u00f3timo desempenho do <strong>FW46<\/strong> durante a classifica\u00e7\u00e3o e colocou a <strong>Williams<\/strong> no Q3 pela segunda vez consecutiva nesta temporada. Mesmo <a href=\"https:\/\/www.grandepremio.com\/br\/f1\/noticias\/0-000-george-russell-pole-position-mesmo-tempo-max-verstappen-gp-canada\/\">largando em d\u00e9cimo<\/a>, o piloto tailand\u00eas lamentou o resultado, j\u00e1 que, de acordo com o companheiro de <strong>Logan Sargeant<\/strong>, era poss\u00edvel ter conseguido mais.<\/p>\n\n\n\n<p class=\"wp-block-paragraph\">Albon teve 1min12s796 como melhor tempo neste s\u00e1bado (8), exatamente 0s796 atr\u00e1s de <strong>George Russell<\/strong>, pole-position. Embora acredite ser poss\u00edvel lutar contra as duplas da <strong>Aston Martin<\/strong>, <strong>Fernando Alonso<\/strong> e <strong>Lance Stroll<\/strong>, e da <strong>RB<\/strong> (<strong>Visa Cash App RB<\/strong>), <strong>Daniel Ricciardo<\/strong> e <strong>Yuki Tsunoda<\/strong>, Alex lembrou que ter\u00e1 de lidar com <strong>Charles Leclerc<\/strong> e <strong>Carlos Sainz<\/strong>, da <strong>Ferrari<\/strong>, que <a href=\"https:\/\/www.grandepremio.com\/br\/f1\/noticias\/ferrari-aposta-ritmo-corrida-para-volta-por-cima-canada-apos-sofrer-pneus\/\">foram eliminados no Q2 e saem logo atr\u00e1s<\/a>.<\/p>\n\n\n\n<p class=\"wp-block-paragraph\">&#8220;Um s\u00e1bado frustrante&#8221;, lamentou o #23. &#8220;Fizemos uma pequena mudan\u00e7a na configura\u00e7\u00e3o antes da classifica\u00e7\u00e3o e o carro estava muito bom no in\u00edcio. Tivemos um ritmo forte no Q1 e no Q2, mas tentamos um plano de corrida diferente no Q3, mas n\u00e3o funcionou para n\u00f3s&#8221;, explicou.<\/p>\n\n\n\n<p class=\"wp-block-paragraph\">&#8220;A chuva entre as sess\u00f5es baixou a temperatura da pista e tivemos dificuldade para aquecer os pneus, comprometendo nossa \u00faltima tentativa no Q3&#8221;, continuou Albon.<\/p>\n\n\n\n<figure class=\"wp-block-image size-large\"><img decoding=\"async\" src=\"https:\/\/www.grandepremio.com\/br\/wp-content\/uploads\/2024\/06\/canada-2024-f1-classificacao-williams-alexander-albon-01-1200x800.jpg\" alt=\"\" class=\"wp-image-824643\"\/><figcaption class=\"wp-element-caption\">Alexander Albon larga em 10\u00ba, mas lamentou resultado em Montreal (Foto: Williams)<\/figcaption><\/figure>\n\n\n\n<p class=\"wp-block-paragraph\"><strong><img decoding=\"async\" src=\"https:\/\/a.slack-edge.com\/production-standard-emoji-assets\/14.0\/google-medium\/25b6-fe0f.png\" alt=\":seta_para_frente:\">&nbsp;Inscreva-se nos dois canais do GRANDE PR\u00caMIO no YouTube:&nbsp;<a href=\"https:\/\/www.youtube.com\/channel\/UC9OlHEgxoaY6QY6nWPoiqQg?sub_confirmation=1\" target=\"_blank\" rel=\"noreferrer noopener\">GP<\/a>&nbsp;|&nbsp;<a href=\"https:\/\/www.youtube.com\/channel\/UC9csiS6q_C3C0FYhyr1rnFA?sub_confirmation=1\" target=\"_blank\" rel=\"noreferrer noopener\">GP2<\/a><\/strong><br><strong><img decoding=\"async\" src=\"https:\/\/a.slack-edge.com\/production-standard-emoji-assets\/14.0\/google-medium\/25b6-fe0f.png\" alt=\":seta_para_frente:\">&nbsp;<a href=\"https:\/\/www.twitch.tv\/grandepremio\" target=\"_blank\" rel=\"noreferrer noopener\">Conhe\u00e7a o canal do GRANDE PR\u00caMIO na Twitch clicando aqui!<\/a><\/strong><\/p>\n\n\n\n<p class=\"wp-block-paragraph\">&#8220;Amanh\u00e3 ser\u00e1 desafiador ter duas Ferrari atr\u00e1s, mas tamb\u00e9m acho que conseguiremos brigar com a Aston Martin e RB. No geral, \u00e9 positivo ter duas participa\u00e7\u00f5es consecutivas no Q3 e acho que a chuva amanh\u00e3 criar\u00e1 boas oportunidades para n\u00f3s&#8221;, finalizou.<\/p>\n\n\n\n<p class=\"wp-block-paragraph\">O\u00a0<strong>GRANDE PR\u00caMIO<\/strong>\u00a0acompanha\u00a0<strong><a href=\"https:\/\/www.grandepremio.com\/br\/ao-vivo\/f1\/\" target=\"_blank\" rel=\"noreferrer noopener\">AO VIVO e EM\u00a0<\/a><a href=\"https:\/\/www.grandepremio.com\/br\/ao-vivo\/\" target=\"_blank\" rel=\"noreferrer noopener\">TEMPO REAL<\/a><\/strong>\u00a0todas as atividades do\u00a0<strong>GP do Canad\u00e1 de\u00a0<a href=\"https:\/\/www.grandepremio.com\/br\/f1\/\" target=\"_blank\" rel=\"noreferrer noopener\">F\u00f3rmula 1<\/a><\/strong>\u00a0e transmite classifica\u00e7\u00e3o e corrida em segunda tela, em parceria com a Voz do Esporte, na\u00a0<strong><a href=\"https:\/\/www.youtube.com\/c\/GrandePremioTV\/streams\" target=\"_blank\" rel=\"noreferrer noopener\">GPTV, o canal do GP no Youtube<\/a><\/strong>. Al\u00e9m disso, debate tudo que aconteceu na pista com o\u00a0<strong>Briefing<\/strong>\u00a0ap\u00f3s treinos livres e classifica\u00e7\u00e3o, al\u00e9m de antes e depois da corrida. No domingo (9),\u00a0<strong>a largada<\/strong>\u00a0acontece \u00e0s 15h.<\/p>\n\n\n\n<figure class=\"wp-block-embed is-type-video is-provider-youtube wp-block-embed-youtube wp-embed-aspect-16-9 wp-has-aspect-ratio\"><div class=\"wp-block-embed__wrapper\">\n<iframe loading=\"lazy\" title=\"EMPATE NA POLE! RUSSELL 1\u00ba COM MESMO TEMPO DE VERSTAPPEN!: CLASSIFICA\u00c7\u00c3O da F1 no CANAD\u00c1 | Briefing\" width=\"500\" height=\"281\" src=\"https:\/\/www.youtube.com\/embed\/H_wrO1en3jw?feature=oembed\" frameborder=\"0\" allow=\"accelerometer; autoplay; clipboard-write; encrypted-media; gyroscope; picture-in-picture; web-share\" referrerpolicy=\"strict-origin-when-cross-origin\" allowfullscreen><\/iframe>\n<\/div><\/figure>\n","protected":false},"excerpt":{"rendered":"<p>Alexander Albon revelou que a Williams teve dificuldades para lidar com a temperatura dos pneus ap\u00f3s r\u00e1pida chuva que caiu durante a classifica\u00e7\u00e3o para o GP do Canad\u00e1<\/p>\n","protected":false},"author":0,"featured_media":1000824366,"comment_status":"closed","ping_status":"closed","sticky":false,"template":"","format":"standard","meta":{"42wp_featured_image_caption":"","42wp_featured_image_credits":"","42wp_featured_video":"","42wp_featured_image_hidden":false,"42wp_authors_list":[],"footnotes":""},"categories":[2],"tags":[654,4924,5660,969,147,3230,642,160,180,30909,14357,39696,1491,30103,28285,4486,215],"42wp_author":[47160],"class_list":["post-74571","post","type-post","status-publish","format-standard","has-post-thumbnail","hentry","category-f1","tag-alexander-albon","tag-circuito-gilles-villeneuve","tag-classificacao","tag-corrida","tag-f1","tag-f1-2024","tag-f1-ao-vivo","tag-f1-tv","tag-formula-1","tag-formula-1-2024","tag-gp-do-canada","tag-gp-do-canada-2024","tag-grande-premio","tag-grande-premio-f1","tag-grandepremio","tag-montreal","tag-williams","42wp_author-vicente-soella"],"_links":{"self":[{"href":"https:\/\/grandepremio.com\/br\/wp-json\/wp\/v2\/posts\/74571","targetHints":{"allow":["GET"]}}],"collection":[{"href":"https:\/\/grandepremio.com\/br\/wp-json\/wp\/v2\/posts"}],"about":[{"href":"https:\/\/grandepremio.com\/br\/wp-json\/wp\/v2\/types\/post"}],"replies":[{"embeddable":true,"href":"https:\/\/grandepremio.com\/br\/wp-json\/wp\/v2\/comments?post=74571"}],"version-history":[{"count":0,"href":"https:\/\/grandepremio.com\/br\/wp-json\/wp\/v2\/posts\/74571\/revisions"}],"wp:featuredmedia":[{"embeddable":true,"href":"https:\/\/grandepremio.com\/br\/wp-json\/wp\/v2\/media\/1000824366"}],"wp:attachment":[{"href":"https:\/\/grandepremio.com\/br\/wp-json\/wp\/v2\/media?parent=74571"}],"wp:term":[{"taxonomy":"category","embeddable":true,"href":"https:\/\/grandepremio.com\/br\/wp-json\/wp\/v2\/categories?post=74571"},{"taxonomy":"post_tag","embeddable":true,"href":"https:\/\/grandepremio.com\/br\/wp-json\/wp\/v2\/tags?post=74571"},{"taxonomy":"42wp_author","embeddable":true,"href":"https:\/\/grandepremio.com\/br\/wp-json\/wp\/v2\/42wp_author?post=74571"}],"curies":[{"name":"wp","href":"https:\/\/api.w.org\/{rel}","templated":true}]}}