{"id":74583,"date":"2024-06-08T19:56:35","date_gmt":"2024-06-08T22:56:35","guid":{"rendered":"https:\/\/grandepremio.com\/br\/noticias\/yuki-tsunoda-cita-altos-e-baixos-comemora-8o-lugar-melhor-do-que-esperado-canada\/"},"modified":"2024-06-08T20:00:02","modified_gmt":"2024-06-08T23:00:02","slug":"yuki-tsunoda-cita-altos-e-baixos-comemora-8o-lugar-melhor-do-que-esperado-canada","status":"publish","type":"post","link":"https:\/\/grandepremio.com\/br\/f1\/yuki-tsunoda-cita-altos-e-baixos-comemora-8o-lugar-melhor-do-que-esperado-canada\/","title":{"rendered":"Tsunoda cita &#8220;altos e baixos&#8221; e comemora 8\u00ba lugar &#8220;melhor do que esperado&#8221; no Canad\u00e1"},"content":{"rendered":"\n<p class=\"wp-block-paragraph\">Ap\u00f3s o <a href=\"https:\/\/www.grandepremio.com\/br\/f1\/noticias\/rb-evita-novela-acerta-renovacao-mantem-yuki-tsunoda-grid-f1-2025\/\">an\u00fancio da renova\u00e7\u00e3o de contrato<\/a> com a <strong>RB<\/strong> (<strong>Visa Cash App RB<\/strong>) para a temporada 2025 da <strong>F\u00f3rmula 1<\/strong>, <strong>Yuki Tsunoda<\/strong> mostrou \u00f3timo desempenho ao longo das tr\u00eas partes da classifica\u00e7\u00e3o deste s\u00e1bado (8) e <a href=\"https:\/\/www.grandepremio.com\/br\/f1\/noticias\/0-000-george-russell-pole-position-mesmo-tempo-max-verstappen-gp-canada\/\">garantiu o oitavo posto no grid de largada<\/a> para o <strong>GP do Canad\u00e1<\/strong>.<\/p>\n\n\n\n<p class=\"wp-block-paragraph\">O pupilo da <strong>Honda<\/strong> foi o segundo piloto mais r\u00e1pido no Q1, o quarto no Q2 e, por fim, cravou 1min12s414 para colocar a <strong>VCARB 01 #22<\/strong> na quarta fila do grid ao lado de <strong>Lewis Hamilton<\/strong>, da <strong>Mercedes<\/strong>. Apesar da boa performance apresentada pelo time de Faenza desde as primeiras atividades do fim de semana \u2014 principalmente com <strong>Daniel Ricciardo<\/strong>, que larga em quinto \u2014, Tsunoda admitiu que o resultado foi inesperado.<\/p>\n\n\n\n<p class=\"wp-block-paragraph\">&#8220;A classifica\u00e7\u00e3o foi boa e estou feliz pela equipe. Provavelmente melhor do que o esperado&#8221;, disse o japon\u00eas ap\u00f3s a classifica\u00e7\u00e3o. &#8220;Sofri muito durante os treinos livres, mas consegui dar a volta por cima&#8221;, continuou.<\/p>\n\n\n\n<p class=\"wp-block-paragraph\">&#8220;Foi bom chegar ao Q3, mas ao mesmo tempo, infelizmente, sofri com uma rajada de vento na curva 5 e perdi muito tempo de volta por causa disso. De qualquer maneira, consegui chegar ao Q3 e estou animado para amanh\u00e3. S\u00f3 precisamos manter o foco&#8221;, acrescentou Tsunoda.<\/p>\n\n\n\n<figure class=\"wp-block-image size-large\"><img decoding=\"async\" src=\"https:\/\/www.grandepremio.com\/br\/wp-content\/uploads\/2024\/06\/canada-2024-f1-treino-livre-rb-yuki-tsunoda-01-1-1200x800.jpg\" alt=\"\" class=\"wp-image-824392\"\/><figcaption class=\"wp-element-caption\">Yuki Tsunoda larga em 8\u00ba no GP do Canad\u00e1 (Foto: Red Bull Content Pool)<\/figcaption><\/figure>\n\n\n\n<p class=\"wp-block-paragraph\"><strong><img decoding=\"async\" src=\"https:\/\/a.slack-edge.com\/production-standard-emoji-assets\/14.0\/google-medium\/25b6-fe0f.png\" alt=\":seta_para_frente:\">&nbsp;Inscreva-se nos dois canais do GRANDE PR\u00caMIO no YouTube:&nbsp;<a href=\"https:\/\/www.youtube.com\/channel\/UC9OlHEgxoaY6QY6nWPoiqQg?sub_confirmation=1\" target=\"_blank\" rel=\"noreferrer noopener\">GP<\/a>&nbsp;|&nbsp;<a href=\"https:\/\/www.youtube.com\/channel\/UC9csiS6q_C3C0FYhyr1rnFA?sub_confirmation=1\" target=\"_blank\" rel=\"noreferrer noopener\">GP2<\/a><\/strong><br><strong><img decoding=\"async\" src=\"https:\/\/a.slack-edge.com\/production-standard-emoji-assets\/14.0\/google-medium\/25b6-fe0f.png\" alt=\":seta_para_frente:\">&nbsp;<a href=\"https:\/\/www.twitch.tv\/grandepremio\" target=\"_blank\" rel=\"noreferrer noopener\">Conhe\u00e7a o canal do GRANDE PR\u00caMIO na Twitch clicando aqui!<\/a><\/strong><\/p>\n\n\n\n<p class=\"wp-block-paragraph\">&#8220;Vamos tentar conquistar alguns pontos amanh\u00e3, mas vamos ver. At\u00e9 o momento, o fim de semana tem sido muito bom. Muitos altos e baixos, momentos dif\u00edceis nos treinos livres, mas \u00e9 sempre bom conseguir se recuperar desta maneira&#8221;, declarou Yuki, que n\u00e3o perdeu a oportunidade para comemorar mais uma vez o novo acordo assinado com a esquadra comandada por <strong>Laurent Mekies<\/strong>. <\/p>\n\n\n\n<p class=\"wp-block-paragraph\">&#8220;Estou animado para continuar fazendo parte deste grande projeto. Demos passos importantes desde o ano passado, e 2024, at\u00e9 aqui, tem sido fant\u00e1stico. S\u00f3 precisamos nos manter assim e procurar ser melhor na pr\u00f3xima temporada&#8221;, finalizou Tsunoda.<\/p>\n\n\n\n<p class=\"wp-block-paragraph\">O\u00a0<strong>GRANDE PR\u00caMIO<\/strong>\u00a0acompanha\u00a0<strong><a href=\"https:\/\/www.grandepremio.com\/br\/ao-vivo\/f1\/\" target=\"_blank\" rel=\"noreferrer noopener\">AO VIVO e EM\u00a0<\/a><a href=\"https:\/\/www.grandepremio.com\/br\/ao-vivo\/\" target=\"_blank\" rel=\"noreferrer noopener\">TEMPO REAL<\/a><\/strong>\u00a0todas as atividades do\u00a0<strong>GP do Canad\u00e1 de\u00a0<a href=\"https:\/\/www.grandepremio.com\/br\/f1\/\" target=\"_blank\" rel=\"noreferrer noopener\">F\u00f3rmula 1<\/a><\/strong>\u00a0e transmite classifica\u00e7\u00e3o e corrida em segunda tela, em parceria com a Voz do Esporte, na\u00a0<strong><a href=\"https:\/\/www.youtube.com\/c\/GrandePremioTV\/streams\" target=\"_blank\" rel=\"noreferrer noopener\">GPTV, o canal do GP no Youtube<\/a><\/strong>. Al\u00e9m disso, debate tudo que aconteceu na pista com o\u00a0<strong>Briefing<\/strong>\u00a0ap\u00f3s treinos livres e classifica\u00e7\u00e3o, al\u00e9m de antes e depois da corrida. No domingo (9),\u00a0<strong>a largada<\/strong>\u00a0acontece \u00e0s 15h.<\/p>\n\n\n\n<figure class=\"wp-block-embed is-type-video is-provider-youtube wp-block-embed-youtube wp-embed-aspect-16-9 wp-has-aspect-ratio\"><div class=\"wp-block-embed__wrapper\">\n<iframe loading=\"lazy\" title=\"EMPATE NA POLE! RUSSELL 1\u00ba COM MESMO TEMPO DE VERSTAPPEN!: CLASSIFICA\u00c7\u00c3O da F1 no CANAD\u00c1 | Briefing\" width=\"500\" height=\"281\" src=\"https:\/\/www.youtube.com\/embed\/H_wrO1en3jw?feature=oembed\" frameborder=\"0\" allow=\"accelerometer; autoplay; clipboard-write; encrypted-media; gyroscope; picture-in-picture; web-share\" referrerpolicy=\"strict-origin-when-cross-origin\" allowfullscreen><\/iframe>\n<\/div><\/figure>\n","protected":false},"excerpt":{"rendered":"<p>Yuki Tsunoda comemorou &#8220;volta por cima&#8221; ap\u00f3s sexta-feira (7) ruim e admitiu que espera &#8220;conquistar alguns pontos&#8221; no GP do Canad\u00e1<\/p>\n","protected":false},"author":0,"featured_media":1000823780,"comment_status":"closed","ping_status":"closed","sticky":false,"template":"","format":"standard","meta":{"42wp_featured_image_caption":"","42wp_featured_image_credits":"","42wp_featured_video":"","42wp_featured_image_hidden":false,"42wp_authors_list":[],"footnotes":""},"categories":[2],"tags":[27776,34186,27487,35624,37759,4924,5660,8235,37760,969,147,3230,642,11958,160,37761,180,30909,14357,39696,1491,30103,28285,4486,39061,597],"42wp_author":[47160],"class_list":["post-74583","post","type-post","status-publish","format-standard","has-post-thumbnail","hentry","category-f1","tag-assistir-f1-ao-vivo","tag-assistir-f1-gratis","tag-assistir-f1-online","tag-calendario-f1-2024","tag-calendario-f1-2024-horarios","tag-circuito-gilles-villeneuve","tag-classificacao","tag-classificacao-da-f1","tag-classificacao-f1-2024","tag-corrida","tag-f1","tag-f1-2024","tag-f1-ao-vivo","tag-f1-live","tag-f1-tv","tag-f1-tv-2024","tag-formula-1","tag-formula-1-2024","tag-gp-do-canada","tag-gp-do-canada-2024","tag-grande-premio","tag-grande-premio-f1","tag-grandepremio","tag-montreal","tag-rb-2","tag-yuki-tsunoda","42wp_author-vicente-soella"],"_links":{"self":[{"href":"https:\/\/grandepremio.com\/br\/wp-json\/wp\/v2\/posts\/74583","targetHints":{"allow":["GET"]}}],"collection":[{"href":"https:\/\/grandepremio.com\/br\/wp-json\/wp\/v2\/posts"}],"about":[{"href":"https:\/\/grandepremio.com\/br\/wp-json\/wp\/v2\/types\/post"}],"replies":[{"embeddable":true,"href":"https:\/\/grandepremio.com\/br\/wp-json\/wp\/v2\/comments?post=74583"}],"version-history":[{"count":0,"href":"https:\/\/grandepremio.com\/br\/wp-json\/wp\/v2\/posts\/74583\/revisions"}],"wp:featuredmedia":[{"embeddable":true,"href":"https:\/\/grandepremio.com\/br\/wp-json\/wp\/v2\/media\/1000823780"}],"wp:attachment":[{"href":"https:\/\/grandepremio.com\/br\/wp-json\/wp\/v2\/media?parent=74583"}],"wp:term":[{"taxonomy":"category","embeddable":true,"href":"https:\/\/grandepremio.com\/br\/wp-json\/wp\/v2\/categories?post=74583"},{"taxonomy":"post_tag","embeddable":true,"href":"https:\/\/grandepremio.com\/br\/wp-json\/wp\/v2\/tags?post=74583"},{"taxonomy":"42wp_author","embeddable":true,"href":"https:\/\/grandepremio.com\/br\/wp-json\/wp\/v2\/42wp_author?post=74583"}],"curies":[{"name":"wp","href":"https:\/\/api.w.org\/{rel}","templated":true}]}}