{"id":74592,"date":"2024-06-08T19:39:41","date_gmt":"2024-06-08T22:39:41","guid":{"rendered":"https:\/\/grandepremio.com\/br\/noticias\/lewis-hamilton-culpa-aderencia-7o-lugar-grid-canada-nada-no-carro-foi-alterado\/"},"modified":"2024-06-08T19:39:50","modified_gmt":"2024-06-08T22:39:50","slug":"lewis-hamilton-culpa-aderencia-7o-lugar-grid-canada-nada-no-carro-foi-alterado","status":"publish","type":"post","link":"https:\/\/grandepremio.com\/br\/f1\/lewis-hamilton-culpa-aderencia-7o-lugar-grid-canada-nada-no-carro-foi-alterado\/","title":{"rendered":"Hamilton culpa ader\u00eancia por 7\u00ba lugar no grid do Canad\u00e1: &#8220;Nada no carro foi alterado&#8221;"},"content":{"rendered":"\n<p class=\"wp-block-paragraph\"><strong>Lewis Hamilton<\/strong> se colocou como um dos candidatos \u00e0 pole at\u00e9 os minutos finais do Q3, mas acabou ficando apenas com o s\u00e9timo lugar na classifica\u00e7\u00e3o do <strong>GP do Canad\u00e1<\/strong>, <a href=\"https:\/\/www.grandepremio.com\/br\/f1\/noticias\/0-000-george-russell-pole-position-mesmo-tempo-max-verstappen-gp-canada\/\">que aconteceu na tarde deste s\u00e1bado (8<\/a>). O resultado abaixo do esperado teve rela\u00e7\u00e3o com a falta de ader\u00eancia nos \u00faltimos minutos da sess\u00e3o. Apesar de ter perdido rendimento, o heptacampe\u00e3o fez quest\u00e3o de garantir que n\u00e3o fez nenhuma altera\u00e7\u00e3o na configura\u00e7\u00e3o do <strong>W15<\/strong>.<\/p>\n\n\n\n<p class=\"wp-block-paragraph\">Hamilton liderou o TL3 do GP do Canad\u00e1 com certa tranquilidade e se colocou nas posi\u00e7\u00f5es de ponta durante o Q1 e o Q2 da classifica\u00e7\u00e3o. O #44 apareceu como um dos candidatos \u00e0 pole at\u00e9 concluir a primeira tentativa de volta r\u00e1pida no Q3. Por\u00e9m, n\u00e3o conseguiu melhorar a pr\u00f3pria marca, foi superado pelos rivais e vai largar apenas de s\u00e9timo no domingo.<\/p>\n\n\n\n<p class=\"wp-block-paragraph\">\u201cO carro ficou \u00f3timo durante todo o fim de semana, mas simplesmente fiquei sem ader\u00eancia na parte final. Estava em terceiro, tinha bastante ritmo, mas depois os pneus n\u00e3o funcionaram. Nada no carro foi alterado\u201d, garantiu Hamilton.<\/p>\n\n\n\n<p class=\"wp-block-paragraph\">Apesar de Lewis ter ficado com um resultado abaixo do esperado, <strong>George Russell<\/strong> conseguiu a primeira pole da <strong>Mercedes <\/strong>no ao cravar 1min12s000. <strong>Max Verstappen<\/strong> at\u00e9 registrou o mesmo tempo do brit\u00e2nico, mas o #63 ficou com a posi\u00e7\u00e3o de honra por ter feito a volta antes. Hamilton parabenizou o companheiro.<\/p>\n\n\n\n<figure class=\"wp-block-image size-large\"><img decoding=\"async\" src=\"https:\/\/www.grandepremio.com\/br\/wp-content\/uploads\/2024\/06\/canada-2024-f1-classificacao-mercedes-lewis-hamilton-03-1200x800.jpg\" alt=\"\" class=\"wp-image-824659\"\/><figcaption class=\"wp-element-caption\">Lewis Hamilton perdeu a ader\u00eancia durante a classifica\u00e7\u00e3o no Canad\u00e1 (Foto: Mercedes)<\/figcaption><\/figure>\n\n\n\n<p class=\"wp-block-paragraph\">\u201cEm primeiro lugar, parab\u00e9ns ao George pelo excelente trabalho. \u00c9 algo \u00f3timo para a equipe. Obviamente, todos trabalharam duro para trazer as atualiza\u00e7\u00f5es de volta \u00e0 f\u00e1brica, ent\u00e3o isso ser\u00e1 uma grande motiva\u00e7\u00e3o para todos na f\u00e1brica\u201d, finalizou.<\/p>\n\n\n\n<p class=\"wp-block-paragraph\">O\u00a0<strong>GRANDE PR\u00caMIO<\/strong>\u00a0acompanha\u00a0<strong><a href=\"https:\/\/www.grandepremio.com\/br\/ao-vivo\/f1\/\" target=\"_blank\" rel=\"noreferrer noopener\">AO VIVO e EM\u00a0<\/a><a href=\"https:\/\/www.grandepremio.com\/br\/ao-vivo\/\" target=\"_blank\" rel=\"noreferrer noopener\">TEMPO REAL<\/a><\/strong>\u00a0todas as atividades do\u00a0<strong>GP do Canad\u00e1 de\u00a0<a href=\"https:\/\/www.grandepremio.com\/br\/f1\/\" target=\"_blank\" rel=\"noreferrer noopener\">F\u00f3rmula 1<\/a><\/strong>\u00a0e transmite classifica\u00e7\u00e3o e corrida em segunda tela, em parceria com a Voz do Esporte, na\u00a0<strong><a href=\"https:\/\/www.youtube.com\/c\/GrandePremioTV\/streams\" target=\"_blank\" rel=\"noreferrer noopener\">GPTV, o canal do GP no Youtube<\/a><\/strong>. Al\u00e9m disso, debate tudo que aconteceu na pista com o\u00a0<strong>Briefing<\/strong>\u00a0ap\u00f3s treinos livres e classifica\u00e7\u00e3o, al\u00e9m de antes e depois da corrida. No domingo (9),\u00a0<strong>a largada<\/strong>\u00a0acontece \u00e0s 15h.<\/p>\n\n\n\n<p class=\"wp-block-paragraph\"><strong><img decoding=\"async\" src=\"https:\/\/a.slack-edge.com\/production-standard-emoji-assets\/14.0\/google-medium\/25b6-fe0f.png\" alt=\":seta_para_frente:\">\u00a0Inscreva-se nos dois canais do GRANDE PR\u00caMIO no YouTube:\u00a0<a href=\"https:\/\/www.youtube.com\/channel\/UC9OlHEgxoaY6QY6nWPoiqQg?sub_confirmation=1\" target=\"_blank\" rel=\"noreferrer noopener\">GP<\/a>\u00a0|\u00a0<a href=\"https:\/\/www.youtube.com\/channel\/UC9csiS6q_C3C0FYhyr1rnFA?sub_confirmation=1\" target=\"_blank\" rel=\"noreferrer noopener\">GP2<\/a><\/strong><br><strong><img decoding=\"async\" src=\"https:\/\/a.slack-edge.com\/production-standard-emoji-assets\/14.0\/google-medium\/25b6-fe0f.png\" alt=\":seta_para_frente:\">\u00a0<a href=\"https:\/\/www.twitch.tv\/grandepremio\" target=\"_blank\" rel=\"noreferrer noopener\">Conhe\u00e7a o canal do GRANDE PR\u00caMIO na Twitch clicando aqui!<\/a><\/strong><\/p>\n\n\n\n<figure class=\"wp-block-embed is-type-video is-provider-youtube wp-block-embed-youtube wp-embed-aspect-16-9 wp-has-aspect-ratio\"><div class=\"wp-block-embed__wrapper\">\n<iframe loading=\"lazy\" title=\"EMPATE NA POLE! RUSSELL 1\u00ba COM MESMO TEMPO DE VERSTAPPEN!: CLASSIFICA\u00c7\u00c3O da F1 no CANAD\u00c1 | Briefing\" width=\"500\" height=\"281\" src=\"https:\/\/www.youtube.com\/embed\/H_wrO1en3jw?feature=oembed\" frameborder=\"0\" allow=\"accelerometer; autoplay; clipboard-write; encrypted-media; gyroscope; picture-in-picture; web-share\" referrerpolicy=\"strict-origin-when-cross-origin\" allowfullscreen><\/iframe>\n<\/div><\/figure>\n","protected":false},"excerpt":{"rendered":"<p>Lewis Hamilton, que come\u00e7ou a classifica\u00e7\u00e3o como um dos candidatos \u00e0 pole, mas viu a ader\u00eancia desaparecer nos minutos finais do Q3. Por isso, teve de se contentar com o s\u00e9timo lugar<\/p>\n","protected":false},"author":0,"featured_media":1000824551,"comment_status":"closed","ping_status":"closed","sticky":false,"template":"","format":"standard","meta":{"42wp_featured_image_caption":"","42wp_featured_image_credits":"","42wp_featured_video":"","42wp_featured_image_hidden":false,"42wp_authors_list":[],"footnotes":""},"categories":[2],"tags":[25053,147,3230,39757,800,14357,1491,28285,2810,33596,87,82,30847],"42wp_author":[47149],"class_list":["post-74592","post","type-post","status-publish","format-standard","has-post-thumbnail","hentry","category-f1","tag-canada","tag-f1","tag-f1-2024","tag-f1-no-canada","tag-george-russell","tag-gp-do-canada","tag-grande-premio","tag-grandepremio","tag-hamilton","tag-hamilton-mercedes","tag-lewis-hamilton","tag-mercedes","tag-russell","42wp_author-bernardo-castro"],"_links":{"self":[{"href":"https:\/\/grandepremio.com\/br\/wp-json\/wp\/v2\/posts\/74592","targetHints":{"allow":["GET"]}}],"collection":[{"href":"https:\/\/grandepremio.com\/br\/wp-json\/wp\/v2\/posts"}],"about":[{"href":"https:\/\/grandepremio.com\/br\/wp-json\/wp\/v2\/types\/post"}],"replies":[{"embeddable":true,"href":"https:\/\/grandepremio.com\/br\/wp-json\/wp\/v2\/comments?post=74592"}],"version-history":[{"count":0,"href":"https:\/\/grandepremio.com\/br\/wp-json\/wp\/v2\/posts\/74592\/revisions"}],"wp:featuredmedia":[{"embeddable":true,"href":"https:\/\/grandepremio.com\/br\/wp-json\/wp\/v2\/media\/1000824551"}],"wp:attachment":[{"href":"https:\/\/grandepremio.com\/br\/wp-json\/wp\/v2\/media?parent=74592"}],"wp:term":[{"taxonomy":"category","embeddable":true,"href":"https:\/\/grandepremio.com\/br\/wp-json\/wp\/v2\/categories?post=74592"},{"taxonomy":"post_tag","embeddable":true,"href":"https:\/\/grandepremio.com\/br\/wp-json\/wp\/v2\/tags?post=74592"},{"taxonomy":"42wp_author","embeddable":true,"href":"https:\/\/grandepremio.com\/br\/wp-json\/wp\/v2\/42wp_author?post=74592"}],"curies":[{"name":"wp","href":"https:\/\/api.w.org\/{rel}","templated":true}]}}