{"id":74633,"date":"2024-06-08T16:44:44","date_gmt":"2024-06-08T19:44:44","guid":{"rendered":"https:\/\/grandepremio.com\/br\/noticias\/haas-prepara-anuncio-contratacao-oliver-bearman-para-temporada-2025-formula-1\/"},"modified":"2024-06-08T16:55:32","modified_gmt":"2024-06-08T19:55:32","slug":"haas-prepara-anuncio-contratacao-oliver-bearman-para-temporada-2025-formula-1","status":"publish","type":"post","link":"https:\/\/grandepremio.com\/br\/f1\/haas-prepara-anuncio-contratacao-oliver-bearman-para-temporada-2025-formula-1\/","title":{"rendered":"Haas prepara an\u00fancio de contrata\u00e7\u00e3o de Bearman para temporada 2025 da F\u00f3rmula 1"},"content":{"rendered":"\n<p class=\"wp-block-paragraph\">E o mercado de pilotos da <strong>F\u00f3rmula 1<\/strong> para a temporada 2025 continua a todo vapor. Ap\u00f3s a <strong>Alpine<\/strong> <a href=\"https:\/\/www.grandepremio.com\/br\/f1\/noticias\/alpine-anuncia-saida-esteban-ocon-fim-temporada-2024-formula-1\/\">anunciar a sa\u00edda de<\/a> <strong>Esteban Ocon<\/strong> ao fim do atual certame, o nome da vez agora \u00e9 o de <strong>Oliver Bearman<\/strong>. De acordo com informa\u00e7\u00f5es divulgadas nestes s\u00e1bado (8) pelo jornal brit\u00e2nico <em>Daily Mail<\/em>, o jovem de apenas 19 anos j\u00e1 tem contrato assinado para assumir um dos assentos na <strong>Haas<\/strong>.<\/p>\n\n\n\n<p class=\"wp-block-paragraph\">Competindo em sua segunda temporada na <strong>F\u00f3rmula 2<\/strong>, Bearman pagou o pre\u00e7o pelo in\u00edcio de ano ruim da <strong>Prema<\/strong>, que ainda est\u00e1 aprendendo a lidar com o acerto da nova gera\u00e7\u00e3o de carros da principal categoria de acesso. Apenas 13\u00ba na classifica\u00e7\u00e3o, o pupilo da <strong>Ferrari<\/strong> mostrou sinais de rea\u00e7\u00e3o no <strong>GP de M\u00f4naco<\/strong>, quando cruzou a linha de chegada na quarta coloca\u00e7\u00e3o \u2014 resultado que deixou o jovem <a href=\"https:\/\/www.grandepremio.com\/br\/f2\/noticias\/oliver-bearman-mantem-altas-esperancas-f2-2024-monaco-objetivo-f1\/\">animado para o futuro<\/a>.<\/p>\n\n\n\n<p class=\"wp-block-paragraph\">Diferentemente dos demais 21 pilotos do grid, por\u00e9m, Ollie n\u00e3o p\u00f4de competir no fim de semana do <strong>GP da Ar\u00e1bia Saudita<\/strong>, pois foi escalado de \u00faltima hora para substituir <strong>Carlos Sainz<\/strong>, que teve de se ausentar para tratar de uma apendicite. Mesmo com tempo de pista extremamente limitado para se habituar \u00e0 <strong>SF-24<\/strong>, o brit\u00e2nico conseguiu terminar a prova em s\u00e9timo, somando seis pontos valiosos para o time de Maranello na disputa do Mundial de Construtores.<\/p>\n\n\n\n<p class=\"wp-block-paragraph\">Impressionado com o desempenho do jovem em <strong>Jed\u00e1<\/strong>, <strong>Fr\u00e9d\u00e9ric Vasseur<\/strong> garantiu a participa\u00e7\u00e3o de Bearman <a href=\"https:\/\/www.grandepremio.com\/br\/f1\/noticias\/ferrari-confirma-participacao-oliver-bearman-treinos-livres-f1-volante-sf-24\/\">em alguns treinos livres a bordo do b\u00f3lido vermelho<\/a> ao longo de 2024. Antes disso, no entanto, a Haas \u2014 equipe cliente da Ferrari \u2014 j\u00e1 havia confirmado a presen\u00e7a de Oliver em seis TLs para assumir o volante do <strong>VF-24<\/strong>. Inclusive, o companheiro de equipe de <strong>Andrea Kimi Antonelli<\/strong> se tornou o principal candidato \u00e0 vaga de <strong>Nico H\u00fclkenberg<\/strong> depois que o alem\u00e3o <a href=\"https:\/\/www.grandepremio.com\/br\/f1\/noticias\/nico-hulkenberg-faz-acordo-multianual-audi-corre-sauber-temporada-2025-f1\/\">anunciou a sa\u00edda para a<\/a> <strong>Sauber<\/strong>.<\/p>\n\n\n\n<figure class=\"wp-block-image size-full\"><img decoding=\"async\" src=\"https:\/\/www.grandepremio.com\/br\/wp-content\/uploads\/2024\/06\/Oliver-Bearman-em-Monaco3.jpg\" alt=\"\" class=\"wp-image-822939\"\/><figcaption class=\"wp-element-caption\">Oliver Bearman assume uma das vagas na Haas em 2025 (Foto: Prema)<\/figcaption><\/figure>\n\n\n\n<p class=\"wp-block-paragraph\"><strong><img decoding=\"async\" src=\"https:\/\/a.slack-edge.com\/production-standard-emoji-assets\/14.0\/google-medium\/25b6-fe0f.png\" alt=\":seta_para_frente:\">&nbsp;Inscreva-se nos dois canais do GRANDE PR\u00caMIO no YouTube:&nbsp;<a href=\"https:\/\/www.youtube.com\/channel\/UC9OlHEgxoaY6QY6nWPoiqQg?sub_confirmation=1\" target=\"_blank\" rel=\"noreferrer noopener\">GP<\/a>&nbsp;|&nbsp;<a href=\"https:\/\/www.youtube.com\/channel\/UC9csiS6q_C3C0FYhyr1rnFA?sub_confirmation=1\" target=\"_blank\" rel=\"noreferrer noopener\">GP2<\/a><\/strong><br><strong><img decoding=\"async\" src=\"https:\/\/a.slack-edge.com\/production-standard-emoji-assets\/14.0\/google-medium\/25b6-fe0f.png\" alt=\":seta_para_frente:\">&nbsp;<a href=\"https:\/\/www.twitch.tv\/grandepremio\" target=\"_blank\" rel=\"noreferrer noopener\">Conhe\u00e7a o canal do GRANDE PR\u00caMIO na Twitch clicando aqui!<\/a><\/strong><\/p>\n\n\n\n<p class=\"wp-block-paragraph\">Ap\u00f3s muitas especula\u00e7\u00f5es, Bearman assinou contrato com o time norte-americano para 2025, embora as partes tenham preferido n\u00e3o anunciar nada por enquanto, de acordo com o Daily Mail. Caso realmente assuma um dos cockpits na esquadra liderada por <strong>Ayao Komatsu<\/strong>, Oliver se torna o quarto brit\u00e2nico do grid ao lado de <strong>Lewis Hamilton<\/strong>, <strong>George Russell<\/strong> e <strong>Lando Norris<\/strong>.<\/p>\n\n\n\n<p class=\"wp-block-paragraph\">Ainda com base nas informa\u00e7\u00f5es do jornal ingl\u00eas, o sal\u00e1rio do piloto de Essex foi negociado em um valor entre \u00a3 250.000,00 e \u00a3 300.000,00 (aproximadamente R$ 1,7 milh\u00e3o e R$ 2,04 milh\u00f5es na cota\u00e7\u00e3o do dia). No entanto, caso fa\u00e7a uma boa temporada de estreia, a Haas estaria disposta a dobrar o valor recebido por Bearman para 2026.<\/p>\n\n\n\n<p class=\"wp-block-paragraph\">O\u00a0<strong>GRANDE PR\u00caMIO<\/strong>\u00a0acompanha\u00a0<strong><a href=\"https:\/\/www.grandepremio.com\/br\/ao-vivo\/f1\/\" target=\"_blank\" rel=\"noreferrer noopener\">AO VIVO e EM\u00a0<\/a><a href=\"https:\/\/www.grandepremio.com\/br\/ao-vivo\/\" target=\"_blank\" rel=\"noreferrer noopener\">TEMPO REAL<\/a><\/strong>\u00a0todas as atividades do\u00a0<strong>GP do Canad\u00e1 de\u00a0<a href=\"https:\/\/www.grandepremio.com\/br\/f1\/\" target=\"_blank\" rel=\"noreferrer noopener\">F\u00f3rmula 1<\/a><\/strong>\u00a0e transmite classifica\u00e7\u00e3o e corrida em segunda tela, em parceria com a Voz do Esporte, na\u00a0<strong><a href=\"https:\/\/www.youtube.com\/c\/GrandePremioTV\/streams\" target=\"_blank\" rel=\"noreferrer noopener\">GPTV, o canal do GP no Youtube<\/a><\/strong>. Al\u00e9m disso, debate tudo que aconteceu na pista com o\u00a0<strong>Briefing<\/strong>\u00a0ap\u00f3s treinos livres e classifica\u00e7\u00e3o, al\u00e9m de antes e depois da corrida. No s\u00e1bado (8), a\u00a0<strong>classifica\u00e7\u00e3o<\/strong>\u00a0est\u00e1 marcada para as 17h. Por fim,\u00a0<strong>a largada<\/strong>\u00a0acontece \u00e0s 15h do domingo.<\/p>\n\n\n\n<figure class=\"wp-block-embed is-type-rich is-provider-incorporar-manipulador wp-block-embed-incorporar-manipulador wp-embed-aspect-16-9 wp-has-aspect-ratio\"><div class=\"wp-block-embed__wrapper\">\n<iframe loading=\"lazy\" title=\"Cerco est\u00e1 se fechando e, afinal, PARA ONDE VAI Carlos Sainz? | GP \u00e0s 10\" width=\"500\" height=\"281\" src=\"https:\/\/www.youtube.com\/embed\/HlIU2n_U0ow?feature=oembed\" frameborder=\"0\" allow=\"accelerometer; autoplay; clipboard-write; encrypted-media; gyroscope; picture-in-picture; web-share\" referrerpolicy=\"strict-origin-when-cross-origin\" allowfullscreen><\/iframe>\n<\/div><\/figure>\n","protected":false},"excerpt":{"rendered":"<p>De acordo com o jornal ingl\u00eas Daily Mail, Oliver Bearman j\u00e1 assinou contrato para assumir uma das vagas dispon\u00edveis na Haas para 2025<\/p>\n","protected":false},"author":0,"featured_media":1000785932,"comment_status":"closed","ping_status":"closed","sticky":false,"template":"","format":"standard","meta":{"42wp_featured_image_caption":"","42wp_featured_image_credits":"","42wp_featured_video":"","42wp_featured_image_hidden":false,"42wp_authors_list":[],"footnotes":""},"categories":[2],"tags":[4924,5660,969,147,3230,642,160,207,180,30909,14357,39696,1491,30103,28285,119,29923],"42wp_author":[47160],"class_list":["post-74633","post","type-post","status-publish","format-standard","has-post-thumbnail","hentry","category-f1","tag-circuito-gilles-villeneuve","tag-classificacao","tag-corrida","tag-f1","tag-f1-2024","tag-f1-ao-vivo","tag-f1-tv","tag-ferrari","tag-formula-1","tag-formula-1-2024","tag-gp-do-canada","tag-gp-do-canada-2024","tag-grande-premio","tag-grande-premio-f1","tag-grandepremio","tag-haas","tag-oliver-bearman","42wp_author-vicente-soella"],"_links":{"self":[{"href":"https:\/\/grandepremio.com\/br\/wp-json\/wp\/v2\/posts\/74633","targetHints":{"allow":["GET"]}}],"collection":[{"href":"https:\/\/grandepremio.com\/br\/wp-json\/wp\/v2\/posts"}],"about":[{"href":"https:\/\/grandepremio.com\/br\/wp-json\/wp\/v2\/types\/post"}],"replies":[{"embeddable":true,"href":"https:\/\/grandepremio.com\/br\/wp-json\/wp\/v2\/comments?post=74633"}],"version-history":[{"count":0,"href":"https:\/\/grandepremio.com\/br\/wp-json\/wp\/v2\/posts\/74633\/revisions"}],"wp:featuredmedia":[{"embeddable":true,"href":"https:\/\/grandepremio.com\/br\/wp-json\/wp\/v2\/media\/1000785932"}],"wp:attachment":[{"href":"https:\/\/grandepremio.com\/br\/wp-json\/wp\/v2\/media?parent=74633"}],"wp:term":[{"taxonomy":"category","embeddable":true,"href":"https:\/\/grandepremio.com\/br\/wp-json\/wp\/v2\/categories?post=74633"},{"taxonomy":"post_tag","embeddable":true,"href":"https:\/\/grandepremio.com\/br\/wp-json\/wp\/v2\/tags?post=74633"},{"taxonomy":"42wp_author","embeddable":true,"href":"https:\/\/grandepremio.com\/br\/wp-json\/wp\/v2\/42wp_author?post=74633"}],"curies":[{"name":"wp","href":"https:\/\/api.w.org\/{rel}","templated":true}]}}