{"id":74705,"date":"2024-06-07T21:41:23","date_gmt":"2024-06-08T00:41:23","guid":{"rendered":"https:\/\/grandepremio.com\/br\/noticias\/lando-norris-avalia-primeiro-passo-razoavel-mclaren-apos-dia-complicado-canada\/"},"modified":"2024-06-08T00:13:57","modified_gmt":"2024-06-08T03:13:57","slug":"lando-norris-avalia-primeiro-passo-razoavel-mclaren-apos-dia-complicado-canada","status":"publish","type":"post","link":"https:\/\/grandepremio.com\/br\/f1\/lando-norris-avalia-primeiro-passo-razoavel-mclaren-apos-dia-complicado-canada\/","title":{"rendered":"Norris avalia &#8220;primeiro passo razo\u00e1vel&#8221; da McLaren ap\u00f3s dia &#8220;complicado&#8221; no Canad\u00e1"},"content":{"rendered":"\n<p class=\"wp-block-paragraph\"><strong>Lando Norris<\/strong> seguiu um <a href=\"https:\/\/www.grandepremio.com\/br\/f1\/noticias\/mclaren-diz-impossivel-avaliar-ordem-forcas-apos-treinos-chuvosos-canada\/\">discurso muito parecido com o de<\/a> <strong>Zak Brown<\/strong>, CEO da <strong>McLaren<\/strong>, e afirmou que \u00e9 dif\u00edcil saber qual \u00e9 a real situa\u00e7\u00e3o do time de Woking para o <strong>GP do Canad\u00e1<\/strong> ap\u00f3s as atividades desta sexta-feira (7), j\u00e1 que as condi\u00e7\u00f5es clim\u00e1ticas chuvosas \u2014 com <a href=\"https:\/\/www.grandepremio.com\/br\/f1\/noticias\/tempestade-granizo-desaba-montreal-instantes-antes-ameaca-tl1-gp-canada\/\">direito a granizo antes do primeiro treino livre<\/a> \u2014 deixaram tudo muito mais complicado para as equipes.<\/p>\n\n\n\n<p class=\"wp-block-paragraph\">O brit\u00e2nico at\u00e9 <a href=\"https:\/\/www.grandepremio.com\/br\/f1\/noticias\/lando-norris-bate-ferrari-lidera-tl1-gp-canada-prejudicado-chuva-granizo\/\">foi o mais r\u00e1pido no TL1<\/a>, quando cravou 1min24s435 ap\u00f3s apenas oito voltas completadas no circuito <strong>Gilles Villeneuve<\/strong> \u2014 embora o resultado n\u00e3o seja nada representativo. Apesar de mais giros terem sido conclu\u00eddos no TL2, com 21 no total, Norris <a href=\"https:\/\/www.grandepremio.com\/br\/f1\/noticias\/fernando-alonso-deixa-aston-martin-sonhar-lidera-tl2-gp-canada-max-verstappen-sofre-quebra\/\">encerrou o dia com o 20\u00ba melhor tempo<\/a>, ficando atr\u00e1s at\u00e9 mesmo de <strong>Max Verstappen<\/strong>, que teve de abandonar por causa de um <a href=\"https:\/\/www.grandepremio.com\/br\/f1\/noticias\/max-verstappen-sente-cheiro-fumaca-recolhe-carro-as-pressas-tl2-gp-canada\/\">problema no sistema de recupera\u00e7\u00e3o de energia<\/a> do <strong>RB20<\/strong>.<\/p>\n\n\n\n<p class=\"wp-block-paragraph\">&#8220;Primeiro dia de pista complicado por causa das condi\u00e7\u00f5es, o que significa que n\u00e3o fizemos tantas voltas no seco quanto gostar\u00edamos&#8221;, disse o dono do <strong>MCL38 #4<\/strong>. &#8220;Tivemos uma boa quantidade de chuva e demos um primeiro passo razo\u00e1vel neste fim de semana, mas \u00e9 dif\u00edcil ver onde estamos&#8221;, continuou.<\/p>\n\n\n\n<p class=\"wp-block-paragraph\"><strong><img decoding=\"async\" src=\"https:\/\/a.slack-edge.com\/production-standard-emoji-assets\/14.0\/google-medium\/25b6-fe0f.png\" alt=\":seta_para_frente:\">&nbsp;Inscreva-se nos dois canais do GRANDE PR\u00caMIO no YouTube:&nbsp;<a href=\"https:\/\/www.youtube.com\/channel\/UC9OlHEgxoaY6QY6nWPoiqQg?sub_confirmation=1\" target=\"_blank\" rel=\"noreferrer noopener\">GP<\/a>&nbsp;|&nbsp;<a href=\"https:\/\/www.youtube.com\/channel\/UC9csiS6q_C3C0FYhyr1rnFA?sub_confirmation=1\" target=\"_blank\" rel=\"noreferrer noopener\">GP2<\/a><\/strong><br><strong><img decoding=\"async\" src=\"https:\/\/a.slack-edge.com\/production-standard-emoji-assets\/14.0\/google-medium\/25b6-fe0f.png\" alt=\":seta_para_frente:\">&nbsp;<a href=\"https:\/\/www.twitch.tv\/grandepremio\" target=\"_blank\" rel=\"noreferrer noopener\">Conhe\u00e7a o canal do GRANDE PR\u00caMIO na Twitch clicando aqui!<\/a><\/strong><\/p>\n\n\n\n<figure class=\"wp-block-image size-large\"><img decoding=\"async\" src=\"https:\/\/www.grandepremio.com\/br\/wp-content\/uploads\/2024\/06\/canada-2024-f1-treino-livre-mclaren-lando-norris-02-1200x800.jpg\" alt=\"\" class=\"wp-image-824000\"\/><figcaption class=\"wp-element-caption\">Lando Norris foi o mais r\u00e1pido no TL1, mas ficou na lanterna do TL2 (Foto: McLaren)<\/figcaption><\/figure>\n\n\n\n<p class=\"wp-block-paragraph\">&#8220;Foi uma sexta-feira dif\u00edcil para todos e as condi\u00e7\u00f5es aqui podem mudar tudo. Agora vamos trabalhar duro durante a noite com os dados que temos e ver onde podemos chegar amanh\u00e3 na classifica\u00e7\u00e3o&#8221;, finalizou Norris.<\/p>\n\n\n\n<p class=\"wp-block-paragraph\">O&nbsp;<strong>GRANDE PR\u00caMIO<\/strong>&nbsp;acompanha&nbsp;<strong><a href=\"https:\/\/www.grandepremio.com\/br\/ao-vivo\/f1\/\" target=\"_blank\" rel=\"noreferrer noopener\">AO VIVO e EM&nbsp;<\/a><a href=\"https:\/\/www.grandepremio.com\/br\/ao-vivo\/\" target=\"_blank\" rel=\"noreferrer noopener\">TEMPO REAL<\/a><\/strong>&nbsp;todas as atividades do&nbsp;<strong>GP do Canad\u00e1 de&nbsp;<a href=\"https:\/\/www.grandepremio.com\/br\/f1\/\" target=\"_blank\" rel=\"noreferrer noopener\">F\u00f3rmula 1<\/a><\/strong>&nbsp;e transmite classifica\u00e7\u00e3o e corrida em segunda tela, em parceria com a Voz do Esporte, na&nbsp;<strong><a href=\"https:\/\/www.youtube.com\/c\/GrandePremioTV\/streams\" target=\"_blank\" rel=\"noreferrer noopener\">GPTV, o canal do GP no Youtube<\/a><\/strong>. Al\u00e9m disso, debate tudo que aconteceu na pista com o&nbsp;<strong>Briefing<\/strong>&nbsp;ap\u00f3s treinos livres e classifica\u00e7\u00e3o, al\u00e9m de antes e depois da corrida. No s\u00e1bado (8), o&nbsp;<strong>TL3<\/strong>&nbsp;ser\u00e1 \u00e0s 13h30, ao passo que a&nbsp;<strong>classifica\u00e7\u00e3o<\/strong>&nbsp;oficial est\u00e1 marcada para as 17h. Por fim,&nbsp;<strong>a largada<\/strong>&nbsp;est\u00e1 marcada para as 15h do domingo.<\/p>\n\n\n\n<figure class=\"wp-block-embed is-type-video is-provider-youtube wp-block-embed-youtube wp-embed-aspect-16-9 wp-has-aspect-ratio\"><div class=\"wp-block-embed__wrapper\">\n<iframe loading=\"lazy\" title=\"F1 2024 CANAD\u00c1: ALONSO 1\u00ba, VERSTAPPEN QUEBRA: tudo sobre os treinos livres | Briefing\" width=\"500\" height=\"281\" src=\"https:\/\/www.youtube.com\/embed\/FNh4sdCLa_U?feature=oembed\" frameborder=\"0\" allow=\"accelerometer; autoplay; clipboard-write; encrypted-media; gyroscope; picture-in-picture; web-share\" referrerpolicy=\"strict-origin-when-cross-origin\" allowfullscreen><\/iframe>\n<\/div><\/figure>\n","protected":false},"excerpt":{"rendered":"<p>Ap\u00f3s liderar primeiro treino livre para GP do Canad\u00e1, Lando Norris terminou o primeiro dia de atividades em \u00faltimo e admitiu que &#8220;\u00e9 dif\u00edcil ver onde McLaren est\u00e1&#8221;<\/p>\n","protected":false},"author":0,"featured_media":1000823852,"comment_status":"closed","ping_status":"closed","sticky":false,"template":"","format":"standard","meta":{"42wp_featured_image_caption":"","42wp_featured_image_credits":"","42wp_featured_video":"","42wp_featured_image_hidden":false,"42wp_authors_list":[],"footnotes":""},"categories":[2],"tags":[4924,5660,969,147,3230,642,160,180,30909,14357,39696,1491,30103,28285,547,90,4486],"42wp_author":[47160],"class_list":["post-74705","post","type-post","status-publish","format-standard","has-post-thumbnail","hentry","category-f1","tag-circuito-gilles-villeneuve","tag-classificacao","tag-corrida","tag-f1","tag-f1-2024","tag-f1-ao-vivo","tag-f1-tv","tag-formula-1","tag-formula-1-2024","tag-gp-do-canada","tag-gp-do-canada-2024","tag-grande-premio","tag-grande-premio-f1","tag-grandepremio","tag-lando-norris","tag-mclaren","tag-montreal","42wp_author-vicente-soella"],"_links":{"self":[{"href":"https:\/\/grandepremio.com\/br\/wp-json\/wp\/v2\/posts\/74705","targetHints":{"allow":["GET"]}}],"collection":[{"href":"https:\/\/grandepremio.com\/br\/wp-json\/wp\/v2\/posts"}],"about":[{"href":"https:\/\/grandepremio.com\/br\/wp-json\/wp\/v2\/types\/post"}],"replies":[{"embeddable":true,"href":"https:\/\/grandepremio.com\/br\/wp-json\/wp\/v2\/comments?post=74705"}],"version-history":[{"count":0,"href":"https:\/\/grandepremio.com\/br\/wp-json\/wp\/v2\/posts\/74705\/revisions"}],"wp:featuredmedia":[{"embeddable":true,"href":"https:\/\/grandepremio.com\/br\/wp-json\/wp\/v2\/media\/1000823852"}],"wp:attachment":[{"href":"https:\/\/grandepremio.com\/br\/wp-json\/wp\/v2\/media?parent=74705"}],"wp:term":[{"taxonomy":"category","embeddable":true,"href":"https:\/\/grandepremio.com\/br\/wp-json\/wp\/v2\/categories?post=74705"},{"taxonomy":"post_tag","embeddable":true,"href":"https:\/\/grandepremio.com\/br\/wp-json\/wp\/v2\/tags?post=74705"},{"taxonomy":"42wp_author","embeddable":true,"href":"https:\/\/grandepremio.com\/br\/wp-json\/wp\/v2\/42wp_author?post=74705"}],"curies":[{"name":"wp","href":"https:\/\/api.w.org\/{rel}","templated":true}]}}