{"id":74709,"date":"2024-06-07T21:18:32","date_gmt":"2024-06-08T00:18:32","guid":{"rendered":"https:\/\/grandepremio.com\/br\/noticias\/sergio-perez-cita-bom-progresso-diz-que-e-dificil-tirar-conclusoes-sobre-ritmo-canada\/"},"modified":"2024-06-07T21:18:43","modified_gmt":"2024-06-08T00:18:43","slug":"sergio-perez-cita-bom-progresso-diz-que-e-dificil-tirar-conclusoes-sobre-ritmo-canada","status":"publish","type":"post","link":"https:\/\/grandepremio.com\/br\/f1\/sergio-perez-cita-bom-progresso-diz-que-e-dificil-tirar-conclusoes-sobre-ritmo-canada\/","title":{"rendered":"P\u00e9rez cita \u201cbom progresso\u201d, mas diz que \u00e9 \u201cdif\u00edcil tirar conclus\u00f5es\u201d sobre ritmo no Canad\u00e1"},"content":{"rendered":"\n<p class=\"wp-block-paragraph\"><a href=\"https:\/\/www.grandepremio.com\/br\/video\/f1\/ta-chovendo-granizo-tempestade-desaba-montreal-antes-tl1-gp-canada\/\">A chuva foi a grande protagonista<\/a> durante a sexta-feira de treinos livres da <strong>F\u00f3rmula 1<\/strong> no GP do Canad\u00e1 e, por isso, Sergio P\u00e9rez n\u00e3o conseguiu encaixar boas voltas durante as sess\u00f5es realizadas ao longo do dia. No entanto,<a href=\"https:\/\/www.grandepremio.com\/br\/f1\/noticias\/fernando-alonso-deixa-aston-martin-sonhar-lidera-tl2-gp-canada-max-verstappen-sofre-quebra\/\"> apesar de ter ficado apenas com o d\u00e9cimo tempo na tabela<\/a>, o mexicano garantiu que conseguiu fazer algum progresso, embora reconhe\u00e7a que seja dif\u00edcil saber aonde exatamente a <strong>Red Bull<\/strong> se encontra na ordem de for\u00e7as do fim de semana.<\/p>\n\n\n\n<p class=\"wp-block-paragraph\">Ap\u00f3s ser batida pela <strong>McLaren <\/strong>no <strong>GP de Miami<\/strong> e enfrentar dificuldades com o desempenho nas etapas em <strong>\u00cdmola <\/strong>e <strong>M\u00f4naco<\/strong>, a<strong> Red Bull<\/strong> afirmou que voltaria a ter problemas no<strong> GP do Canad\u00e1<\/strong>. No entanto, a sexta-feira de treinos livres ficou marcada pela presen\u00e7a da chuva e isso impediu que as equipes mostrassem seu verdadeiro ritmo.<\/p>\n\n\n\n<p class=\"wp-block-paragraph\">Assim, <strong>Max Verstappen<\/strong>, <a href=\"https:\/\/www.grandepremio.com\/br\/f1\/noticias\/max-verstappen-sente-cheiro-fumaca-recolhe-carro-as-pressas-tl2-gp-canada\/\">que teve problemas durante no carro durante o TL2<\/a>, foi apenas o 18\u00ba colocado. P\u00e9rez, por sua vez, conseguiu concluir um total de 19 voltas e ficou com o d\u00e9cimo tempo.<\/p>\n\n\n\n<p class=\"wp-block-paragraph\">O mexicano, <a href=\"https:\/\/www.grandepremio.com\/br\/f1\/noticias\/red-bull-encerra-novela-mexicana-anuncia-renovacao-sergio-perez-dois-anos-f1\/\">que teve seu contrato renovado nesta semana<\/a>, afirmou que era preciso estar no lugar certo e na hora certa para conseguir encaixar um bom tempo de volta nesta sexta-feira e, por isso, minimizou o resultado pouco competitivo. Principalmente por que n\u00e3o conseguiu fazer uma volta limpa com os pneus de pista seca. Apesar do dia conturbado, P\u00e9rez acredita que a Red Bull evoluiu de forma satisfat\u00f3ria.<\/p>\n\n\n\n<figure class=\"wp-block-image size-large\"><img decoding=\"async\" src=\"https:\/\/www.grandepremio.com\/br\/wp-content\/uploads\/2024\/06\/canada-2024-f1-treino-livre-red-bull-sergio-perez-05-1200x800.jpg\" alt=\"\" class=\"wp-image-824068\"\/><figcaption class=\"wp-element-caption\">Sergio P\u00e9rez acredita que a Red Bull pode ir ainda melhor no Canad\u00e1 (Foto: Red Bull Content Pool)<\/figcaption><\/figure>\n\n\n\n<p class=\"wp-block-paragraph\">\u201cJ\u00e1 pudemos ver no TL2 que as condi\u00e7\u00f5es e a pista estavam mudando bastante. Se n\u00e3o estivesse em volta r\u00e1pida no momento certo, a diferen\u00e7a no cron\u00f4metro poderia ser grande.<\/p>\n\n\n\n<p class=\"wp-block-paragraph\">Sentimos algumas coisas no carro que queremos ajustar, temos uma boa ideia de onde precisamos fazer altera\u00e7\u00f5es, mas acho que \u00e9 muito dif\u00edcil tirar conclus\u00f5es em uma pista que foi ditada pelo clima hoje\u201d, apontou P\u00e9rez.<\/p>\n\n\n\n<p class=\"wp-block-paragraph\">\u201cFizemos bons progressos com o pneu intermedi\u00e1rio e isso foi muito positivo, mas com o slick n\u00e3o sa\u00edmos no momento certo, por isso n\u00e3o estou preocupado com isso e veremos a competitividade amanh\u00e3\u201d, finalizou o mexicano.<\/p>\n\n\n\n<p class=\"wp-block-paragraph\">O\u00a0<strong>GRANDE PR\u00caMIO<\/strong>\u00a0acompanha\u00a0<strong><a href=\"https:\/\/www.grandepremio.com\/br\/ao-vivo\/f1\/\" target=\"_blank\" rel=\"noreferrer noopener\">AO VIVO e EM\u00a0<\/a><a href=\"https:\/\/www.grandepremio.com\/br\/ao-vivo\/\" target=\"_blank\" rel=\"noreferrer noopener\">TEMPO REAL<\/a><\/strong>\u00a0todas as atividades do\u00a0<strong>GP do Canad\u00e1 de\u00a0<a href=\"https:\/\/www.grandepremio.com\/br\/f1\/\" target=\"_blank\" rel=\"noreferrer noopener\">F\u00f3rmula 1<\/a><\/strong>\u00a0e transmite classifica\u00e7\u00e3o e corrida em segunda tela, em parceria com a Voz do Esporte, na\u00a0<strong><a href=\"https:\/\/www.youtube.com\/c\/GrandePremioTV\/streams\" target=\"_blank\" rel=\"noreferrer noopener\">GPTV, o canal do GP no Youtube<\/a><\/strong>. Al\u00e9m disso, debate tudo que aconteceu na pista com o\u00a0<strong>Briefing<\/strong>\u00a0ap\u00f3s treinos livres e classifica\u00e7\u00e3o, al\u00e9m de antes e depois da corrida. No s\u00e1bado (8), o\u00a0<strong>TL3<\/strong>\u00a0ser\u00e1 \u00e0s 13h30, ao passo que a\u00a0<strong>classifica\u00e7\u00e3o<\/strong>\u00a0oficial est\u00e1 marcada para as 17h. Por fim,\u00a0<strong>a largada<\/strong>\u00a0est\u00e1 marcada para as 15h do domingo.\u00a0<\/p>\n\n\n\n<p class=\"wp-block-paragraph\"><strong><img decoding=\"async\" src=\"https:\/\/a.slack-edge.com\/production-standard-emoji-assets\/14.0\/google-medium\/25b6-fe0f.png\" alt=\":seta_para_frente:\">\u00a0Inscreva-se nos dois canais do GRANDE PR\u00caMIO no YouTube:\u00a0<a href=\"https:\/\/www.youtube.com\/channel\/UC9OlHEgxoaY6QY6nWPoiqQg?sub_confirmation=1\" target=\"_blank\" rel=\"noreferrer noopener\">GP<\/a>\u00a0|\u00a0<a href=\"https:\/\/www.youtube.com\/channel\/UC9csiS6q_C3C0FYhyr1rnFA?sub_confirmation=1\" target=\"_blank\" rel=\"noreferrer noopener\">GP2<\/a><\/strong><br><strong><img decoding=\"async\" src=\"https:\/\/a.slack-edge.com\/production-standard-emoji-assets\/14.0\/google-medium\/25b6-fe0f.png\" alt=\":seta_para_frente:\"><a href=\"https:\/\/www.twitch.tv\/grandepremio\" target=\"_blank\" rel=\"noreferrer noopener\">Conhe\u00e7a o canal do GRANDE PR\u00caMIO na Twitch clicando aqui!<\/a><\/strong><\/p>\n\n\n\n<figure class=\"wp-block-embed is-type-video is-provider-youtube wp-block-embed-youtube wp-embed-aspect-4-3 wp-has-aspect-ratio\"><div class=\"wp-block-embed__wrapper\">\n<iframe loading=\"lazy\" title=\"F1 CANAD\u00c1 2024: acompanhe a CLASSIFICA\u00c7\u00c3O no GRANDE PR\u00caMIO\" width=\"500\" height=\"281\" src=\"https:\/\/www.youtube.com\/embed\/WLJ45lnIwAA?feature=oembed\" frameborder=\"0\" allow=\"accelerometer; autoplay; clipboard-write; encrypted-media; gyroscope; picture-in-picture; web-share\" referrerpolicy=\"strict-origin-when-cross-origin\" allowfullscreen><\/iframe>\n<\/div><\/figure>\n","protected":false},"excerpt":{"rendered":"<p>Mesmo com o tempo de volta discreto no treino livre 2, Sergio P\u00e9rez garantiu que a Red Bull progrediu em seu programa de testes na sexta-feira no Canad\u00e1<\/p>\n","protected":false},"author":0,"featured_media":1000824065,"comment_status":"closed","ping_status":"closed","sticky":false,"template":"","format":"standard","meta":{"42wp_featured_image_caption":"","42wp_featured_image_credits":"","42wp_featured_video":"","42wp_featured_image_hidden":false,"42wp_authors_list":[],"footnotes":""},"categories":[2],"tags":[25053,4924,147,3230,180,14357,1491,28285,203,27382,38981,28012,37756,204,3132,9685],"42wp_author":[47149],"class_list":["post-74709","post","type-post","status-publish","format-standard","has-post-thumbnail","hentry","category-f1","tag-canada","tag-circuito-gilles-villeneuve","tag-f1","tag-f1-2024","tag-formula-1","tag-gp-do-canada","tag-grande-premio","tag-grandepremio","tag-max-verstappen","tag-perez","tag-perez-f1","tag-perez-na-red-bull","tag-rb20","tag-red-bull","tag-sergio-perez","tag-verstappen","42wp_author-bernardo-castro"],"_links":{"self":[{"href":"https:\/\/grandepremio.com\/br\/wp-json\/wp\/v2\/posts\/74709","targetHints":{"allow":["GET"]}}],"collection":[{"href":"https:\/\/grandepremio.com\/br\/wp-json\/wp\/v2\/posts"}],"about":[{"href":"https:\/\/grandepremio.com\/br\/wp-json\/wp\/v2\/types\/post"}],"replies":[{"embeddable":true,"href":"https:\/\/grandepremio.com\/br\/wp-json\/wp\/v2\/comments?post=74709"}],"version-history":[{"count":0,"href":"https:\/\/grandepremio.com\/br\/wp-json\/wp\/v2\/posts\/74709\/revisions"}],"wp:featuredmedia":[{"embeddable":true,"href":"https:\/\/grandepremio.com\/br\/wp-json\/wp\/v2\/media\/1000824065"}],"wp:attachment":[{"href":"https:\/\/grandepremio.com\/br\/wp-json\/wp\/v2\/media?parent=74709"}],"wp:term":[{"taxonomy":"category","embeddable":true,"href":"https:\/\/grandepremio.com\/br\/wp-json\/wp\/v2\/categories?post=74709"},{"taxonomy":"post_tag","embeddable":true,"href":"https:\/\/grandepremio.com\/br\/wp-json\/wp\/v2\/tags?post=74709"},{"taxonomy":"42wp_author","embeddable":true,"href":"https:\/\/grandepremio.com\/br\/wp-json\/wp\/v2\/42wp_author?post=74709"}],"curies":[{"name":"wp","href":"https:\/\/api.w.org\/{rel}","templated":true}]}}