{"id":74755,"date":"2024-06-07T18:58:25","date_gmt":"2024-06-07T21:58:25","guid":{"rendered":"https:\/\/grandepremio.com\/br\/noticias\/max-verstappen-sente-cheiro-fumaca-recolhe-carro-as-pressas-tl2-gp-canada\/"},"modified":"2024-06-08T00:03:34","modified_gmt":"2024-06-08T03:03:34","slug":"max-verstappen-sente-cheiro-fumaca-recolhe-carro-as-pressas-tl2-gp-canada","status":"publish","type":"post","link":"https:\/\/grandepremio.com\/br\/f1\/max-verstappen-sente-cheiro-fumaca-recolhe-carro-as-pressas-tl2-gp-canada\/","title":{"rendered":"Verstappen sente cheiro de fuma\u00e7a e recolhe carro \u00e0s pressas no TL2 do GP do Canad\u00e1"},"content":{"rendered":"\n<p class=\"wp-block-paragraph\">O momento realmente n\u00e3o \u00e9 dos melhores para a <strong>Red Bull<\/strong>. Durante o segundo treino livre para o <strong>GP do Canad\u00e1<\/strong>, <a href=\"https:\/\/www.grandepremio.com\/br\/f1\/noticias\/fernando-alonso-deixa-aston-martin-sonhar-lidera-tl2-gp-canada-max-verstappen-sofre-quebra\/\">realizado nesta sexta-feira (7)<\/a>, <strong>Max Verstappen<\/strong> sofreu com um problema no <strong>RB20<\/strong> e teve de voltar imediatamente aos boxes. Pelo r\u00e1dio da equipe, o <a href=\"https:\/\/www.grandepremio.com\/br\/f1\/classificacao\/\">atual l\u00edder do Mundial de Pilotos<\/a> alegou estar sentindo &#8220;cheiro de fuma\u00e7a&#8221;.<\/p>\n\n\n\n<p class=\"wp-block-paragraph\">Para o fim de semana no circuito <strong>Gilles Villeneuve<\/strong>, onde a <strong>F\u00f3rmula 1<\/strong> desembarcou neste fim de semana para a nona etapa da temporada 2024, o time de Milton Keynes decidiu fazer <a href=\"https:\/\/www.grandepremio.com\/br\/f1\/noticias\/max-verstappen-lewis-hamilton-motores-novos-mudancas-gp-canada-f1\/\">algumas mudan\u00e7as na unidade de pot\u00eancia<\/a> de ambos os pilotos. Assim como <strong>Sergio P\u00e9rez<\/strong>, o b\u00f3lido de Verstappen foi equipado com novos motores a combust\u00e3o, MGU-K, bateria e escapamento.<\/p>\n\n\n\n<p class=\"wp-block-paragraph\">Logo ap\u00f3s entrar na garagem, os mec\u00e2nicos rapidamente agiram para colocar uma fita de advert\u00eancia em frente ao carro do tricampe\u00e3o. De acordo com jornalistas presentes no local, que confirmaram a informa\u00e7\u00e3o com a pr\u00f3pria Red Bull, Max sofreu com um problema no sistema de recupera\u00e7\u00e3o de energia \u2014 mais conhecido como <strong>ERS<\/strong>. A esquadra dos energ\u00e9ticos agora vai investigar as causas.<\/p>\n\n\n\n<p class=\"wp-block-paragraph\"><strong><img decoding=\"async\" src=\"https:\/\/a.slack-edge.com\/production-standard-emoji-assets\/14.0\/google-medium\/25b6-fe0f.png\" alt=\":seta_para_frente:\">&nbsp;Inscreva-se nos dois canais do GRANDE PR\u00caMIO no YouTube:&nbsp;<a href=\"https:\/\/www.youtube.com\/channel\/UC9OlHEgxoaY6QY6nWPoiqQg?sub_confirmation=1\" target=\"_blank\" rel=\"noreferrer noopener\">GP<\/a>&nbsp;|&nbsp;<a href=\"https:\/\/www.youtube.com\/channel\/UC9csiS6q_C3C0FYhyr1rnFA?sub_confirmation=1\" target=\"_blank\" rel=\"noreferrer noopener\">GP2<\/a><\/strong><br><strong><img decoding=\"async\" src=\"https:\/\/a.slack-edge.com\/production-standard-emoji-assets\/14.0\/google-medium\/25b6-fe0f.png\" alt=\":seta_para_frente:\">&nbsp;<a href=\"https:\/\/www.twitch.tv\/grandepremio\" target=\"_blank\" rel=\"noreferrer noopener\">Conhe\u00e7a o canal do GRANDE PR\u00caMIO na Twitch clicando aqui!<\/a><\/strong><\/p>\n\n\n\n<figure class=\"wp-block-video\"><video class=\"video-js vjs-big-play-centered\" data-gp-vjs=\"1\" controls src=\"https:\/\/www.grandepremio.com\/br\/wp-content\/uploads\/2024\/06\/Max-Verstappen-TL2-Canada.mp4\"><\/video><figcaption class=\"wp-element-caption\">Max Verstappen teve de sair rapidamente do RB20 (V\u00eddeo: Reprodu\u00e7\u00e3o)<\/figcaption><\/figure>\n\n\n\n<p class=\"wp-block-paragraph\">A situa\u00e7\u00e3o aconteceu ap\u00f3s quase 30 minutos de atividades no TL2, enquanto os pilotos aproveitavam a tr\u00e9gua dada pela chuva para irem \u00e0 pista com os pneus slicks. Sentindo que havia algo de errado com o RB20, Verstappen imediatamente alertou a equipe e entrou nos boxes. &#8220;Voc\u00eas podem pegar os ventiladores? Senti um cheiro de fuma\u00e7a&#8221;, disse o #1 na ocasi\u00e3o.<\/p>\n\n\n\n<p class=\"wp-block-paragraph\">O&nbsp;<strong>GRANDE PR\u00caMIO<\/strong>&nbsp;acompanha&nbsp;<strong><a href=\"https:\/\/www.grandepremio.com\/br\/ao-vivo\/f1\/\" target=\"_blank\" rel=\"noreferrer noopener\">AO VIVO e EM&nbsp;<\/a><a href=\"https:\/\/www.grandepremio.com\/br\/ao-vivo\/\" target=\"_blank\" rel=\"noreferrer noopener\">TEMPO REAL<\/a><\/strong>&nbsp;todas as atividades do&nbsp;<strong>GP do Canad\u00e1 de&nbsp;<a href=\"https:\/\/www.grandepremio.com\/br\/f1\/\" target=\"_blank\" rel=\"noreferrer noopener\">F\u00f3rmula 1<\/a><\/strong>&nbsp;e transmite classifica\u00e7\u00e3o e corrida em segunda tela, em parceria com a Voz do Esporte, na&nbsp;<strong><a href=\"https:\/\/www.youtube.com\/c\/GrandePremioTV\/streams\" target=\"_blank\" rel=\"noreferrer noopener\">GPTV, o canal do GP no Youtube<\/a><\/strong>. Al\u00e9m disso, debate tudo que aconteceu na pista com o&nbsp;<strong>Briefing<\/strong>&nbsp;ap\u00f3s treinos livres e classifica\u00e7\u00e3o, al\u00e9m de antes e depois da corrida. No s\u00e1bado (8), o&nbsp;<strong>TL3<\/strong>&nbsp;ser\u00e1 \u00e0s 13h30, ao passo que a&nbsp;<strong>classifica\u00e7\u00e3o<\/strong>&nbsp;oficial est\u00e1 marcada para as 17h. Por fim,&nbsp;<strong>a largada<\/strong>&nbsp;est\u00e1 marcada para as 15h do domingo.&nbsp;<\/p>\n\n\n\n<figure class=\"wp-block-embed is-type-video is-provider-youtube wp-block-embed-youtube wp-embed-aspect-16-9 wp-has-aspect-ratio\"><div class=\"wp-block-embed__wrapper\">\n<iframe loading=\"lazy\" title=\"F1 sem DRS vai dar CERTO? Entenda SISTEMA de ULTRAPASSAGENS para 2026 | GP \u00e0s 10\" width=\"500\" height=\"281\" src=\"https:\/\/www.youtube.com\/embed\/P0gbA34_v20?feature=oembed\" frameborder=\"0\" allow=\"accelerometer; autoplay; clipboard-write; encrypted-media; gyroscope; picture-in-picture; web-share\" referrerpolicy=\"strict-origin-when-cross-origin\" allowfullscreen><\/iframe>\n<\/div><\/figure>\n","protected":false},"excerpt":{"rendered":"<p>Durante o segundo treino livre do GP do Canad\u00e1, Max Verstappen sofreu com problemas no sistema de recupera\u00e7\u00e3o de energia e teve de levar o RB20 aos boxes, abandonando a sess\u00e3o<\/p>\n","protected":false},"author":0,"featured_media":1000824050,"comment_status":"closed","ping_status":"closed","sticky":false,"template":"","format":"standard","meta":{"42wp_featured_image_caption":"","42wp_featured_image_credits":"","42wp_featured_video":"","42wp_featured_image_hidden":false,"42wp_authors_list":[],"footnotes":""},"categories":[2],"tags":[4924,5660,969,147,3230,642,160,180,30909,14357,39696,1491,30103,28285,203,4486,204],"42wp_author":[47160],"class_list":["post-74755","post","type-post","status-publish","format-standard","has-post-thumbnail","hentry","category-f1","tag-circuito-gilles-villeneuve","tag-classificacao","tag-corrida","tag-f1","tag-f1-2024","tag-f1-ao-vivo","tag-f1-tv","tag-formula-1","tag-formula-1-2024","tag-gp-do-canada","tag-gp-do-canada-2024","tag-grande-premio","tag-grande-premio-f1","tag-grandepremio","tag-max-verstappen","tag-montreal","tag-red-bull","42wp_author-vicente-soella"],"_links":{"self":[{"href":"https:\/\/grandepremio.com\/br\/wp-json\/wp\/v2\/posts\/74755","targetHints":{"allow":["GET"]}}],"collection":[{"href":"https:\/\/grandepremio.com\/br\/wp-json\/wp\/v2\/posts"}],"about":[{"href":"https:\/\/grandepremio.com\/br\/wp-json\/wp\/v2\/types\/post"}],"replies":[{"embeddable":true,"href":"https:\/\/grandepremio.com\/br\/wp-json\/wp\/v2\/comments?post=74755"}],"version-history":[{"count":0,"href":"https:\/\/grandepremio.com\/br\/wp-json\/wp\/v2\/posts\/74755\/revisions"}],"wp:featuredmedia":[{"embeddable":true,"href":"https:\/\/grandepremio.com\/br\/wp-json\/wp\/v2\/media\/1000824050"}],"wp:attachment":[{"href":"https:\/\/grandepremio.com\/br\/wp-json\/wp\/v2\/media?parent=74755"}],"wp:term":[{"taxonomy":"category","embeddable":true,"href":"https:\/\/grandepremio.com\/br\/wp-json\/wp\/v2\/categories?post=74755"},{"taxonomy":"post_tag","embeddable":true,"href":"https:\/\/grandepremio.com\/br\/wp-json\/wp\/v2\/tags?post=74755"},{"taxonomy":"42wp_author","embeddable":true,"href":"https:\/\/grandepremio.com\/br\/wp-json\/wp\/v2\/42wp_author?post=74755"}],"curies":[{"name":"wp","href":"https:\/\/api.w.org\/{rel}","templated":true}]}}