{"id":74787,"date":"2024-06-07T14:02:40","date_gmt":"2024-06-07T17:02:40","guid":{"rendered":"https:\/\/grandepremio.com\/br\/noticias\/mudancas-suspensao-nas-asas-atualizacoes-equipes-gp-do-canada\/"},"modified":"2024-06-07T14:02:51","modified_gmt":"2024-06-07T17:02:51","slug":"mudancas-suspensao-nas-asas-atualizacoes-equipes-gp-do-canada","status":"publish","type":"post","link":"https:\/\/grandepremio.com\/br\/f1\/mudancas-suspensao-nas-asas-atualizacoes-equipes-gp-do-canada\/","title":{"rendered":"Mudan\u00e7as na suspens\u00e3o e nas asas: atualiza\u00e7\u00f5es das equipes para GP do Canad\u00e1\u00a0"},"content":{"rendered":"\n<p class=\"wp-block-paragraph\">A <strong>F\u00f3rmula 1<\/strong> realiza neste final de semana a nona corrida da temporada e, por isso, v\u00e1rias equipes se prepararam para enfrentar os desafios do <strong>GP do Canad\u00e1<\/strong>. Dos dez times presentes no grid, apenas <strong>McLaren<\/strong>, <strong>Ferrari <\/strong>e <strong>Alpine <\/strong>n\u00e3o apresentaram novidades. As demais, fizeram pequenas atualiza\u00e7\u00f5es que se concentram, principalmente, nas asas dianteiras e traseiras e na suspens\u00e3o.<\/p>\n\n\n\n<p class=\"wp-block-paragraph\">Depois de ver <strong>Ferrari <\/strong>e <strong>McLaren <\/strong>se aproximarem nas \u00faltimas corridas, a <strong>Red Bull<\/strong> se preparou para ser mais competitiva no <strong>GP do Canad\u00e1<\/strong>. Por isso, chega para a etapa no <strong>Circuito Gilles Villeneuve<\/strong> com uma nova asa traseira que visa extrair ainda mais carga aerodin\u00e2mica \u00e0 medida que mant\u00e9m uma estabilidade adequada para diferentes condi\u00e7\u00f5es enfrentadas. Al\u00e9m disso, os austr\u00edacos aumentaram a entrada de ar para facilitar o resfriamento dos freios dianteiros.<\/p>\n\n\n\n<p class=\"wp-block-paragraph\">A <strong>RB <\/strong>tamb\u00e9m preparou duas atualiza\u00e7\u00f5es para o <strong>GP do Canad\u00e1<\/strong>. A primeira delas est\u00e1 focada na asa traseira, alterando sua curvatura e a parte superior do componente, sendo descrita pela pr\u00f3pria equipe como uma evolu\u00e7\u00e3o do design anterior. A outra mudan\u00e7a \u00e9 na asa dianteira, que agora possui um flap menor e que visa reduzir a carga aerodin\u00e2mica gerada. Com isso, espera um equil\u00edbrio maior com a asa traseira.<\/p>\n\n\n\n<p class=\"wp-block-paragraph\">A <strong>Sauber<\/strong>, por sua vez, focou as mudan\u00e7as na parte traseira do carro. A nova asa, com flap reduzido, foi desenvolvida pensada no circuito do <strong>GP do Canad\u00e1<\/strong>, que exige menos arrasto aerodin\u00e2mico. A <strong>Beam Wing<\/strong> \u2014 asa menor localizada na parte de tr\u00e1s do carro que auxilia no fluxo de ar \u2014, foi feita com a mesma finalidade.<\/p>\n\n\n\n<figure class=\"wp-block-image size-large\"><img decoding=\"async\" src=\"https:\/\/www.grandepremio.com\/br\/wp-content\/uploads\/2024\/05\/monaco-2024-f1-corrida-aston-martin-lance-stroll-04-1200x800.jpg\" alt=\"\" class=\"wp-image-819465\"\/><figcaption class=\"wp-element-caption\">Apesar do momento ruim, Aston Martin n\u00e3o levou muitas atualiza\u00e7\u00f5es para o GP do Canad\u00e1 (Foto: Aston Martin)<\/figcaption><\/figure>\n\n\n\n<p class=\"wp-block-paragraph\">J\u00e1 a <strong>Haas <\/strong>concentrou os esfor\u00e7os apenas na asa dianteira e tamb\u00e9m foi pensando exclusivamente para o <strong>Circuito Gilles Villeneuve<\/strong>. O flap dianteiro foi revisado e teve sua curvatura reduzida para diminuir o arrasto.<\/p>\n\n\n\n<p class=\"wp-block-paragraph\">A <strong>Mercedes <\/strong>aumentou a entrada de ar dos dutos de freio e tamb\u00e9m mudou a suspens\u00e3o dianteira. Quem tamb\u00e9m optou por poucas mudan\u00e7as para o <strong>GP do Canad\u00e1<\/strong> foi a <strong>Aston Martin<\/strong>, que tamb\u00e9m trouxe apenas uma Beam Wing diferente, pensada no aumento da carga aerodin\u00e2mica. A <strong>Williams <\/strong>focou apenas nas suspens\u00f5es e mudou tanto a traseira quanto a dianteira. Com isso, altera a rela\u00e7\u00e3o entre \u00e2ngulo do volante e da roda, afetando a capacidade do piloto de guiar o carro.<\/p>\n\n\n\n<p class=\"wp-block-paragraph\">O\u00a0<strong>GRANDE PR\u00caMIO<\/strong>\u00a0acompanha\u00a0<strong><a href=\"https:\/\/www.grandepremio.com\/br\/ao-vivo\/f1\/\" target=\"_blank\" rel=\"noreferrer noopener\">AO VIVO e EM\u00a0<\/a><a href=\"https:\/\/www.grandepremio.com\/br\/ao-vivo\/\" target=\"_blank\" rel=\"noreferrer noopener\">TEMPO REAL<\/a><\/strong>\u00a0todas as atividades do\u00a0<strong>GP do Canad\u00e1 de\u00a0<a href=\"https:\/\/www.grandepremio.com\/br\/f1\/\" target=\"_blank\" rel=\"noreferrer noopener\">F\u00f3rmula 1<\/a><\/strong>\u00a0e transmite classifica\u00e7\u00e3o e corrida em segunda tela, em parceria com a Voz do Esporte, na\u00a0<strong><a href=\"https:\/\/www.youtube.com\/c\/GrandePremioTV\/streams\" target=\"_blank\" rel=\"noreferrer noopener\">GPTV, o canal do GP no Youtube<\/a><\/strong>. Al\u00e9m disso, debate tudo que aconteceu na pista com o\u00a0<strong>Briefing<\/strong>\u00a0ap\u00f3s treinos livres e classifica\u00e7\u00e3o, al\u00e9m de antes e depois da corrida. O\u00a0<strong>TL1<\/strong>\u00a0abre o fim de semana de pista na sexta-feira, \u00e0s 14h30 (de Bras\u00edlia, GMT-3), enquanto o\u00a0<strong>TL2\u00a0<\/strong>acontece a partir das 18h. No s\u00e1bado, o\u00a0<strong>TL3<\/strong>\u00a0ser\u00e1 \u00e0s 13h30, ao passo que a\u00a0<strong>classifica\u00e7\u00e3o<\/strong>\u00a0oficial est\u00e1 marcada para as 17h. Por fim,\u00a0<strong>a largada<\/strong>\u00a0est\u00e1 marcada para as 15h do domingo.\u00a0<\/p>\n\n\n\n<p class=\"wp-block-paragraph\"><strong><img decoding=\"async\" src=\"https:\/\/a.slack-edge.com\/production-standard-emoji-assets\/14.0\/google-medium\/25b6-fe0f.png\" alt=\":seta_para_frente:\">\u00a0Inscreva-se nos dois canais do GRANDE PR\u00caMIO no YouTube:\u00a0<a href=\"https:\/\/www.youtube.com\/channel\/UC9OlHEgxoaY6QY6nWPoiqQg?sub_confirmation=1\" target=\"_blank\" rel=\"noreferrer noopener\">GP<\/a>\u00a0|\u00a0<a href=\"https:\/\/www.youtube.com\/channel\/UC9csiS6q_C3C0FYhyr1rnFA?sub_confirmation=1\" target=\"_blank\" rel=\"noreferrer noopener\">GP2<\/a><\/strong><br><strong><img decoding=\"async\" src=\"https:\/\/a.slack-edge.com\/production-standard-emoji-assets\/14.0\/google-medium\/25b6-fe0f.png\" alt=\":seta_para_frente:\">\u00a0<a href=\"https:\/\/www.twitch.tv\/grandepremio\" target=\"_blank\" rel=\"noreferrer noopener\">Conhe\u00e7a o canal do GRANDE PR\u00caMIO na Twitch clicando aqui!<\/a><\/strong><\/p>\n\n\n\n<figure class=\"wp-block-embed is-type-video is-provider-youtube wp-block-embed-youtube wp-embed-aspect-16-9 wp-has-aspect-ratio\"><div class=\"wp-block-embed__wrapper\">\n<iframe loading=\"lazy\" title=\"F1 sem DRS vai dar CERTO? Entenda SISTEMA de ULTRAPASSAGENS para 2026 | GP \u00e0s 10\" width=\"500\" height=\"281\" src=\"https:\/\/www.youtube.com\/embed\/P0gbA34_v20?feature=oembed\" frameborder=\"0\" allow=\"accelerometer; autoplay; clipboard-write; encrypted-media; gyroscope; picture-in-picture; web-share\" referrerpolicy=\"strict-origin-when-cross-origin\" allowfullscreen><\/iframe>\n<\/div><\/figure>\n","protected":false},"excerpt":{"rendered":"<p>Enquanto Ferrari e McLaren n\u00e3o fizeram altera\u00e7\u00f5es, Red Bull levou atualiza\u00e7\u00f5es com o objetivo de retomar o dom\u00ednio da F\u00f3rmula 1 no GP do Canad\u00e1<\/p>\n","protected":false},"author":0,"featured_media":1000819648,"comment_status":"closed","ping_status":"closed","sticky":false,"template":"","format":"standard","meta":{"42wp_featured_image_caption":"","42wp_featured_image_credits":"","42wp_featured_video":"","42wp_featured_image_hidden":false,"42wp_authors_list":[],"footnotes":""},"categories":[2],"tags":[309,26271,147,207,180,14357,39696,1491,28285,119,30840,90,82,39061,204],"42wp_author":[47149],"class_list":["post-74787","post","type-post","status-publish","format-standard","has-post-thumbnail","hentry","category-f1","tag-aston-martin","tag-calendario-f1","tag-f1","tag-ferrari","tag-formula-1","tag-gp-do-canada","tag-gp-do-canada-2024","tag-grande-premio","tag-grandepremio","tag-haas","tag-horarios-f1","tag-mclaren","tag-mercedes","tag-rb-2","tag-red-bull","42wp_author-bernardo-castro"],"_links":{"self":[{"href":"https:\/\/grandepremio.com\/br\/wp-json\/wp\/v2\/posts\/74787","targetHints":{"allow":["GET"]}}],"collection":[{"href":"https:\/\/grandepremio.com\/br\/wp-json\/wp\/v2\/posts"}],"about":[{"href":"https:\/\/grandepremio.com\/br\/wp-json\/wp\/v2\/types\/post"}],"replies":[{"embeddable":true,"href":"https:\/\/grandepremio.com\/br\/wp-json\/wp\/v2\/comments?post=74787"}],"version-history":[{"count":0,"href":"https:\/\/grandepremio.com\/br\/wp-json\/wp\/v2\/posts\/74787\/revisions"}],"wp:featuredmedia":[{"embeddable":true,"href":"https:\/\/grandepremio.com\/br\/wp-json\/wp\/v2\/media\/1000819648"}],"wp:attachment":[{"href":"https:\/\/grandepremio.com\/br\/wp-json\/wp\/v2\/media?parent=74787"}],"wp:term":[{"taxonomy":"category","embeddable":true,"href":"https:\/\/grandepremio.com\/br\/wp-json\/wp\/v2\/categories?post=74787"},{"taxonomy":"post_tag","embeddable":true,"href":"https:\/\/grandepremio.com\/br\/wp-json\/wp\/v2\/tags?post=74787"},{"taxonomy":"42wp_author","embeddable":true,"href":"https:\/\/grandepremio.com\/br\/wp-json\/wp\/v2\/42wp_author?post=74787"}],"curies":[{"name":"wp","href":"https:\/\/api.w.org\/{rel}","templated":true}]}}