{"id":74855,"date":"2024-06-06T12:23:27","date_gmt":"2024-06-06T15:23:27","guid":{"rendered":"https:\/\/grandepremio.com\/br\/noticias\/red-bull-declara-tregua-disputa-interna-foca-ferrari-mclaren-queremos-vencer\/"},"modified":"2024-06-06T12:35:20","modified_gmt":"2024-06-06T15:35:20","slug":"red-bull-declara-tregua-disputa-interna-foca-ferrari-mclaren-queremos-vencer","status":"publish","type":"post","link":"https:\/\/grandepremio.com\/br\/f1\/red-bull-declara-tregua-disputa-interna-foca-ferrari-mclaren-queremos-vencer\/","title":{"rendered":"Red Bull declara &#8220;tr\u00e9gua&#8221; em disputa interna e foca em Ferrari e McLaren: &#8220;Queremos vencer&#8221;"},"content":{"rendered":"\n<p class=\"wp-block-paragraph\">Preocupado com <a href=\"https:\/\/www.grandepremio.com\/br\/f1\/noticias\/consultor-red-bull-equipe-frente-espanha-teremos-problemas\/\">a aproxima\u00e7\u00e3o de<\/a> <strong>Ferrari<\/strong> e <strong>McLaren<\/strong> e temeroso quanto \u00e0s chances da <strong>Red Bull<\/strong> perder o t\u00edtulo do Mundial de Construtores em 2024, <strong>Helmut Marko<\/strong>, consultor da equipe austr\u00edaca, declarou que ele e <strong>Christian Horner<\/strong> decidiram dar uma &#8220;tr\u00e9gua&#8221; na briga interna que vem afetando os taurinos desde o in\u00edcio das investiga\u00e7\u00f5es envolvendo o chefe do time.<\/p>\n\n\n\n<p class=\"wp-block-paragraph\">Ap\u00f3s 19 vit\u00f3rias de <strong>Max Verstappen<\/strong> e duas de <strong>Sergio P\u00e9rez<\/strong>, a esquadra dos energ\u00e9ticos conquistou o t\u00edtulo de 2023 com amplo dom\u00ednio em rela\u00e7\u00e3o \u00e0s rivais, terminando o certame com 451 pontos de vantagem sobre a segunda colocada, <strong>Mercedes<\/strong>. Agora, por\u00e9m, o cen\u00e1rio mudou completamente de figura, j\u00e1 que depois de oito etapas, a margem a favor da Red Bull n\u00e3o passa dos 24 tentos, enquanto as advers\u00e1rias continuam se aproximando e deixam a disputa pelo trof\u00e9u totalmente em aberto.<\/p>\n\n\n\n<p class=\"wp-block-paragraph\">Na tentativa de evitar que os problemas internos afetem os resultados em pista, um acordo foi feito entre os principais nomes no comando da equipe de <strong>F\u00f3rmula 1<\/strong>. &#8220;Fizemos uma tr\u00e9gua&#8221;, revelou Marko em entrevista ao jornal austr\u00edaco <em>Kronen Zeitung<\/em>. &#8220;Teremos de unir for\u00e7as&#8221;, continuou. <\/p>\n\n\n\n<p class=\"wp-block-paragraph\">&#8220;Mesmo que n\u00e3o sejamos mais superiores, queremos vencer. Mas, definitivamente, precisamos extrair o m\u00e1ximo e buscar o t\u00edtulo mundial&#8221;, declarou o consultor da Red Bull.<\/p>\n\n\n\n<figure class=\"wp-block-image size-large\"><img decoding=\"async\" src=\"https:\/\/www.grandepremio.com\/br\/wp-content\/uploads\/2024\/05\/monaco-2024-f1-corrida-red-bull-max-verstappen-07-1200x812.jpg\" alt=\"\" class=\"wp-image-819648\"\/><figcaption class=\"wp-element-caption\">Verstappen segue l\u00edder, mas v\u00ea rivais se aproximando corrida ap\u00f3s corrida (Foto: Red Bull Content Pool)<\/figcaption><\/figure>\n\n\n\n<p class=\"wp-block-paragraph\"><strong><img decoding=\"async\" src=\"https:\/\/a.slack-edge.com\/production-standard-emoji-assets\/14.0\/google-medium\/25b6-fe0f.png\" alt=\":seta_para_frente:\">&nbsp;Inscreva-se nos dois canais do GRANDE PR\u00caMIO no YouTube:&nbsp;<a href=\"https:\/\/www.youtube.com\/channel\/UC9OlHEgxoaY6QY6nWPoiqQg?sub_confirmation=1\" target=\"_blank\" rel=\"noreferrer noopener\">GP<\/a>&nbsp;|&nbsp;<a href=\"https:\/\/www.youtube.com\/channel\/UC9csiS6q_C3C0FYhyr1rnFA?sub_confirmation=1\" target=\"_blank\" rel=\"noreferrer noopener\">GP2<\/a><\/strong><br><strong><img decoding=\"async\" src=\"https:\/\/a.slack-edge.com\/production-standard-emoji-assets\/14.0\/google-medium\/25b6-fe0f.png\" alt=\":seta_para_frente:\"><a href=\"https:\/\/www.twitch.tv\/grandepremio\" target=\"_blank\" rel=\"noreferrer noopener\">Conhe\u00e7a o canal do GRANDE PR\u00caMIO na Twitch clicando aqui!<\/a><\/strong><\/p>\n\n\n\n<p class=\"wp-block-paragraph\">A categoria m\u00e1xima do automobilismo desembarca em <strong>Montreal<\/strong> neste fim de semana para o <strong>GP do Canad\u00e1<\/strong>, a nona etapa da temporada 2024. Ap\u00f3s vencer apenas uma das \u00faltimas tr\u00eas corridas, a equipe austr\u00edaca ligou o sinal de alerta e espera dar a volta por cima, embora Marko tenha admitido que a atual bicampe\u00e3 <a href=\"https:\/\/www.grandepremio.com\/br\/f1\/noticias\/max-verstappen-preve-dificuldades-red-bull-montreal-nao-sera-nossa-melhor-corrida\/\">n\u00e3o \u00e9 a favorita<\/a> para a prova no circuito <strong>Gilles Villeneuve<\/strong>.<\/p>\n\n\n\n<p class=\"wp-block-paragraph\">&#8220;A <strong>Ferrari<\/strong> est\u00e1 melhor, tamb\u00e9m em termos de velocidade m\u00e1xima. O fato \u00e9 que n\u00e3o vamos para o Canad\u00e1 como favoritos&#8221;, finalizou o consultor da Red Bull.<\/p>\n\n\n\n<p class=\"wp-block-paragraph\">O\u00a0<strong>GRANDE PR\u00caMIO<\/strong>\u00a0acompanha\u00a0<a href=\"https:\/\/www.grandepremio.com\/br\/ao-vivo\/f1\/\" target=\"_blank\" rel=\"noreferrer noopener\">AO VIVO e EM\u00a0<\/a><a href=\"https:\/\/www.grandepremio.com\/br\/ao-vivo\/\" target=\"_blank\" rel=\"noreferrer noopener\">TEMPO REAL<\/a>\u00a0todas as atividades do GP do Canad\u00e1 de\u00a0<a href=\"https:\/\/www.grandepremio.com\/br\/f1\/\" target=\"_blank\" rel=\"noreferrer noopener\">F\u00f3rmula 1<\/a>\u00a0e transmite classifica\u00e7\u00e3o e corrida em segunda tela, em parceria com a Voz do Esporte, na\u00a0<a href=\"https:\/\/www.youtube.com\/c\/GrandePremioTV\/streams\" target=\"_blank\" rel=\"noreferrer noopener\">GPTV, o canal do GP no Youtube<\/a>. Al\u00e9m disso, debate tudo que aconteceu na pista com o Briefing ap\u00f3s classifica\u00e7\u00e3o e corrida. Na sexta-feira (7), o\u00a0<strong>TL1\u00a0<\/strong>est\u00e1 marcado para as\u00a0<strong>14h30<\/strong>\u00a0(de Bras\u00edlia, GMT-3), enquanto o\u00a0\u00a0<strong>TL2<\/strong>\u00a0encerra o dia \u00e0s\u00a0<strong>18h<\/strong>. No s\u00e1bado, o\u00a0<strong>TL3\u00a0<\/strong>abre as atividades \u00e0s\u00a0<strong>13h30<\/strong>, ao passo que a classifica\u00e7\u00e3o est\u00e1 marcada para as\u00a0<strong>17h<\/strong>. Por fim, a\u00a0<strong>largada<\/strong>\u00a0est\u00e1 marcada para as\u00a0<strong>15h\u00a0<\/strong>do domingo.<\/p>\n\n\n\n<figure class=\"wp-block-embed is-type-video is-provider-youtube wp-block-embed-youtube wp-embed-aspect-16-9 wp-has-aspect-ratio\"><div class=\"wp-block-embed__wrapper\">\n<iframe loading=\"lazy\" title=\"O FUTURO da F1: tudo sobre o REGULAMENTO 2026 + RED BULL teme nova DERROTA no GP do CANAD\u00c1 | WGP\" width=\"500\" height=\"281\" src=\"https:\/\/www.youtube.com\/embed\/v8Kk9aYpb18?feature=oembed\" frameborder=\"0\" allow=\"accelerometer; autoplay; clipboard-write; encrypted-media; gyroscope; picture-in-picture; web-share\" referrerpolicy=\"strict-origin-when-cross-origin\" allowfullscreen><\/iframe>\n<\/div><\/figure>\n","protected":false},"excerpt":{"rendered":"<p>Consultor da Red Bull, Helmut Marko disse que Ferrari \u00e9 favorita \u00e0 vit\u00f3ria no GP do Canad\u00e1 e afirmou que equipe austr\u00edaca precisa &#8220;unir for\u00e7as&#8221; se quiser vencer o Mundial de Construtores<\/p>\n","protected":false},"author":0,"featured_media":1000787404,"comment_status":"closed","ping_status":"closed","sticky":false,"template":"","format":"standard","meta":{"42wp_featured_image_caption":"","42wp_featured_image_credits":"","42wp_featured_video":"","42wp_featured_image_hidden":false,"42wp_authors_list":[],"footnotes":""},"categories":[2],"tags":[655,4924,5660,969,147,3230,642,160,180,30909,14357,39696,1491,30103,28285,258,4486,204],"42wp_author":[47160],"class_list":["post-74855","post","type-post","status-publish","format-standard","has-post-thumbnail","hentry","category-f1","tag-christian-horner","tag-circuito-gilles-villeneuve","tag-classificacao","tag-corrida","tag-f1","tag-f1-2024","tag-f1-ao-vivo","tag-f1-tv","tag-formula-1","tag-formula-1-2024","tag-gp-do-canada","tag-gp-do-canada-2024","tag-grande-premio","tag-grande-premio-f1","tag-grandepremio","tag-helmut-marko","tag-montreal","tag-red-bull","42wp_author-vicente-soella"],"_links":{"self":[{"href":"https:\/\/grandepremio.com\/br\/wp-json\/wp\/v2\/posts\/74855","targetHints":{"allow":["GET"]}}],"collection":[{"href":"https:\/\/grandepremio.com\/br\/wp-json\/wp\/v2\/posts"}],"about":[{"href":"https:\/\/grandepremio.com\/br\/wp-json\/wp\/v2\/types\/post"}],"replies":[{"embeddable":true,"href":"https:\/\/grandepremio.com\/br\/wp-json\/wp\/v2\/comments?post=74855"}],"version-history":[{"count":0,"href":"https:\/\/grandepremio.com\/br\/wp-json\/wp\/v2\/posts\/74855\/revisions"}],"wp:featuredmedia":[{"embeddable":true,"href":"https:\/\/grandepremio.com\/br\/wp-json\/wp\/v2\/media\/1000787404"}],"wp:attachment":[{"href":"https:\/\/grandepremio.com\/br\/wp-json\/wp\/v2\/media?parent=74855"}],"wp:term":[{"taxonomy":"category","embeddable":true,"href":"https:\/\/grandepremio.com\/br\/wp-json\/wp\/v2\/categories?post=74855"},{"taxonomy":"post_tag","embeddable":true,"href":"https:\/\/grandepremio.com\/br\/wp-json\/wp\/v2\/tags?post=74855"},{"taxonomy":"42wp_author","embeddable":true,"href":"https:\/\/grandepremio.com\/br\/wp-json\/wp\/v2\/42wp_author?post=74855"}],"curies":[{"name":"wp","href":"https:\/\/api.w.org\/{rel}","templated":true}]}}