{"id":74917,"date":"2024-06-06T03:45:00","date_gmt":"2024-06-06T06:45:00","guid":{"rendered":"https:\/\/grandepremio.com\/br\/noticias\/quais-os-horarios-gp-do-canada-formula-1-2024\/"},"modified":"2024-06-05T15:13:04","modified_gmt":"2024-06-05T18:13:04","slug":"quais-os-horarios-gp-do-canada-formula-1-2024","status":"publish","type":"post","link":"https:\/\/grandepremio.com\/br\/f1\/quais-os-horarios-gp-do-canada-formula-1-2024\/","title":{"rendered":"Quais os hor\u00e1rios do GP do Canad\u00e1 da F\u00f3rmula 1 2024"},"content":{"rendered":"\n<p class=\"wp-block-paragraph\">Depois das provas realizadas no\u00a0<strong>Bahrein<\/strong>,\u00a0<strong>Ar\u00e1bia Saudita<\/strong>,\u00a0<strong>Austr\u00e1lia<\/strong>,\u00a0<strong>Jap\u00e3o<\/strong>,\u00a0<strong>China<\/strong>,\u00a0<strong>Miami<\/strong>, <strong>Em\u00edlia-Romanha<\/strong> e <strong>M\u00f4naco<\/strong>, a\u00a0<strong>F\u00f3rmula 1<\/strong>\u00a0desembarca neste fim de semana<strong>\u00a0<\/strong>em <strong>Montreal<\/strong> para disputar o\u00a0<strong>GP do Canad\u00e1<\/strong>, nona etapa da temporada 2024.\u00a0Confira todos os hor\u00e1rios para n\u00e3o perder nada!<\/p>\n\n\n\n<p class=\"wp-block-paragraph\">O fim de semana da\u00a0F\u00f3rmula 1\u00a0no circuito <strong>Gilles Villeneuve<\/strong> come\u00e7a na sexta-feira (7), com o\u00a0<strong>treino livre 1<\/strong>\u00a0programado para as\u00a0<strong>14h30\u00a0<\/strong>(hor\u00e1rio de Bras\u00edlia). No mesmo dia, o\u00a0<strong>treino livre 2<\/strong>\u00a0acontece a partir de\u00a0<strong>18h<\/strong>.<\/p>\n\n\n\n<p class=\"wp-block-paragraph\">No s\u00e1bado, o\u00a0<strong>terceiro e \u00faltimo treino livre<\/strong>\u00a0abre o dia a partir de\u00a0<strong>13h30<\/strong>, enquanto a\u00a0<strong>classifica\u00e7\u00e3o\u00a0<\/strong>para a corrida acontece \u00e0s\u00a0<strong>17h<\/strong>. Por fim, a\u00a0<strong>largada\u00a0<\/strong>da nona etapa da temporada est\u00e1 prevista para as\u00a0<strong>15h\u00a0<\/strong>de domingo, dia 9.<\/p>\n\n\n\n<p class=\"wp-block-paragraph\">Os treinos livres ter\u00e3o\u00a0<a href=\"https:\/\/formula1aovivo.com\/\" target=\"_blank\" rel=\"noreferrer noopener\">transmiss\u00e3o<\/a>\u00a0<a href=\"https:\/\/formula1aovivo.com\/\" target=\"_blank\" rel=\"noreferrer noopener\">ao vivo<\/a>\u00a0do canal fechado\u00a0<strong>BandSports\u00a0<\/strong>e da\u00a0<strong>F1TV<\/strong>, servi\u00e7o oficial de streaming da categoria, al\u00e9m do\u00a0<strong><a href=\"https:\/\/www.grandepremio.com\/br\/ao-vivo\/\" target=\"_blank\" rel=\"noreferrer noopener\">TEMPO REAL<\/a><\/strong>\u00a0do\u00a0<strong>GRANDE<\/strong>\u00a0<strong>PR\u00caMIO<\/strong>. Classifica\u00e7\u00e3o e corrida, por outro lado, passam no canal aberto da\u00a0<strong>Band<\/strong>\u00a0e na\u00a0<strong>segunda tela<\/strong>\u00a0do\u00a0<strong>GP<\/strong><\/p>\n\n\n\n<p class=\"wp-block-paragraph\">O\u00a0<strong>GRANDE PR\u00caMIO<\/strong>\u00a0acompanha todas as atividades do fim de semana<strong>\u00a0<a href=\"https:\/\/www.grandepremio.com\/br\/ao-vivo\/f1\/\">EM\u00a0<\/a><a href=\"https:\/\/www.grandepremio.com\/br\/ao-vivo\/\" target=\"_blank\" rel=\"noreferrer noopener\">TEMPO REAL<\/a><\/strong>\u00a0e transmite classifica\u00e7\u00e3o e corrida em segunda tela, em parceria com a <strong>Voz do Esporte<\/strong>, na\u00a0<strong><a href=\"https:\/\/www.youtube.com\/c\/GrandePremioTV\/streams\">GPTV<\/a><\/strong>. Al\u00e9m disso, debate tudo o que aconteceu na pista com o\u00a0<strong>BRIEFING\u00a0<\/strong>ap\u00f3s cada dia de atividade.<\/p>\n\n\n\n<p class=\"wp-block-paragraph\"><strong><img decoding=\"async\" src=\"https:\/\/a.slack-edge.com\/production-standard-emoji-assets\/14.0\/google-medium\/25b6-fe0f.png\" alt=\":seta_para_frente:\">\u00a0Inscreva-se nos dois canais do GRANDE PR\u00caMIO no YouTube:\u00a0<a href=\"https:\/\/www.youtube.com\/channel\/UC9OlHEgxoaY6QY6nWPoiqQg?sub_confirmation=1\" target=\"_blank\" rel=\"noreferrer noopener\">GP<\/a>\u00a0|\u00a0<a href=\"https:\/\/www.youtube.com\/channel\/UC9csiS6q_C3C0FYhyr1rnFA?sub_confirmation=1\" target=\"_blank\" rel=\"noreferrer noopener\">GP2<\/a><\/strong><br><strong><img decoding=\"async\" src=\"https:\/\/a.slack-edge.com\/production-standard-emoji-assets\/14.0\/google-medium\/25b6-fe0f.png\" alt=\":seta_para_frente:\">\u00a0<a href=\"https:\/\/www.twitch.tv\/grandepremio\" target=\"_blank\" rel=\"noreferrer noopener\">Conhe\u00e7a o canal do GRANDE PR\u00caMIO na Twitch clicando aqui!<\/a><\/strong><\/p>\n\n\n\n<figure class=\"wp-block-image size-large\"><img decoding=\"async\" src=\"https:\/\/www.grandepremio.com\/br\/wp-content\/uploads\/2023\/06\/f1-2023-canada-corrida-redbull-maxverstappen-03-1024x683.jpg\" alt=\"\" class=\"wp-image-697550\"\/><figcaption class=\"wp-element-caption\">Max Verstappen venceu o GP do Canad\u00e1 em 2023 (Foto: Red Bull Content Pool)<\/figcaption><\/figure>\n\n\n\n<figure class=\"wp-block-embed is-type-video is-provider-youtube wp-block-embed-youtube wp-embed-aspect-16-9 wp-has-aspect-ratio\"><div class=\"wp-block-embed__wrapper\">\n<iframe loading=\"lazy\" title=\"GRANDES AN\u00daNCIOS: MARC M\u00c1RQUEZ na DUCATI na MOTOGP + P\u00c9REZ na RED BULL na F1 | TTGP #138\" width=\"500\" height=\"281\" src=\"https:\/\/www.youtube.com\/embed\/YZhjSTaYims?feature=oembed\" frameborder=\"0\" allow=\"accelerometer; autoplay; clipboard-write; encrypted-media; gyroscope; picture-in-picture; web-share\" referrerpolicy=\"strict-origin-when-cross-origin\" allowfullscreen><\/iframe>\n<\/div><\/figure>\n","protected":false},"excerpt":{"rendered":"<p>A F\u00f3rmula 1 parte para a nona etapa da temporada 2024 neste domingo, no GP do Canad\u00e1. Confira os hor\u00e1rios de todas as atividades<\/p>\n","protected":false},"author":0,"featured_media":1000697548,"comment_status":"closed","ping_status":"closed","sticky":false,"template":"","format":"standard","meta":{"42wp_featured_image_caption":"","42wp_featured_image_credits":"","42wp_featured_video":"","42wp_featured_image_hidden":false,"42wp_authors_list":[],"footnotes":""},"categories":[2],"tags":[4924,5660,969,147,3230,642,160,180,30909,14357,39696,1491,30103,28285,4486],"42wp_author":[47160],"class_list":["post-74917","post","type-post","status-publish","format-standard","has-post-thumbnail","hentry","category-f1","tag-circuito-gilles-villeneuve","tag-classificacao","tag-corrida","tag-f1","tag-f1-2024","tag-f1-ao-vivo","tag-f1-tv","tag-formula-1","tag-formula-1-2024","tag-gp-do-canada","tag-gp-do-canada-2024","tag-grande-premio","tag-grande-premio-f1","tag-grandepremio","tag-montreal","42wp_author-vicente-soella"],"_links":{"self":[{"href":"https:\/\/grandepremio.com\/br\/wp-json\/wp\/v2\/posts\/74917","targetHints":{"allow":["GET"]}}],"collection":[{"href":"https:\/\/grandepremio.com\/br\/wp-json\/wp\/v2\/posts"}],"about":[{"href":"https:\/\/grandepremio.com\/br\/wp-json\/wp\/v2\/types\/post"}],"replies":[{"embeddable":true,"href":"https:\/\/grandepremio.com\/br\/wp-json\/wp\/v2\/comments?post=74917"}],"version-history":[{"count":0,"href":"https:\/\/grandepremio.com\/br\/wp-json\/wp\/v2\/posts\/74917\/revisions"}],"wp:featuredmedia":[{"embeddable":true,"href":"https:\/\/grandepremio.com\/br\/wp-json\/wp\/v2\/media\/1000697548"}],"wp:attachment":[{"href":"https:\/\/grandepremio.com\/br\/wp-json\/wp\/v2\/media?parent=74917"}],"wp:term":[{"taxonomy":"category","embeddable":true,"href":"https:\/\/grandepremio.com\/br\/wp-json\/wp\/v2\/categories?post=74917"},{"taxonomy":"post_tag","embeddable":true,"href":"https:\/\/grandepremio.com\/br\/wp-json\/wp\/v2\/tags?post=74917"},{"taxonomy":"42wp_author","embeddable":true,"href":"https:\/\/grandepremio.com\/br\/wp-json\/wp\/v2\/42wp_author?post=74917"}],"curies":[{"name":"wp","href":"https:\/\/api.w.org\/{rel}","templated":true}]}}