{"id":74927,"date":"2024-06-05T14:38:48","date_gmt":"2024-06-05T17:38:48","guid":{"rendered":"https:\/\/grandepremio.com\/br\/noticias\/f1-revela-grande-esforco-coreia-do-sul-tailandia-mas-ve-calendario-no-limite\/"},"modified":"2024-06-05T15:16:35","modified_gmt":"2024-06-05T18:16:35","slug":"f1-revela-grande-esforco-coreia-do-sul-tailandia-mas-ve-calendario-no-limite","status":"publish","type":"post","link":"https:\/\/grandepremio.com\/br\/f1\/f1-revela-grande-esforco-coreia-do-sul-tailandia-mas-ve-calendario-no-limite\/","title":{"rendered":"F1 revela &#8220;grande esfor\u00e7o&#8221; de Coreia do Sul e Tail\u00e2ndia, mas v\u00ea calend\u00e1rio &#8220;no limite&#8221;"},"content":{"rendered":"\n<p class=\"wp-block-paragraph\">O aumento visto na popularidade da <strong>F\u00f3rmula 1<\/strong> ao longo dos \u00faltimos anos virou um enorme atrativo para diversos circuitos que esperam um dia ter a oportunidade de fazer parte do calend\u00e1rio da categoria. <strong>Greg Maffei<\/strong>, CEO do Liberty Media \u2014 grupo que det\u00e9m os direitos comerciais da classe rainha \u2014, revelou que pa\u00edses como <strong>Coreia do Sul<\/strong>, <strong>Tail\u00e2ndia<\/strong> e <strong>Indon\u00e9sia<\/strong> est\u00e3o fazendo &#8220;grandes esfor\u00e7os&#8221; para conseguirem sediar uma prova, apesar de ser &#8220;altamente improv\u00e1vel&#8221; que o n\u00famero de etapas ultrapasse as 24 atuais.<\/p>\n\n\n\n<p class=\"wp-block-paragraph\">Durante o <strong>GP do Jap\u00e3o<\/strong>, realizado no dia 7 de abril, por exemplo, <strong>Yoo Jeong-bok<\/strong>, prefeito de <strong>Incheon<\/strong>, cidade localizada na costa ocidental da Coreia do Sul, <a href=\"https:\/\/www.grandepremio.com\/br\/f1\/noticias\/incheon-apresenta-interesse-receber-formula-1-volta-coreia-do-sul\/\">esteve presente<\/a> no circuito de <strong>Suzuka<\/strong> para se reunir com <strong>Stefano Domenicali<\/strong>, diretor-executivo da <strong>F1<\/strong>. Algumas semanas depois, em <strong>\u00cdmola<\/strong>, foi a vez de <strong>Srettha Thavisin<\/strong>, primeiro-ministro tailand\u00eas, <a href=\"https:\/\/www.grandepremio.com\/br\/f1\/noticias\/tailandia-conversa-f1-receber-etapa-2027-ou-2028-circuito-rua\/\">acompanhar o<\/a> <strong>GP da Em\u00edlia-Romanha<\/strong>.<\/p>\n\n\n\n<p class=\"wp-block-paragraph\">Apesar do alto n\u00famero de interessados, Maffei descartou a possibilidade de expandir o calend\u00e1rio da <strong>F1<\/strong> para al\u00e9m das 24 corridas que j\u00e1 acontecem atualmente. Vale lembrar que no in\u00edcio deste ano, em 23 de janeiro, a cidade de <strong>Madri<\/strong> <a href=\"https:\/\/www.grandepremio.com\/br\/f1\/noticias\/formula-1-confirma-acordo-madri-vira-casa-f1-espanha-partir-2026\/\">foi oficializada como a casa do<\/a> <strong>GP da Espanha<\/strong> a partir de 2026, embora os respons\u00e1veis pelo circuito da <strong>Catalunha<\/strong> ainda trabalhem para manter <strong>Barcelona<\/strong> no Mundial.<\/p>\n\n\n\n<p class=\"wp-block-paragraph\">&#8220;Sim, acho altamente improv\u00e1vel que ultrapassemos 24 [corridas]&#8221;, disse Greg durante uma participa\u00e7\u00e3o no podcast <em>Beyond the Grid<\/em>. &#8220;\u00c9 evidente que existem tens\u00f5es por causa deste n\u00famero, e estamos trabalhando duro para tentar reduzi-lo. Sabe, quando montamos a programa\u00e7\u00e3o desses circuitos, tentamos atender algumas restri\u00e7\u00f5es&#8221;, continuou.<\/p>\n\n\n\n<figure class=\"wp-block-image size-large\"><img decoding=\"async\" src=\"https:\/\/www.grandepremio.com\/br\/wp-content\/uploads\/2024\/01\/F1-2024-GP-DE-MADRID-APRESENTACAO-IFEMA-1024x768.jpeg\" alt=\"\" class=\"wp-image-771461\"\/><figcaption class=\"wp-element-caption\">Apesar do acordo com Madri, F1 colocou Catalunha como foco (Foto: IFEMA)<\/figcaption><\/figure>\n\n\n\n<p class=\"wp-block-paragraph\">&#8220;H\u00e1 alguns lugares em que as corridas acontecem sempre na mesma \u00e9poca. Nos <strong>Estados Unidos<\/strong>, o feriado do &#8216;Memorial Day&#8217; acontece na data do <strong>GP de M\u00f4naco<\/strong>.&nbsp;[A etapa em] <strong>Silverstone<\/strong>&nbsp;\u00e9 sempre por volta de 4 de julho, se aproveitando de mais um feriado norte-americano, enquanto <strong>Monza<\/strong> fica perto do dia do trabalho, novamente, outro feriado dos Estados Unido. Ent\u00e3o \u00e9 dif\u00edcil mudar essas datas&#8221;, explicou o CEO do Liberty Media.<\/p>\n\n\n\n<p class=\"wp-block-paragraph\">&#8220;Tentamos otimizar as vendas, a dist\u00e2ncia, o clima, mas temos esses locais hist\u00f3ricos em momentos hist\u00f3ricos. Por ser t\u00e3o dif\u00edcil montar esse calend\u00e1rio, 24 [corridas] provavelmente nos coloca no limite&#8221;, declarou Maffei, revelando que a F1 esteve muito pr\u00f3xima de fechar um acordo para retornar ao continente africano.<\/p>\n\n\n\n<p class=\"wp-block-paragraph\">&#8220;Certamente tentamos realizar uma corrida na <strong>\u00c1frica<\/strong>, mas n\u00e3o tivemos sucesso. Seria \u00f3timo ter uma etapa por l\u00e1. Chegamos muito perto [de um acordo] com a <strong>\u00c1frica do Sul<\/strong>, mas n\u00e3o conseguimos fazer dar certo. Continuamos analisando&#8221;, lamentou. &#8220;H\u00e1 muita procura em outros locais, incluindo no sudeste asi\u00e1tico. H\u00e1 um grande esfor\u00e7o por parte da Coreia do Sul e da Tail\u00e2ndia. A Indon\u00e9sia tamb\u00e9m demonstrou interesse em v\u00e1rios momentos&#8221;, acrescentou.<\/p>\n\n\n\n<figure class=\"wp-block-image size-large\"><img decoding=\"async\" src=\"https:\/\/www.grandepremio.com\/br\/wp-content\/uploads\/2023\/07\/f1-2023-belgica-corrida-haas-nicohulkenberg-03-1024x683.jpg\" alt=\"\" class=\"wp-image-713733\"\/><figcaption class=\"wp-element-caption\">Spa-Francorchamps \u00e9 um dos circuitos mais amea\u00e7ados a deixar o calend\u00e1rio (Foto: Haas F1 Team)<\/figcaption><\/figure>\n\n\n\n<p class=\"wp-block-paragraph\"><strong><img decoding=\"async\" src=\"https:\/\/a.slack-edge.com\/production-standard-emoji-assets\/14.0\/google-medium\/25b6-fe0f.png\" alt=\":seta_para_frente:\">&nbsp;Inscreva-se nos dois canais do GRANDE PR\u00caMIO no YouTube:&nbsp;<a href=\"https:\/\/www.youtube.com\/channel\/UC9OlHEgxoaY6QY6nWPoiqQg?sub_confirmation=1\" target=\"_blank\" rel=\"noreferrer noopener\">GP<\/a>&nbsp;|&nbsp;<a href=\"https:\/\/www.youtube.com\/channel\/UC9csiS6q_C3C0FYhyr1rnFA?sub_confirmation=1\" target=\"_blank\" rel=\"noreferrer noopener\">GP2<\/a><\/strong><br><strong><img decoding=\"async\" src=\"https:\/\/a.slack-edge.com\/production-standard-emoji-assets\/14.0\/google-medium\/25b6-fe0f.png\" alt=\":seta_para_frente:\"><a href=\"https:\/\/www.twitch.tv\/grandepremio\" target=\"_blank\" rel=\"noreferrer noopener\">Conhe\u00e7a o canal do GRANDE PR\u00caMIO na Twitch clicando aqui!<\/a><\/strong><\/p>\n\n\n\n<p class=\"wp-block-paragraph\">Com um n\u00famero limitado de corridas por temporada, a categoria precisaria encontrar meios de agradar a todos os mercados caso alguma nova pra\u00e7a seja adicionada nos pr\u00f3ximos anos. No entanto, Maffei n\u00e3o descartou a possibilidade de fazer rod\u00edzio entre os circuitos, al\u00e9m de eliminar os que tiverem menos condi\u00e7\u00f5es de receber a categoria.<\/p>\n\n\n\n<p class=\"wp-block-paragraph\">&#8220;Poder\u00edamos optar por uma rota\u00e7\u00e3o. Tamb\u00e9m existem lugares que t\u00eam maior ou menor probabilidade de permanecerem no calend\u00e1rio&#8221;, finalizou.<\/p>\n\n\n\n<p class=\"wp-block-paragraph\">A&nbsp;<strong><a href=\"https:\/\/www.grandepremio.com\/br\/f1\/\" target=\"_blank\" rel=\"noreferrer noopener\"><\/a><a href=\"https:\/\/www.grandepremio.com\/br\/f1\/\" target=\"_blank\" rel=\"noreferrer noopener\">F\u00f3rmula 1<\/a><\/strong>&nbsp;retorna de&nbsp;<strong>7 a 9 de junho<\/strong>&nbsp;com o<strong>&nbsp;GP do Canad\u00e1<\/strong>, nona etapa da&nbsp;<strong>temporada 2024<\/strong>.<\/p>\n\n\n\n<figure class=\"wp-block-embed is-type-video is-provider-youtube wp-block-embed-youtube wp-embed-aspect-16-9 wp-has-aspect-ratio\"><div class=\"wp-block-embed__wrapper\">\n<iframe loading=\"lazy\" title=\"GRANDES AN\u00daNCIOS: MARC M\u00c1RQUEZ na DUCATI na MOTOGP + P\u00c9REZ na RED BULL na F1 | TTGP #138\" width=\"500\" height=\"281\" src=\"https:\/\/www.youtube.com\/embed\/YZhjSTaYims?feature=oembed\" frameborder=\"0\" allow=\"accelerometer; autoplay; clipboard-write; encrypted-media; gyroscope; picture-in-picture; web-share\" referrerpolicy=\"strict-origin-when-cross-origin\" allowfullscreen><\/iframe>\n<\/div><\/figure>\n","protected":false},"excerpt":{"rendered":"<p>CEO do Liberty Media, Greg Maffei n\u00e3o descartou a possibilidade de trabalhar com rota\u00e7\u00e3o de circuitos no calend\u00e1rio da F\u00f3rmula 1 para atender alta demanda. Coreia do Sul, Tail\u00e2ndia, Indon\u00e9sia e \u00c1frica do Sul s\u00e3o os pa\u00edses mais interessados em sediar uma corrida<\/p>\n","protected":false},"author":0,"featured_media":1000823316,"comment_status":"closed","ping_status":"closed","sticky":false,"template":"","format":"standard","meta":{"42wp_featured_image_caption":"","42wp_featured_image_credits":"","42wp_featured_video":"","42wp_featured_image_hidden":false,"42wp_authors_list":[],"footnotes":""},"categories":[2],"tags":[5660,969,147,3230,642,160,180,30909,1491,30103,28285,5992,714],"42wp_author":[47160],"class_list":["post-74927","post","type-post","status-publish","format-standard","has-post-thumbnail","hentry","category-f1","tag-classificacao","tag-corrida","tag-f1","tag-f1-2024","tag-f1-ao-vivo","tag-f1-tv","tag-formula-1","tag-formula-1-2024","tag-grande-premio","tag-grande-premio-f1","tag-grandepremio","tag-greg-maffei","tag-liberty-media","42wp_author-vicente-soella"],"_links":{"self":[{"href":"https:\/\/grandepremio.com\/br\/wp-json\/wp\/v2\/posts\/74927","targetHints":{"allow":["GET"]}}],"collection":[{"href":"https:\/\/grandepremio.com\/br\/wp-json\/wp\/v2\/posts"}],"about":[{"href":"https:\/\/grandepremio.com\/br\/wp-json\/wp\/v2\/types\/post"}],"replies":[{"embeddable":true,"href":"https:\/\/grandepremio.com\/br\/wp-json\/wp\/v2\/comments?post=74927"}],"version-history":[{"count":0,"href":"https:\/\/grandepremio.com\/br\/wp-json\/wp\/v2\/posts\/74927\/revisions"}],"wp:featuredmedia":[{"embeddable":true,"href":"https:\/\/grandepremio.com\/br\/wp-json\/wp\/v2\/media\/1000823316"}],"wp:attachment":[{"href":"https:\/\/grandepremio.com\/br\/wp-json\/wp\/v2\/media?parent=74927"}],"wp:term":[{"taxonomy":"category","embeddable":true,"href":"https:\/\/grandepremio.com\/br\/wp-json\/wp\/v2\/categories?post=74927"},{"taxonomy":"post_tag","embeddable":true,"href":"https:\/\/grandepremio.com\/br\/wp-json\/wp\/v2\/tags?post=74927"},{"taxonomy":"42wp_author","embeddable":true,"href":"https:\/\/grandepremio.com\/br\/wp-json\/wp\/v2\/42wp_author?post=74927"}],"curies":[{"name":"wp","href":"https:\/\/api.w.org\/{rel}","templated":true}]}}