{"id":75161,"date":"2024-06-03T10:00:00","date_gmt":"2024-06-03T13:00:00","guid":{"rendered":"https:\/\/grandepremio.com\/br\/noticias\/revoltado-lewis-hamilton-nao-aguenta-mais-bagunca-mercedes-formula-1-2024\/"},"modified":"2024-06-03T09:12:16","modified_gmt":"2024-06-03T12:12:16","slug":"revoltado-lewis-hamilton-nao-aguenta-mais-bagunca-mercedes-formula-1-2024","status":"publish","type":"post","link":"https:\/\/grandepremio.com\/br\/f1\/revoltado-lewis-hamilton-nao-aguenta-mais-bagunca-mercedes-formula-1-2024\/","title":{"rendered":"Revoltado! Hamilton n\u00e3o aguenta mais a bagun\u00e7a da Mercedes na F1 2024"},"content":{"rendered":"\n<p class=\"wp-block-paragraph\"><strong>Lewis Hamilton<\/strong> est\u00e1 cansado dos desencontros na <strong>Mercedes<\/strong> nos \u00faltimos anos, mas sobretudo na <strong><a href=\"https:\/\/www.grandepremio.com\/br\/f1\/\">F\u00f3rmula 1<\/a><\/strong> 2024. O heptacampe\u00e3o cada vez faz menos quest\u00e3o de esconder os inc\u00f4modos com o comportamento da equipe e com aquilo que projeto como vis\u00e3o da companhia para si. Definitivamente, j\u00e1 mal pode esperar o fim do campeonato.<\/p>\n\n\n\n<p class=\"wp-block-paragraph\">Tudo piora quando a avalia\u00e7\u00e3o fica para o fato de que Hamilton n\u00e3o tem carro competitiva e a Mercedes foi engolida por <strong>Ferrari<\/strong> e <strong>McLaren<\/strong>, claramente mais capazes que os anglo-alem\u00e3es de pensar o projeto do carro sob as regras atuais. <strong>Pedro Henrique Marum<\/strong> avalia.<\/p>\n\n\n\n<figure class=\"wp-block-embed is-type-rich is-provider-incorporar-manipulador wp-block-embed-incorporar-manipulador wp-embed-aspect-16-9 wp-has-aspect-ratio\"><div class=\"wp-block-embed__wrapper\">\n<iframe loading=\"lazy\" title=\"REVOLTADO! Hamilton N\u00c3O AGUENTA MAIS a BAGUN\u00c7A da Mercedes na F1 2024 | GP \u00e0s 10\" width=\"500\" height=\"281\" src=\"https:\/\/www.youtube.com\/embed\/PmsTVehOlv4?feature=oembed\" frameborder=\"0\" allow=\"accelerometer; autoplay; clipboard-write; encrypted-media; gyroscope; picture-in-picture; web-share\" referrerpolicy=\"strict-origin-when-cross-origin\" allowfullscreen><\/iframe>\n<\/div><\/figure>\n\n\n\n<p class=\"wp-block-paragraph\">A&nbsp;<strong><a href=\"https:\/\/www.grandepremio.com\/br\/f1\/\" target=\"_blank\" rel=\"noreferrer noopener\"><\/a><a href=\"https:\/\/www.grandepremio.com\/br\/f1\/\" target=\"_blank\" rel=\"noreferrer noopener\">F\u00f3rmula 1<\/a><\/strong>&nbsp;retorna de&nbsp;<strong>7 a 9 de junho<\/strong>&nbsp;com o<strong>&nbsp;GP do Canad\u00e1<\/strong>, nona etapa da&nbsp;<strong>temporada 2024<\/strong>.<\/p>\n\n\n\n<p class=\"wp-block-paragraph\"><strong>\u25b6\ufe0f Inscreva-se nos dois canais do&nbsp;GRANDE PR\u00caMIO&nbsp;no YouTube:&nbsp;<a href=\"https:\/\/www.youtube.com\/channel\/UC9OlHEgxoaY6QY6nWPoiqQg?sub_confirmation=1\">GP<\/a>&nbsp;|&nbsp;<a href=\"https:\/\/www.youtube.com\/channel\/UC9csiS6q_C3C0FYhyr1rnFA?sub_confirmation=1\">GP2<\/a><br>\u25b6\ufe0f&nbsp;<a href=\"https:\/\/www.twitch.tv\/grandepremio\">Conhe\u00e7a o canal do&nbsp;GRANDE PR\u00caMIO&nbsp;na Twitch clicando aqui!<\/a><\/strong><\/p>\n","protected":false},"excerpt":{"rendered":"<p>A bagun\u00e7a da Mercedes, o carro ruim e o fim do acordo cada vez mais pr\u00f3ximo torna o inc\u00f4modo de Lewis Hamilton cada vez maior com a equipe <\/p>\n","protected":false},"author":0,"featured_media":1000822076,"comment_status":"closed","ping_status":"closed","sticky":false,"template":"","format":"standard","meta":{"42wp_featured_image_caption":"","42wp_featured_image_credits":"","42wp_featured_video":"","42wp_featured_image_hidden":false,"42wp_authors_list":[],"footnotes":""},"categories":[2],"tags":[5660,3230,642,207,800,213,212,33596,87,82,570,1565],"42wp_author":[47120],"class_list":["post-75161","post","type-post","status-publish","format-standard","has-post-thumbnail","hentry","category-f1","tag-classificacao","tag-f1-2024","tag-f1-ao-vivo","tag-ferrari","tag-george-russell","tag-gp-as-10","tag-gp-as-dez","tag-hamilton-mercedes","tag-lewis-hamilton","tag-mercedes","tag-pedro-henrique-marum","tag-ph-marum","42wp_author-pedro-henrique-marum"],"_links":{"self":[{"href":"https:\/\/grandepremio.com\/br\/wp-json\/wp\/v2\/posts\/75161","targetHints":{"allow":["GET"]}}],"collection":[{"href":"https:\/\/grandepremio.com\/br\/wp-json\/wp\/v2\/posts"}],"about":[{"href":"https:\/\/grandepremio.com\/br\/wp-json\/wp\/v2\/types\/post"}],"replies":[{"embeddable":true,"href":"https:\/\/grandepremio.com\/br\/wp-json\/wp\/v2\/comments?post=75161"}],"version-history":[{"count":0,"href":"https:\/\/grandepremio.com\/br\/wp-json\/wp\/v2\/posts\/75161\/revisions"}],"wp:featuredmedia":[{"embeddable":true,"href":"https:\/\/grandepremio.com\/br\/wp-json\/wp\/v2\/media\/1000822076"}],"wp:attachment":[{"href":"https:\/\/grandepremio.com\/br\/wp-json\/wp\/v2\/media?parent=75161"}],"wp:term":[{"taxonomy":"category","embeddable":true,"href":"https:\/\/grandepremio.com\/br\/wp-json\/wp\/v2\/categories?post=75161"},{"taxonomy":"post_tag","embeddable":true,"href":"https:\/\/grandepremio.com\/br\/wp-json\/wp\/v2\/tags?post=75161"},{"taxonomy":"42wp_author","embeddable":true,"href":"https:\/\/grandepremio.com\/br\/wp-json\/wp\/v2\/42wp_author?post=75161"}],"curies":[{"name":"wp","href":"https:\/\/api.w.org\/{rel}","templated":true}]}}