{"id":75597,"date":"2024-05-30T09:42:12","date_gmt":"2024-05-30T12:42:12","guid":{"rendered":"https:\/\/grandepremio.com\/br\/noticias\/daniel-ricciardo-compara-acidente-queda-braco-alpine-batida-max-verstappen-formula-1-2018\/"},"modified":"2024-05-30T15:50:32","modified_gmt":"2024-05-30T18:50:32","slug":"daniel-ricciardo-compara-acidente-queda-braco-alpine-batida-max-verstappen-formula-1-2018","status":"publish","type":"post","link":"https:\/\/grandepremio.com\/br\/f1\/daniel-ricciardo-compara-acidente-queda-braco-alpine-batida-max-verstappen-formula-1-2018\/","title":{"rendered":"Ricciardo compara acidente &#8220;queda de bra\u00e7o&#8221; da Alpine a batida com Verstappen em 2018"},"content":{"rendered":"\n<p class=\"wp-block-paragraph\">A primeira volta do <strong><a href=\"https:\/\/www.grandepremio.com\/br\/f1\/noticias\/charles-leclerc-espanta-maldicao-vence-gp-monaco-f1-1a-vez-max-verstappen-6\/\">GP de M\u00f4naco<\/a><\/strong> do \u00faltimo fim de semana foi extremamente movimentada. Al\u00e9m do acidente entre <strong>Sergio P\u00e9rez<\/strong> e <strong>Kevin Magnussen<\/strong>, que levou <strong>Nico H\u00fclkenberg<\/strong> a reboque <strong><a href=\"https:\/\/www.grandepremio.com\/br\/f1\/noticias\/sergio-perez-vira-passageiro-apos-toque-kevin-magnussen-prova-paralisada-monaco\/\">e causou bandeira vermelha<\/a><\/strong>, houve ainda <strong><a href=\"https:\/\/www.grandepremio.com\/br\/video\/f1\/companheiros-alpine-esteban-ocon-pierre-gasly-acham-1a-volta-gp-de-monaco\/\">uma colis\u00e3o entre os dois carros<\/a><\/strong> da <strong>Alpine<\/strong>. <strong>Daniel Ricciardo<\/strong>, que assistiu Pierre Gasly e Esteban Ocon de camarote, lembrou de um lance pr\u00f3prio que viveu anos atr\u00e1s.<\/p>\n\n\n\n<p class=\"wp-block-paragraph\">Ricciardo comparou a batida \u00e0quela que ele pr\u00f3prio teve com <strong>Max Verstappen<\/strong>, ent\u00e3o companheiro de equipe na Red Bull, no <strong>GP do Azerbaij\u00e3o de 2018<\/strong>. Na ocasi\u00e3o, os dois abandonaram a prova &#8211; em M\u00f4naco, somente Ocon abandonou e Gasly ainda foi aos pontos, na d\u00e9cima coloca\u00e7\u00e3o.<\/p>\n\n\n\n<p class=\"wp-block-paragraph\">&#8220;Cara, eles estavam tocando roda com roda acho que umas tr\u00eas vezes antes daquilo acontecer. Honestamente, lembrei de Baku 2018, quando Max e eu tocamos umas duas ou tr\u00eas vezes antes do acidente&#8221;, recordou.<\/p>\n\n\n\n<p class=\"wp-block-paragraph\">Naquela ocasi\u00e3o, a situa\u00e7\u00e3o interna come\u00e7a a ser alterada, com Verstappen disparando para se tornar o piloto principal da equipe. Logo em seguida, Ricciardo anunciaria a ida para a Renault, hoje Alpine, em 2019. Por conta do incidente, tanto Ricciardo quanto Verstappen foram punidos internamente e, entre outras coisas, tiveram de pagar todas as despesas de bebidas dos funcion\u00e1rios na festa de fim de ano da equipe. <\/p>\n\n\n\n<figure class=\"wp-block-image size-large\"><img decoding=\"async\" src=\"https:\/\/www.grandepremio.com\/br\/wp-content\/uploads\/2024\/05\/SI202405230367_hires_jpeg_24bit_rgb-1200x800.jpg\" alt=\"F1 2024, GP DE M\u00d4NACO, MONTE CARLO, CIRCUITO, QUINTA-FEIRA, DANIEL RICCIARDO, RED BULL CONTENT POOL\" class=\"wp-image-816922\"\/><figcaption class=\"wp-element-caption\">Daniel Ricciardo avaliou acidente entre Pierre Gasly e Esteban Ocon (Foto: Red Bull Content Pool)<\/figcaption><\/figure>\n\n\n\n<p class=\"wp-block-paragraph\">&#8220;Claro que essa aconteceu num espa\u00e7o muito menor de tempo, mas dava para ver acontecer e lembro de pensar &#8216;Ok, a tens\u00e3o est\u00e1 subindo rapidamente&#8217;. \u00c0s vezes, com companheiros de equipe, as coisas escalam ainda mais rapidamente&#8221;, avaliou.<\/p>\n\n\n\n<p class=\"wp-block-paragraph\">&#8220;Quando vi acontecer [com Gasly e Ocon], n\u00e3o fiquei surpreso, porque a sensa\u00e7\u00e3o era de que nenhum deles queria abrir m\u00e3o e estavam numa competi\u00e7\u00e3o de queda de bra\u00e7o. Tenho certeza de que a equipe n\u00e3o deve estar\u2026 Olha, sei como funciona, sei que n\u00e3o est\u00e3o felizes&#8221;, garantiu.<\/p>\n\n\n\n<p class=\"wp-block-paragraph\">O chefe da Alpine, <strong>Bruno Famin<\/strong>, criticou o movimento de Ocon na curva Portier e <strong><a href=\"https:\/\/www.grandepremio.com\/br\/f1\/noticias\/alpine-critica-esteban-ocon-triste-batida-pierre-gasly-ameaca-havera-consequencias\/\">prometeu &#8220;consequ\u00eancias&#8221;<\/a><\/strong>. O piloto, por outro lado, <strong><a href=\"https:\/\/www.grandepremio.com\/br\/f1\/noticias\/esteban-ocon-admite-culpa-incidente-pierre-gasly-monaco-peco-desculpas-a-equipe\/\">admitiu a culpa pelo incidente<\/a><\/strong>.<\/p>\n\n\n\n<p class=\"wp-block-paragraph\">A&nbsp;<strong><a href=\"https:\/\/www.grandepremio.com\/br\/f1\/\" target=\"_blank\" rel=\"noreferrer noopener\"><\/a><a href=\"https:\/\/www.grandepremio.com\/br\/f1\/\" target=\"_blank\" rel=\"noreferrer noopener\">F\u00f3rmula 1<\/a><\/strong>&nbsp;retorna de&nbsp;<strong>7 a 9 de junho<\/strong>&nbsp;com o<strong>&nbsp;GP do Canad\u00e1<\/strong>, nona etapa da&nbsp;<strong>temporada 2024<\/strong>.<\/p>\n\n\n\n<p class=\"wp-block-paragraph\"><strong>\u25b6\ufe0f Inscreva-se nos dois canais do&nbsp;GRANDE PR\u00caMIO&nbsp;no YouTube:&nbsp;<a href=\"https:\/\/www.youtube.com\/channel\/UC9OlHEgxoaY6QY6nWPoiqQg?sub_confirmation=1\">GP<\/a>&nbsp;|&nbsp;<a href=\"https:\/\/www.youtube.com\/channel\/UC9csiS6q_C3C0FYhyr1rnFA?sub_confirmation=1\">GP2<\/a><br>\u25b6\ufe0f&nbsp;<a href=\"https:\/\/www.twitch.tv\/grandepremio\">Conhe\u00e7a o canal do&nbsp;GRANDE PR\u00caMIO&nbsp;na Twitch clicando aqui!<\/a><\/strong><\/p>\n\n\n\n<figure class=\"wp-block-video\"><video class=\"video-js vjs-big-play-centered\" data-gp-vjs=\"1\" controls src=\"https:\/\/www.grandepremio.com\/br\/wp-content\/uploads\/2024\/05\/f1-monaco-alpine.mp4\"><\/video><figcaption class=\"wp-element-caption\">As Alpine se acharam ainda na primeira volta em M\u00f4naco (V\u00eddeo: DAZN)<\/figcaption><\/figure>\n","protected":false},"excerpt":{"rendered":"<p>Daniel Ricciardo assistiu de camarote ao confronto com direito a colis\u00e3o entre Pierre Gasly e Esteban Ocon no GP de M\u00f4naco. A sequ\u00eancia fez com que lembrasse de uma experi\u00eancia pr\u00f3pria: no GP do Azerbaij\u00e3o de 2018<\/p>\n","protected":false},"author":0,"featured_media":1000819460,"comment_status":"closed","ping_status":"closed","sticky":false,"template":"","format":"standard","meta":{"42wp_featured_image_caption":"","42wp_featured_image_credits":"","42wp_featured_video":"","42wp_featured_image_hidden":false,"42wp_authors_list":[],"footnotes":""},"categories":[2],"tags":[487,20491,27776,34186,27487,566,35624,37759,5660,8235,37760,211,302,3230,642,11958,37761,203,676],"42wp_author":[47120],"class_list":["post-75597","post","type-post","status-publish","format-standard","has-post-thumbnail","hentry","category-f1","tag-acidente","tag-alpine","tag-assistir-f1-ao-vivo","tag-assistir-f1-gratis","tag-assistir-f1-online","tag-batida","tag-calendario-f1-2024","tag-calendario-f1-2024-horarios","tag-classificacao","tag-classificacao-da-f1","tag-classificacao-f1-2024","tag-daniel-ricciardo","tag-esteban-ocon","tag-f1-2024","tag-f1-ao-vivo","tag-f1-live","tag-f1-tv-2024","tag-max-verstappen","tag-pierre-gasly","42wp_author-pedro-henrique-marum"],"_links":{"self":[{"href":"https:\/\/grandepremio.com\/br\/wp-json\/wp\/v2\/posts\/75597","targetHints":{"allow":["GET"]}}],"collection":[{"href":"https:\/\/grandepremio.com\/br\/wp-json\/wp\/v2\/posts"}],"about":[{"href":"https:\/\/grandepremio.com\/br\/wp-json\/wp\/v2\/types\/post"}],"replies":[{"embeddable":true,"href":"https:\/\/grandepremio.com\/br\/wp-json\/wp\/v2\/comments?post=75597"}],"version-history":[{"count":0,"href":"https:\/\/grandepremio.com\/br\/wp-json\/wp\/v2\/posts\/75597\/revisions"}],"wp:featuredmedia":[{"embeddable":true,"href":"https:\/\/grandepremio.com\/br\/wp-json\/wp\/v2\/media\/1000819460"}],"wp:attachment":[{"href":"https:\/\/grandepremio.com\/br\/wp-json\/wp\/v2\/media?parent=75597"}],"wp:term":[{"taxonomy":"category","embeddable":true,"href":"https:\/\/grandepremio.com\/br\/wp-json\/wp\/v2\/categories?post=75597"},{"taxonomy":"post_tag","embeddable":true,"href":"https:\/\/grandepremio.com\/br\/wp-json\/wp\/v2\/tags?post=75597"},{"taxonomy":"42wp_author","embeddable":true,"href":"https:\/\/grandepremio.com\/br\/wp-json\/wp\/v2\/42wp_author?post=75597"}],"curies":[{"name":"wp","href":"https:\/\/api.w.org\/{rel}","templated":true}]}}