{"id":75806,"date":"2024-05-28T08:40:36","date_gmt":"2024-05-28T11:40:36","guid":{"rendered":"https:\/\/grandepremio.com\/br\/noticias\/ferrari-liga-modo-ataque-sobre-red-bull-busca-otimizar-classificacao-em-silverstone\/"},"modified":"2024-05-28T09:24:01","modified_gmt":"2024-05-28T12:24:01","slug":"ferrari-liga-modo-ataque-sobre-red-bull-busca-otimizar-classificacao-em-silverstone","status":"publish","type":"post","link":"https:\/\/grandepremio.com\/br\/f1\/ferrari-liga-modo-ataque-sobre-red-bull-busca-otimizar-classificacao-em-silverstone\/","title":{"rendered":"Ferrari liga modo ataque sobre Red Bull e busca otimizar classifica\u00e7\u00e3o em Silverstone"},"content":{"rendered":"\n<p class=\"wp-block-paragraph\">A <strong>Ferrari <\/strong>mudou o conceito da <strong>SF-24<\/strong> para a temporada 2024 da <strong>F\u00f3rmula 1<\/strong> e, ao contr\u00e1rio do que foi no ano passado, focou em desenvolver um carro com mais ritmo de corrida do que de classifica\u00e7\u00e3o. Apesar de j\u00e1 ter vencido duas provas neste ano, a escuderia de <strong>Maranello <\/strong>viu <strong>Max Verstappen<\/strong> e <strong>Red Bull<\/strong> dominarem as sess\u00f5es que definem o grid de largada e cravarem a pole-position nas primeiras sete etapas. Agora, o time italiano quer retomar a for\u00e7a em volta lan\u00e7ada e, para isso, mira atualiza\u00e7\u00f5es para o <strong>GP da Inglaterra.<\/strong><\/p>\n\n\n\n<p class=\"wp-block-paragraph\">A Ferrari conseguiu impor um ritmo de classifica\u00e7\u00e3o muito forte em 2023 e conquistou sete poles no total, sendo cinco com <strong>Charles Leclerc<\/strong> e outras duas com <strong>Carlos Sainz<\/strong>. O desempenho em corrida da <strong>SF-23<\/strong>, no entanto, deixava a desejar, e apenas a posi\u00e7\u00e3o de honra conquistada pelo #55 no <strong>GP de Singapura<\/strong> foi convertida em vit\u00f3ria.<\/p>\n\n\n\n<p class=\"wp-block-paragraph\">Com tantas dificuldades em corridas, <strong>Fr\u00e9d\u00e9ric Vasseur<\/strong>, chefe da <strong>Ferrari<\/strong>, viu a necessidade de mudar o projeto do carro para torn\u00e1-lo mais r\u00e1pido e eficiente aos domingos. Isso j\u00e1 \u00e9 visto em 2024, e os italianos possuem duas vit\u00f3rias e ocupam o segundo lugar no <strong>Mundial de Construtores<\/strong>.\u00a0<\/p>\n\n\n\n<p class=\"wp-block-paragraph\">Por outro lado, a Ferrari teve um pouco mais de dificuldade em classifica\u00e7\u00f5es e isso a deixou de fora da briga pela vit\u00f3ria no <strong>GP da Em\u00edlia-Romanha<\/strong>, por exemplo, quando foi superada por <strong>Red Bull<\/strong> e <strong>McLaren<\/strong>. Vasseur destacou que a mudan\u00e7a no projeto fez a equipe ficar mais vulner\u00e1vel no que diz respeito a voltas r\u00e1pidas.<\/p>\n\n\n\n<figure class=\"wp-block-image size-large\"><img decoding=\"async\" src=\"https:\/\/www.grandepremio.com\/br\/wp-content\/uploads\/2024\/05\/monaco-2024-f1-corrida-ferrari-carlos-sainz-05-1200x800.jpg\" alt=\"\" class=\"wp-image-819611\"\/><figcaption class=\"wp-element-caption\">A nova atualiza\u00e7\u00f5a da Ferrari est\u00e1 prevista para chegar em Silverstone (Foto: Ferrari)<\/figcaption><\/figure>\n\n\n\n<p class=\"wp-block-paragraph\">\u201cNo ano passado fomos competitivos na classifica\u00e7\u00e3o, mas sofr\u00edamos nas corridas. Tamb\u00e9m t\u00ednhamos alguns problemas em certas curvas e menos em outras. Ent\u00e3o trabalhamos nesses pontos fracos e demos um passo \u00e0 frente, mas isso nos comprometeu um pouco na classifica\u00e7\u00e3o\u201d, disse o dirigente.<\/p>\n\n\n\n<p class=\"wp-block-paragraph\">Mas de acordo com o portal Formu1a.uno, a Ferrari espera reverter o cen\u00e1rio de classifica\u00e7\u00e3o a partir do <strong>GP da Inglaterra<\/strong>, data prevista para chegar o pr\u00f3ximo robusto pacote de atualiza\u00e7\u00f5es da SF-24. Al\u00e9m das mudan\u00e7as em Silverstone, a publica\u00e7\u00e3o ainda afirma que a equipe tamb\u00e9m vai fazer pequenas altera\u00e7\u00f5es no carro entre os GPs do <strong>Canad\u00e1 <\/strong>e da <strong>\u00c1ustria<\/strong>.<\/p>\n\n\n\n<p class=\"wp-block-paragraph\">A&nbsp;<strong><a href=\"https:\/\/www.grandepremio.com\/br\/f1\/\" target=\"_blank\" rel=\"noreferrer noopener\"><\/a><a href=\"https:\/\/www.grandepremio.com\/br\/f1\/\" target=\"_blank\" rel=\"noreferrer noopener\">F\u00f3rmula 1<\/a><\/strong>&nbsp;retorna de&nbsp;<strong>7 a 9 de junho<\/strong>&nbsp;com o<strong>&nbsp;GP do Canad\u00e1<\/strong>, nona etapa da&nbsp;<strong>temporada 2024<\/strong>.<\/p>\n\n\n\n<p class=\"wp-block-paragraph\"><strong><img decoding=\"async\" src=\"https:\/\/a.slack-edge.com\/production-standard-emoji-assets\/14.0\/google-medium\/25b6-fe0f.png\" alt=\":seta_para_frente:\">&nbsp;Inscreva-se nos dois canais do GRANDE PR\u00caMIO no YouTube:&nbsp;<a href=\"https:\/\/www.youtube.com\/channel\/UC9OlHEgxoaY6QY6nWPoiqQg?sub_confirmation=1\" target=\"_blank\" rel=\"noreferrer noopener\">GP<\/a>&nbsp;|&nbsp;<a href=\"https:\/\/www.youtube.com\/channel\/UC9csiS6q_C3C0FYhyr1rnFA?sub_confirmation=1\" target=\"_blank\" rel=\"noreferrer noopener\">GP2<\/a><\/strong><br><strong><img decoding=\"async\" src=\"https:\/\/a.slack-edge.com\/production-standard-emoji-assets\/14.0\/google-medium\/25b6-fe0f.png\" alt=\":seta_para_frente:\"><a href=\"https:\/\/www.twitch.tv\/grandepremio\" target=\"_blank\" rel=\"noreferrer noopener\">Conhe\u00e7a o canal do GRANDE PR\u00caMIO na Twitch clicando aqui!<\/a><\/strong><\/p>\n\n\n\n<figure class=\"wp-block-embed is-type-video is-provider-youtube wp-block-embed-youtube wp-embed-aspect-16-9 wp-has-aspect-ratio\"><div class=\"wp-block-embed__wrapper\">\n<iframe loading=\"lazy\" title=\"VIT\u00d3RIA de Leclerc TIRA Verstappen e Red Bull da ZONA DE CONFORTO na F1 2024 | GP \u00e0s 10\" width=\"500\" height=\"281\" src=\"https:\/\/www.youtube.com\/embed\/UnedrC2lCmI?feature=oembed\" frameborder=\"0\" allow=\"accelerometer; autoplay; clipboard-write; encrypted-media; gyroscope; picture-in-picture; web-share\" referrerpolicy=\"strict-origin-when-cross-origin\" allowfullscreen><\/iframe>\n<\/div><\/figure>\n","protected":false},"excerpt":{"rendered":"<p>Depois de ver Max Verstappen ficar com a pole nas primeiras sete corridas do ano, a Ferrari est\u00e1 preparando um pacote de atualiza\u00e7\u00f5es para neutralizar o tricampe\u00e3o nas classifica\u00e7\u00f5es<\/p>\n","protected":false},"author":0,"featured_media":1000819468,"comment_status":"closed","ping_status":"closed","sticky":false,"template":"","format":"standard","meta":{"42wp_featured_image_caption":"","42wp_featured_image_credits":"","42wp_featured_video":"","42wp_featured_image_hidden":false,"42wp_authors_list":[],"footnotes":""},"categories":[2],"tags":[546,209,207,578,1322,1491,28285,2780,203,204,7672,38169,29528,9685],"42wp_author":[47149],"class_list":["post-75806","post","type-post","status-publish","format-standard","has-post-thumbnail","hentry","category-f1","tag-carlos-sainz","tag-charles-leclerc","tag-ferrari","tag-ferrari-f1","tag-frederic-vasseur","tag-grande-premio","tag-grandepremio","tag-leclerc","tag-max-verstappen","tag-red-bull","tag-sainz","tag-sf-24","tag-vasseur","tag-verstappen","42wp_author-bernardo-castro"],"_links":{"self":[{"href":"https:\/\/grandepremio.com\/br\/wp-json\/wp\/v2\/posts\/75806","targetHints":{"allow":["GET"]}}],"collection":[{"href":"https:\/\/grandepremio.com\/br\/wp-json\/wp\/v2\/posts"}],"about":[{"href":"https:\/\/grandepremio.com\/br\/wp-json\/wp\/v2\/types\/post"}],"replies":[{"embeddable":true,"href":"https:\/\/grandepremio.com\/br\/wp-json\/wp\/v2\/comments?post=75806"}],"version-history":[{"count":0,"href":"https:\/\/grandepremio.com\/br\/wp-json\/wp\/v2\/posts\/75806\/revisions"}],"wp:featuredmedia":[{"embeddable":true,"href":"https:\/\/grandepremio.com\/br\/wp-json\/wp\/v2\/media\/1000819468"}],"wp:attachment":[{"href":"https:\/\/grandepremio.com\/br\/wp-json\/wp\/v2\/media?parent=75806"}],"wp:term":[{"taxonomy":"category","embeddable":true,"href":"https:\/\/grandepremio.com\/br\/wp-json\/wp\/v2\/categories?post=75806"},{"taxonomy":"post_tag","embeddable":true,"href":"https:\/\/grandepremio.com\/br\/wp-json\/wp\/v2\/tags?post=75806"},{"taxonomy":"42wp_author","embeddable":true,"href":"https:\/\/grandepremio.com\/br\/wp-json\/wp\/v2\/42wp_author?post=75806"}],"curies":[{"name":"wp","href":"https:\/\/api.w.org\/{rel}","templated":true}]}}