{"id":75913,"date":"2024-05-27T04:00:00","date_gmt":"2024-05-27T07:00:00","guid":{"rendered":"https:\/\/grandepremio.com\/br\/noticias\/opiniao-gp-charles-leclerc-enfim-quebra-feitico-ganha-chance-recomeco-ferrari\/"},"modified":"2024-05-27T06:38:21","modified_gmt":"2024-05-27T09:38:21","slug":"opiniao-gp-charles-leclerc-enfim-quebra-feitico-ganha-chance-recomeco-ferrari","status":"publish","type":"post","link":"https:\/\/grandepremio.com\/br\/f1\/opiniao-gp-charles-leclerc-enfim-quebra-feitico-ganha-chance-recomeco-ferrari\/","title":{"rendered":"Opini\u00e3o GP: Leclerc enfim quebra feiti\u00e7o e ganha chance de recome\u00e7o com Ferrari"},"content":{"rendered":"\n<p class=\"wp-block-paragraph\"><strong>CHARLES LECLERC PRECISOU DE 1 ANO<\/strong>, 10 meses e 16 dias para subir novamente ao lugar mais alto do p\u00f3dio na F\u00f3rmula 1. Neste meio tempo, o monegasco atravessou uma fase err\u00e1tica e muitas vezes apagada, viu o companheiro de equipe ganhar duas vezes e ainda teve de lidar com um inc\u00f4modo questionamento sobre se a Ferrari, de fato, havia escolhido o &#8216;Carlos&#8217; certo para seguir no time e formar com<strong> Lewis Hamilton<\/strong> a dupla de 2025. Acompanhou tamb\u00e9m a transi\u00e7\u00e3o de chefia dos italianos, entre <strong>Mattia Binotto<\/strong> e <strong>Fr\u00e9d\u00e9ric Vasseur<\/strong>, e s\u00f3 agora parece enfim ter tudo nas m\u00e3os para virar o jogo. Mas faltava vencer.<\/p>\n\n\n\n<p class=\"wp-block-paragraph\">E a vit\u00f3ria nas ruas de casa, no <strong>Principado<\/strong> cravado no sul da <strong>Fran\u00e7a<\/strong>, <a href=\"https:\/\/www.grandepremio.com\/br\/f1\/noticias\/charles-leclerc-espanta-maldicao-vence-gp-monaco-f1-1a-vez-max-verstappen-6\/\">foi caprichosa e exigiu tudo \u2014 da frieza para manter tudo sob controle \u00e0 tens\u00e3o para n\u00e3o se deixar levar pelo passado infeliz<\/a>. Porque, sim, o hist\u00f3rico de Leclerc em<strong> M\u00f4naco<\/strong> era, no m\u00ednimo, uma esp\u00e9cie de maldi\u00e7\u00e3o. Mesmo r\u00e1pido e saindo da pole em outras duas oportunidades, Charles j\u00e1 se viu fora da corrida antes mesmo do apagar das luzes, sem contar o ano em que lamentou as p\u00e9ssimas decis\u00f5es do pit-wall ferrarista. Tamb\u00e9m houve falta de performance e as mazelas da estreia. Agora, tudo ficou para tr\u00e1s e n\u00e3o poderia ser em melhor hora.<\/p>\n\n\n\n<p class=\"wp-block-paragraph\">O caso \u00e9 que agora a Ferrari tem um comando mais assertivo e menos hist\u00e9rico. Vasseur \u00e9 um homem cuidadoso e que entende a demanda do cargo que ocupa. Sob sua chefia, a escuderia italiana foi capaz de se reorganizar e evoluir, e isso se refletiu nos pilotos. O desenvolvimento da <strong>SF-24<\/strong>, modelo que foi pensado inteiramente sob a gest\u00e3o do franc\u00eas, tem sido gradual e eficaz. Por exemplo, neste ano, os engenheiros anularam a falha cr\u00f4nica de desgaste de pneus e entregam um carro veloz e mais equilibrado. A vit\u00f3ria de<strong> Carlos Sainz <\/strong>na <strong>Austr\u00e1lia<\/strong> at\u00e9 levantou d\u00favida sobre a performance real dos italianos, especialmente pela aus\u00eancia de <strong>Max Verstappen<\/strong>, que abandonou com problemas de motor, mas o triunfo em M\u00f4naco foi limpo, com todos os advers\u00e1rios em pista.<\/p>\n\n\n\n<p class=\"wp-block-paragraph\">\u00c9 importante dizer tamb\u00e9m que Leclerc parece confort\u00e1vel no carro que pilota e mais: est\u00e1 maduro, compreendendo tamb\u00e9m os altos e baixos do esporte. Em Monte Carlo, foi o mais r\u00e1pido na sexta-feira, conquistou a pole e venceu de ponta a ponta. A Ferrari finalmente entendeu o regulamento como um todo, e isso abre chances de vit\u00f3rias. Se ser\u00e1 suficiente para brigar pelo t\u00edtulo \u00e9 uma outra quest\u00e3o, mas \u00e9 not\u00f3rio o crescimento e o potencial \u2014 de equipe e piloto. Por isso, um triunfo como esse \u00e9 capaz de mudar a hist\u00f3ria de uma temporada.<\/p>\n\n\n\n<figure class=\"wp-block-embed is-type-video is-provider-youtube wp-block-embed-youtube wp-embed-aspect-16-9 wp-has-aspect-ratio\"><div class=\"wp-block-embed__wrapper\">\n<iframe loading=\"lazy\" title=\"F1 M\u00d4NACO 2024: LECLERC VENCE, PIASTRI E SAINZ NO P\u00d3DIO: tudo sobre a CORRIDA (???) | Briefing\" width=\"500\" height=\"281\" src=\"https:\/\/www.youtube.com\/embed\/JMMcL_lgQjY?feature=oembed\" frameborder=\"0\" allow=\"accelerometer; autoplay; clipboard-write; encrypted-media; gyroscope; picture-in-picture; web-share\" referrerpolicy=\"strict-origin-when-cross-origin\" allowfullscreen><\/iframe>\n<\/div><\/figure>\n\n\n\n<p class=\"wp-block-paragraph\">&#8220;\u00c9 uma sensa\u00e7\u00e3o fant\u00e1stica, foi importante para a equipe e para o Charles. Todos sabemos qual era a situa\u00e7\u00e3o, Charles sempre teve muito azar em M\u00f4naco. Foi uma conquista importante para ele, precisava disso. Agora vamos aproveitar o momento e depois nos concentraremos na pr\u00f3xima&#8221;, disse um satisfeito Vasseur antes de ser jogado ao mar para celebrar o segundo triunfo da Ferrari em oito etapas at\u00e9 aqui em 2024.<\/p>\n\n\n\n<p class=\"wp-block-paragraph\">Fr\u00e9d\u00e9ric tamb\u00e9m corrobora a impress\u00e3o de que M\u00f4naco ser\u00e1 mesmo o ponto de virada. H\u00e1 um ano, a equipe italiana penava atr\u00e1s da Red Bull e, hoje, se aproxima de maneira contundente. O cen\u00e1rio \u00e9 outro, e isso tem feito a diferen\u00e7a. &#8220;Acho que, no ano passado, Charles estava um pouco estressado quando chegamos a M\u00f4naco, mas este ano o vi muito mais relaxado.&#8221;<\/p>\n\n\n\n<p class=\"wp-block-paragraph\">&#8220;Desde a primeira volta no primeiro treino, Charles esteve confort\u00e1vel e teve um ritmo excelente em todas as sess\u00f5es. Mesmo quando houve momentos dif\u00edceis, como no Q1, quando bateu com a asa dianteira em um saco pl\u00e1stico, teve calma e fez um \u00f3timo trabalho. Depois, manteve a corrida sob controle da primeira \u00e0 \u00faltima volta. Honestamente, foi um fim de semana perfeito&#8221;, completou o dirigente franc\u00eas.<\/p>\n\n\n\n<p class=\"wp-block-paragraph\">De fato, foi um fim de semana impec\u00e1vel. Mas \u00e9 tamb\u00e9m verdade que Leclerc tem se mostrado mais consciente a temporada toda. \u00c9 o piloto mais consistente at\u00e9 o momento, tendo pontuado em todas as provas at\u00e9 aqui, sempre entre os quatro primeiros. Ainda, assumiu a vice-lideran\u00e7a do <strong>Mundial de Pilotos<\/strong> e est\u00e1 a 31 pontos de Max Verstappen \u2014 parece muito, mas h\u00e1 ainda 16 etapas pela frente, com mais 4 finais de semana de sprint.<\/p>\n\n\n\n<figure class=\"wp-block-image size-large\"><img decoding=\"async\" src=\"https:\/\/www.grandepremio.com\/br\/wp-content\/uploads\/2024\/05\/10-scuderia-ferrari-monaco-gp-thursday-gallery_503f73af-2f03-4cc5-96ca-b601211813a2-1200x800.jpg\" alt=\"F1 2024, GP DE M\u00d4NACO, MONTE CARLO, QUINTA-FEIRA, FERRARI, FR\u00c9D\u00c9RIC VASSEUR\" class=\"wp-image-816916\"\/><figcaption class=\"wp-element-caption\">O chef\u00e3o Fr\u00e9d\u00e9ric Vasseur \u00e9 o respons\u00e1vel pela reestrutura\u00e7\u00e3o acertada na Ferrari (Foto: Ferrari)<\/figcaption><\/figure>\n\n\n\n<p class=\"wp-block-paragraph\">\u00c9 claro que uma disputa mais firme pelo t\u00edtulo at\u00e9 o fim vai depender de outros fatores, incluindo o pr\u00f3prio tricampe\u00e3o e a McLaren, que segue muito forte. Mas a quest\u00e3o agora \u00e9 que Charles parece ter desatado um n\u00f3 importante, aquele que proporciona uma segunda chance.<\/p>\n\n\n\n<p class=\"wp-block-paragraph\">\u00c9 preciso aproveitar.<\/p>\n\n\n\n<p class=\"wp-block-paragraph\">A&nbsp;<strong><a href=\"https:\/\/www.grandepremio.com\/br\/f1\/\" target=\"_blank\" rel=\"noreferrer noopener\">F\u00f3rmula 1<\/a><\/strong>&nbsp;retorna de&nbsp;<strong>7 a 9 de junho<\/strong>&nbsp;com o<strong>&nbsp;GP do Canad\u00e1<\/strong>, nona etapa da&nbsp;<strong>temporada 2024<\/strong>.<\/p>\n\n\n\n<p class=\"wp-block-paragraph\"><strong>&nbsp;Inscreva-se nos dois canais do GRANDE PR\u00caMIO no YouTube:&nbsp;<a href=\"https:\/\/www.youtube.com\/channel\/UC9OlHEgxoaY6QY6nWPoiqQg?sub_confirmation=1\" target=\"_blank\" rel=\"noreferrer noopener\">GP<\/a>&nbsp;|&nbsp;<a href=\"https:\/\/www.youtube.com\/channel\/UC9csiS6q_C3C0FYhyr1rnFA?sub_confirmation=1\" target=\"_blank\" rel=\"noreferrer noopener\">GP2<\/a><\/strong><br><strong><a href=\"https:\/\/www.twitch.tv\/grandepremio\" target=\"_blank\" rel=\"noreferrer noopener\">Conhe\u00e7a o canal do GRANDE PR\u00caMIO na Twitch clicando aqui!<\/a><\/strong><\/p>\n","protected":false},"excerpt":{"rendered":"<p>A euforia de Charles Leclerc ao vencer o GP de M\u00f4naco significa muito mais do que a sensa\u00e7\u00e3o de enfim vencer em casa. A conquista tamb\u00e9m representa a chance de recome\u00e7ar e tentar virar o jogo n\u00e3o s\u00f3 em termos de campeonato, mas tamb\u00e9m dentro das garagens de Maranello. \u00c9 hora de tirar proveito das oportunidades <\/p>\n","protected":false},"author":0,"featured_media":1000819897,"comment_status":"closed","ping_status":"closed","sticky":false,"template":"","format":"standard","meta":{"42wp_featured_image_caption":"","42wp_featured_image_credits":"","42wp_featured_video":"","42wp_featured_image_hidden":false,"42wp_authors_list":[],"footnotes":""},"categories":[2],"tags":[309,546,209,5660,969,147,3230,642,160,176,207,180,30909,5100,1491,30103,28285,2306,547,87,203,90,82,764,26075,2916,510,1214,5074,204,34066,3132,35345,2052,2048,2036,33981],"42wp_author":[47115],"class_list":["post-75913","post","type-post","status-publish","format-standard","has-post-thumbnail","hentry","category-f1","tag-aston-martin","tag-carlos-sainz","tag-charles-leclerc","tag-classificacao","tag-corrida","tag-f1","tag-f1-2024","tag-f1-ao-vivo","tag-f1-tv","tag-fernando-alonso","tag-ferrari","tag-formula-1","tag-formula-1-2024","tag-gp-de-monaco","tag-grande-premio","tag-grande-premio-f1","tag-grandepremio","tag-grid-de-largada","tag-lando-norris","tag-lewis-hamilton","tag-max-verstappen","tag-mclaren","tag-mercedes","tag-monte-carlo","tag-opiniao-gp","tag-oscar-piastri","tag-pole","tag-pole-position","tag-principado","tag-red-bull","tag-segunda-tela","tag-sergio-perez","tag-temporada-2024","tag-treino-livre-1","tag-treino-livre-2","tag-treinos-livres","tag-voz-do-esporte","42wp_author-evelyn-guimaraes"],"_links":{"self":[{"href":"https:\/\/grandepremio.com\/br\/wp-json\/wp\/v2\/posts\/75913","targetHints":{"allow":["GET"]}}],"collection":[{"href":"https:\/\/grandepremio.com\/br\/wp-json\/wp\/v2\/posts"}],"about":[{"href":"https:\/\/grandepremio.com\/br\/wp-json\/wp\/v2\/types\/post"}],"replies":[{"embeddable":true,"href":"https:\/\/grandepremio.com\/br\/wp-json\/wp\/v2\/comments?post=75913"}],"version-history":[{"count":0,"href":"https:\/\/grandepremio.com\/br\/wp-json\/wp\/v2\/posts\/75913\/revisions"}],"wp:featuredmedia":[{"embeddable":true,"href":"https:\/\/grandepremio.com\/br\/wp-json\/wp\/v2\/media\/1000819897"}],"wp:attachment":[{"href":"https:\/\/grandepremio.com\/br\/wp-json\/wp\/v2\/media?parent=75913"}],"wp:term":[{"taxonomy":"category","embeddable":true,"href":"https:\/\/grandepremio.com\/br\/wp-json\/wp\/v2\/categories?post=75913"},{"taxonomy":"post_tag","embeddable":true,"href":"https:\/\/grandepremio.com\/br\/wp-json\/wp\/v2\/tags?post=75913"},{"taxonomy":"42wp_author","embeddable":true,"href":"https:\/\/grandepremio.com\/br\/wp-json\/wp\/v2\/42wp_author?post=75913"}],"curies":[{"name":"wp","href":"https:\/\/api.w.org\/{rel}","templated":true}]}}