{"id":75957,"date":"2024-05-26T17:14:21","date_gmt":"2024-05-26T20:14:21","guid":{"rendered":"https:\/\/grandepremio.com\/br\/noticias\/rafael-camara-completa-varrida-vitoria-corrida-2-freca-spa-francorchamps\/"},"modified":"2024-05-26T17:16:04","modified_gmt":"2024-05-26T20:16:04","slug":"rafael-camara-completa-varrida-vitoria-corrida-2-freca-spa-francorchamps","status":"publish","type":"post","link":"https:\/\/grandepremio.com\/br\/frec\/rafael-camara-completa-varrida-vitoria-corrida-2-freca-spa-francorchamps\/","title":{"rendered":"C\u00e2mara completa varrida com vit\u00f3ria na corrida 2 da FRECA em Spa-Francorchamps"},"content":{"rendered":"\n<p class=\"wp-block-paragraph\"><strong>Rafael C\u00e2mara<\/strong> n\u00e3o tomou conhecimento dos advers\u00e1rios e conquistou, de ponta a ponta, mais uma vit\u00f3ria na corrida deste domingo (26) na <strong>FRECA<\/strong>. Foi o segundo triunfo em <strong>Spa-Francorchamps<\/strong>, o terceiro na temporada 2024 e a lideran\u00e7a cada vez mais consolidada na categoria.<\/p>\n\n\n\n<p class=\"wp-block-paragraph\">Atr\u00e1s do brasileiro da <strong>Prema<\/strong>, novamente ficou o dinamarqu\u00eas <strong>Noah Str\u00f8msted<\/strong> que teve uma bela remontada na prova ao sair da sexta posi\u00e7\u00e3o e completando em segundo. Fecha o p\u00f3dio na <strong>B\u00e9lgica<\/strong> <strong>James Wharton<\/strong>, que salvou o fim de semana ap\u00f3s problemas durante a classifica\u00e7\u00e3o.<\/p>\n\n\n\n<p class=\"wp-block-paragraph\"><strong>Alessandro Giusti<\/strong>, da <strong>ART Grand Prix<\/strong>, chegou na quarta coloca\u00e7\u00e3o, \u00e0 frente de <strong>Tuukka Taponen<\/strong>. O finland\u00eas da <strong>R-ace GP<\/strong> teve uma grande performance, amea\u00e7ando a lideran\u00e7a de C\u00e2mara nas primeiras voltas da corrida.<\/p>\n\n\n\n<p class=\"wp-block-paragraph\"><strong>Evan Giltaire<\/strong> tamb\u00e9m teve excelente atua\u00e7\u00e3o, saltando da d\u00e9cima para a sexta posi\u00e7\u00e3o. Completam os dez primeiros em Spa <strong>Th\u00e9ophile Na\u00ebl<\/strong> (<strong>Sainteloc Racing<\/strong>), <strong>Enzo Deligny<\/strong> (R-ace GP), <strong>Enzo Peugeot<\/strong> (Sainteloc Racing) e <strong>Brando Badoer<\/strong> (<strong>Van Amersfoort Racing<\/strong>).<\/p>\n\n\n\n<figure class=\"wp-block-image size-large\"><img decoding=\"async\" src=\"https:\/\/www.grandepremio.com\/br\/wp-content\/uploads\/2024\/05\/438398_1108980_spa_fr_eh_6570_scaled_1-1200x800.jpg\" alt=\"\" class=\"wp-image-819942\"\/><figcaption class=\"wp-element-caption\">O p\u00f3dio na corrida 2 da FRECA em Spa-Francorchamps (Foto: Dutch Photo Agency)<\/figcaption><\/figure>\n\n\n\n<p class=\"wp-block-paragraph\"><strong>Ivan Domingues<\/strong> seria o oitavo colocado, n\u00e3o fosse uma penaliza\u00e7\u00e3o de 25s ao final da corrida por ter sido considerado culpado no incidente envolvendo <strong>Roman Bilinski<\/strong>, da <strong>Trident<\/strong>, na reta Kemmel.<\/p>\n\n\n\n<p class=\"wp-block-paragraph\">A classifica\u00e7\u00e3o da FRECA tem C\u00e2mara na ponta com 93 pontos, seguidos por Giltaire (33), Str\u00f8msted, Taponen e Wharton, empatados com 30. A categoria volta em duas semanas para a rodada dupla em Zandvoort, na Holanda.<\/p>\n","protected":false},"excerpt":{"rendered":"<p>\u00c9 a terceira vit\u00f3ria do brasileiro da Prema em quatro corridas da FRECA em 2024, cada vez mais l\u00edder do campeonato com 93 pontos<\/p>\n","protected":false},"author":0,"featured_media":1000819943,"comment_status":"closed","ping_status":"closed","sticky":false,"template":"","format":"standard","meta":{"42wp_featured_image_caption":"","42wp_featured_image_credits":"","42wp_featured_video":"","42wp_featured_image_hidden":false,"42wp_authors_list":[],"footnotes":""},"categories":[49],"tags":[36766,36764,36763,28105,37513,1491,28285,36765,35070,349,27860,108,39136,29817],"42wp_author":[47128],"class_list":["post-75957","post","type-post","status-publish","format-standard","has-post-thumbnail","hentry","category-frec","tag-calendario-frec","tag-classificacao-frec","tag-formula-regional-europeia-da-alpine","tag-freca","tag-freca-2024","tag-grande-premio","tag-grandepremio","tag-horarios-freca","tag-james-wharton","tag-prema","tag-rafael-camara","tag-spa-francorchamps","tag-temporada-2024-freca","tag-tuukka-taponen","42wp_author-guilherme-bloisi"],"_links":{"self":[{"href":"https:\/\/grandepremio.com\/br\/wp-json\/wp\/v2\/posts\/75957","targetHints":{"allow":["GET"]}}],"collection":[{"href":"https:\/\/grandepremio.com\/br\/wp-json\/wp\/v2\/posts"}],"about":[{"href":"https:\/\/grandepremio.com\/br\/wp-json\/wp\/v2\/types\/post"}],"replies":[{"embeddable":true,"href":"https:\/\/grandepremio.com\/br\/wp-json\/wp\/v2\/comments?post=75957"}],"version-history":[{"count":0,"href":"https:\/\/grandepremio.com\/br\/wp-json\/wp\/v2\/posts\/75957\/revisions"}],"wp:featuredmedia":[{"embeddable":true,"href":"https:\/\/grandepremio.com\/br\/wp-json\/wp\/v2\/media\/1000819943"}],"wp:attachment":[{"href":"https:\/\/grandepremio.com\/br\/wp-json\/wp\/v2\/media?parent=75957"}],"wp:term":[{"taxonomy":"category","embeddable":true,"href":"https:\/\/grandepremio.com\/br\/wp-json\/wp\/v2\/categories?post=75957"},{"taxonomy":"post_tag","embeddable":true,"href":"https:\/\/grandepremio.com\/br\/wp-json\/wp\/v2\/tags?post=75957"},{"taxonomy":"42wp_author","embeddable":true,"href":"https:\/\/grandepremio.com\/br\/wp-json\/wp\/v2\/42wp_author?post=75957"}],"curies":[{"name":"wp","href":"https:\/\/api.w.org\/{rel}","templated":true}]}}