{"id":75997,"date":"2024-05-26T14:33:04","date_gmt":"2024-05-26T17:33:04","guid":{"rendered":"https:\/\/grandepremio.com\/br\/noticias\/george-russell-cita-corrida-longa-estranha-diz-fez-maximo-podia-5o-monaco\/"},"modified":"2024-05-26T14:38:44","modified_gmt":"2024-05-26T17:38:44","slug":"george-russell-cita-corrida-longa-estranha-diz-fez-maximo-podia-5o-monaco","status":"publish","type":"post","link":"https:\/\/grandepremio.com\/br\/f1\/george-russell-cita-corrida-longa-estranha-diz-fez-maximo-podia-5o-monaco\/","title":{"rendered":"Russell cita corrida &#8220;longa e estranha&#8221; e diz que &#8220;fez m\u00e1ximo que podia&#8221; com 5\u00ba em M\u00f4naco"},"content":{"rendered":"\n<p class=\"wp-block-paragraph\"><strong>George Russell<\/strong> at\u00e9 conseguiu ir um pouco mais al\u00e9m do que seu companheiro de equipe, <strong>Lewis Hamilton<\/strong>, <a href=\"https:\/\/www.grandepremio.com\/br\/f1\/noticias\/lewis-hamilton-ve-sinais-encorajadores-ritmo-mercedes-apos-7-lugar-monaco\/\">que foi s\u00e9timo<\/a>, e terminou o <strong>GP de M\u00f4naco<\/strong>, <a href=\"https:\/\/www.grandepremio.com\/br\/f1\/noticias\/charles-leclerc-espanta-maldicao-vence-gp-monaco-f1-1a-vez-max-verstappen-6\/\">realizado neste domingo (26)<\/a>, na quinta posi\u00e7\u00e3o. Assim como o heptacampe\u00e3o, o dono do <strong>W15 #63<\/strong> elogiou o ritmo da <strong>Mercedes<\/strong>, mas lamentou o fato de a bandeira vermelha logo na primeira volta \u2014 <a href=\"https:\/\/www.grandepremio.com\/br\/video\/f1\/keving-magnussen-forca-ultrapassagem-sergio-perez-causa-batida-forte-tira-nico-hulkenberg-do-gp-de-monaco\/\">causada pelo acidente entre<\/a> <strong>Sergio P\u00e9rez<\/strong> e <strong>Kevin Magnussen<\/strong> \u2014 ter anulado a guerra de estrat\u00e9gias entre as equipes.<\/p>\n\n\n\n<p class=\"wp-block-paragraph\">O brit\u00e2nico at\u00e9 come\u00e7ou bem o fim de semana, quando terminou o primeiro treino livre na terceira posi\u00e7\u00e3o, ficando atr\u00e1s apenas de Hamilton e <strong>Charles Leclerc<\/strong>, <a href=\"https:\/\/www.grandepremio.com\/br\/f1\/noticias\/charles-leclerc-recorda-esforco-pai-se-emociona-fez-de-tudo-para-eu-vencer-monaco\/\">vencedor da prova<\/a>. Na classifica\u00e7\u00e3o, as margens para os rivais at\u00e9 foram pequenas, mas Russell n\u00e3o conseguiu ir al\u00e9m do quinto posto, mesmo lugar em que cruzou a linha de chegada nas estreitas ruas de <strong>Monte Carlo<\/strong>, n\u00e3o amea\u00e7ando o top-4 em nenhum momento.<\/p>\n\n\n\n<p class=\"wp-block-paragraph\">&#8220;Foi uma corrida longa e estranha. Nas primeiras 30 voltas est\u00e1vamos apenas passeando&#8221;, disse Russell, lembrando da press\u00e3o que sofreu de <strong>Max Verstappen<\/strong> nos giros finais, ap\u00f3s o neerland\u00eas parar nos boxes e cal\u00e7ar pneus duros novos, conseguindo se aproximar bem do brit\u00e2nico e receber a bandeirada final apenas 0s544 atr\u00e1s.<\/p>\n\n\n\n<p class=\"wp-block-paragraph\">&#8220;Quando Max parou [nos boxes], acelerei tudo que podia e s\u00f3 depois percebi o quanto hav\u00edamos diminu\u00eddo a diferen\u00e7a para as <strong>Ferrari<\/strong> e <strong>McLaren<\/strong>. Fiquei muito satisfeito com isso. Max me pressionou um pouco, mas tudo estava sob controle&#8221;, garantiu George.<\/p>\n\n\n\n<figure class=\"wp-block-image size-large\"><img decoding=\"async\" src=\"https:\/\/www.grandepremio.com\/br\/wp-content\/uploads\/2024\/05\/monaco-2024-f1-classificacao-mercedes-george-russell-02-1200x800.jpg\" alt=\"\" class=\"wp-image-818617\"\/><figcaption class=\"wp-element-caption\">George Russell lamentou a bandeira vermelha na primeira volta (Foto: Mercedes)<\/figcaption><\/figure>\n\n\n\n<p class=\"wp-block-paragraph\"><strong><img decoding=\"async\" src=\"https:\/\/a.slack-edge.com\/production-standard-emoji-assets\/14.0\/google-medium\/25b6-fe0f.png\" alt=\":seta_para_frente:\">&nbsp;Inscreva-se nos dois canais do GRANDE PR\u00caMIO no YouTube:&nbsp;<a href=\"https:\/\/www.youtube.com\/channel\/UC9OlHEgxoaY6QY6nWPoiqQg?sub_confirmation=1\" target=\"_blank\" rel=\"noreferrer noopener\">GP<\/a>&nbsp;|&nbsp;<a href=\"https:\/\/www.youtube.com\/channel\/UC9csiS6q_C3C0FYhyr1rnFA?sub_confirmation=1\" target=\"_blank\" rel=\"noreferrer noopener\">GP2<\/a><\/strong><br><strong><img decoding=\"async\" src=\"https:\/\/a.slack-edge.com\/production-standard-emoji-assets\/14.0\/google-medium\/25b6-fe0f.png\" alt=\":seta_para_frente:\"><a href=\"https:\/\/www.twitch.tv\/grandepremio\" target=\"_blank\" rel=\"noreferrer noopener\">Conhe\u00e7a o canal do GRANDE PR\u00caMIO na Twitch clicando aqui!<\/a><\/strong><\/p>\n\n\n\n<p class=\"wp-block-paragraph\">Com a dificuldade de se conseguir ultrapassar no circuito urbano, as equipes esperavam escalar o grid por meio das estrat\u00e9gias de parada nos boxes, mas com a bandeira vermelha acionada logo na primeira volta da corrida, as mesmas foram por \u00e1gua abaixo. Durante a paralisa\u00e7\u00e3o, a maior parte dos pilotos trocou os pneus e, desta forma, n\u00e3o precisaram mais substituir a borracha nas 77 voltas disputadas.<\/p>\n\n\n\n<p class=\"wp-block-paragraph\">&#8220;Quando a bandeira vermelha apareceu, foi frustrante para todos. A \u00fanica esperan\u00e7a de uma boa corrida em M\u00f4naco era o pouco de tempero que as estrat\u00e9gias trazem, mas as mesmas estavam fora de quest\u00e3o. Conseguimos o m\u00e1ximo que pod\u00edamos&#8221;, finalizou Russell.<\/p>\n\n\n\n<p class=\"wp-block-paragraph\">Com a quinta posi\u00e7\u00e3o no <strong>Principado<\/strong>, o #63 agora soma 54 pontos no Mundial de Pilotos, 12 \u00e0 frente de Hamilton, mas 115 tentos atr\u00e1s de Verstappen, l\u00edder. No Mundial de Construtores, a Mercedes acumulou 96 pontos at\u00e9 aqui e est\u00e1 180 atr\u00e1s da <strong>Red Bull<\/strong>.<\/p>\n\n\n\n<p class=\"wp-block-paragraph\">A\u00a0<strong><a href=\"https:\/\/www.grandepremio.com\/br\/f1\/\" target=\"_blank\" rel=\"noreferrer noopener\">F\u00f3rmula 1<\/a><\/strong>\u00a0retorna de\u00a0<strong>7 a 9 de junho<\/strong>\u00a0com o<strong>\u00a0GP do Canad\u00e1<\/strong>, nona etapa da\u00a0<strong>temporada 2024<\/strong>.<\/p>\n\n\n\n<figure class=\"wp-block-embed is-type-video is-provider-youtube wp-block-embed-youtube wp-embed-aspect-16-9 wp-has-aspect-ratio\"><div class=\"wp-block-embed__wrapper\">\n<iframe loading=\"lazy\" title=\"F1 M\u00d4NACO 2024: LECLERC VENCE, PIASTRI E SAINZ NO P\u00d3DIO: tudo sobre a CORRIDA (???) | Briefing\" width=\"500\" height=\"281\" src=\"https:\/\/www.youtube.com\/embed\/JMMcL_lgQjY?feature=oembed\" frameborder=\"0\" allow=\"accelerometer; autoplay; clipboard-write; encrypted-media; gyroscope; picture-in-picture; web-share\" referrerpolicy=\"strict-origin-when-cross-origin\" allowfullscreen><\/iframe>\n<\/div><\/figure>\n","protected":false},"excerpt":{"rendered":"<p>George Russell ainda lamentou a bandeira vermelha acionada logo na primeira volta do GP de M\u00f4naco, j\u00e1 que, de acordo com ele, a mesma acabou com a guerra de estrat\u00e9gias entre as equipes<\/p>\n","protected":false},"author":0,"featured_media":1000819481,"comment_status":"closed","ping_status":"closed","sticky":false,"template":"","format":"standard","meta":{"42wp_featured_image_caption":"","42wp_featured_image_credits":"","42wp_featured_video":"","42wp_featured_image_hidden":false,"42wp_authors_list":[],"footnotes":""},"categories":[2],"tags":[5660,969,147,3230,642,160,180,30909,800,5100,39603,1491,30103,28285,82,764],"42wp_author":[47160],"class_list":["post-75997","post","type-post","status-publish","format-standard","has-post-thumbnail","hentry","category-f1","tag-classificacao","tag-corrida","tag-f1","tag-f1-2024","tag-f1-ao-vivo","tag-f1-tv","tag-formula-1","tag-formula-1-2024","tag-george-russell","tag-gp-de-monaco","tag-gp-de-monaco-2024","tag-grande-premio","tag-grande-premio-f1","tag-grandepremio","tag-mercedes","tag-monte-carlo","42wp_author-vicente-soella"],"_links":{"self":[{"href":"https:\/\/grandepremio.com\/br\/wp-json\/wp\/v2\/posts\/75997","targetHints":{"allow":["GET"]}}],"collection":[{"href":"https:\/\/grandepremio.com\/br\/wp-json\/wp\/v2\/posts"}],"about":[{"href":"https:\/\/grandepremio.com\/br\/wp-json\/wp\/v2\/types\/post"}],"replies":[{"embeddable":true,"href":"https:\/\/grandepremio.com\/br\/wp-json\/wp\/v2\/comments?post=75997"}],"version-history":[{"count":0,"href":"https:\/\/grandepremio.com\/br\/wp-json\/wp\/v2\/posts\/75997\/revisions"}],"wp:featuredmedia":[{"embeddable":true,"href":"https:\/\/grandepremio.com\/br\/wp-json\/wp\/v2\/media\/1000819481"}],"wp:attachment":[{"href":"https:\/\/grandepremio.com\/br\/wp-json\/wp\/v2\/media?parent=75997"}],"wp:term":[{"taxonomy":"category","embeddable":true,"href":"https:\/\/grandepremio.com\/br\/wp-json\/wp\/v2\/categories?post=75997"},{"taxonomy":"post_tag","embeddable":true,"href":"https:\/\/grandepremio.com\/br\/wp-json\/wp\/v2\/tags?post=75997"},{"taxonomy":"42wp_author","embeddable":true,"href":"https:\/\/grandepremio.com\/br\/wp-json\/wp\/v2\/42wp_author?post=75997"}],"curies":[{"name":"wp","href":"https:\/\/api.w.org\/{rel}","templated":true}]}}