{"id":76415,"date":"2024-05-24T15:22:38","date_gmt":"2024-05-24T18:22:38","guid":{"rendered":"https:\/\/grandepremio.com\/br\/noticias\/oscar-piastri-ve-grid-apertado-apos-sexta-feira-monaco-poderia-ser-1o-ou-10o\/"},"modified":"2024-05-24T15:47:11","modified_gmt":"2024-05-24T18:47:11","slug":"oscar-piastri-ve-grid-apertado-apos-sexta-feira-monaco-poderia-ser-1o-ou-10o","status":"publish","type":"post","link":"https:\/\/grandepremio.com\/br\/f1\/oscar-piastri-ve-grid-apertado-apos-sexta-feira-monaco-poderia-ser-1o-ou-10o\/","title":{"rendered":"Piastri v\u00ea grid apertado ap\u00f3s sexta-feira em M\u00f4naco: \u201cPoderia ser 1\u00ba ou 10\u00ba\u201d"},"content":{"rendered":"\n<p class=\"wp-block-paragraph\">A <strong>McLaren <\/strong>n\u00e3o teve muito brilho durante a sexta-feira de treinos livres em <strong>M\u00f4naco<\/strong>, mas <strong>Oscar Piastri<\/strong> acredita que o desempenho da equipe foi decente nas ruas do principado. De acordo com o australiano, as equipes do pelot\u00e3o da frente est\u00e3o com um ritmo muito pr\u00f3ximo e, apesar de ter ficado com o 12\u00ba lugar no TL2, era poss\u00edvel terminar a sess\u00e3o na lideran\u00e7a. Por isso, o #81 afirmou que a classifica\u00e7\u00e3o vai ser definida no detalhe.<\/p>\n\n\n\n<p class=\"wp-block-paragraph\">A <strong>McLaren<\/strong><a href=\"https:\/\/www.grandepremio.com\/br\/f1\/noticias\/lewis-hamilton-oscar-piastri-mercedes-topo-tl1-gp-monaco-max-verstappen-11o\/\"><strong> <\/strong>utilizou o composto macio durante o TL1<\/a> e viu<strong> Oscar Piastri<\/strong> ficar com a segunda coloca\u00e7\u00e3o, enquanto <strong>Lando Norris<\/strong> foi o quarto. Ambos, no entanto, andaram em um ritmo muito pr\u00f3ximo ao do l\u00edder <strong>Lewis Hamilton<\/strong>. <a href=\"https:\/\/www.grandepremio.com\/br\/f1\/noticias\/charles-leclerc-ferrari-comanda-tl2-gp-monaco-f1-max-verstappen-4o\/\">Na atividade da tarde<\/a>, Piastri caiu para 12\u00ba, enquanto Lando foi quinto.<\/p>\n\n\n\n<p class=\"wp-block-paragraph\">Apesar da perda de terreno no TL2, Piastri acredita que a McLaren teve um dia decente e est\u00e1 confiante de que pode brigar pela pole-position no s\u00e1bado. Afinal, com um grid t\u00e3o pr\u00f3ximo, o desempenho do piloto vai fazer grande diferen\u00e7a na sess\u00e3o que define o grid de largada.<\/p>\n\n\n\n<p class=\"wp-block-paragraph\">\u201cUsamos um jogo de pneus macios no TL1 pois existe uma certa quantidade que podemos usar para nos preparar para a classifica\u00e7\u00e3o. Foi um dia decente, a Ferrari parece r\u00e1pida, a Red Bull parece que est\u00e1 bem, a Mercedes tamb\u00e9m. Estou feliz com o resultado de hoje e com algumas voltas tocando no muro, mas espero que isso n\u00e3o aconte\u00e7a amanh\u00e3\u201d, apontou Oscar.<\/p>\n\n\n\n<figure class=\"wp-block-image size-full\"><img decoding=\"async\" src=\"https:\/\/www.grandepremio.com\/br\/wp-content\/uploads\/2024\/05\/monaco-2024-f1-treinos-livres-mclaren-oscar-piastri-01.jpg\" alt=\"\" class=\"wp-image-817251\"\/><figcaption class=\"wp-element-caption\">Oscar Piastri afirmou que o ritmo das equipes est\u00e1 muito pr\u00f3ximo em M\u00f4naco (Foto: McLaren)<\/figcaption><\/figure>\n\n\n\n<p class=\"wp-block-paragraph\">\u201cPoder\u00edamos ser primeiro, como tamb\u00e9m poder\u00edamos ter sido d\u00e9cimo. Est\u00e1 tudo muito pr\u00f3ximo entre todos. \u00c9 muito interessante, porque est\u00e1 tudo nas m\u00e3os do piloto. Quem acertar a volta vai ficar com a pole\u201d, finalizou Piastri.<\/p>\n\n\n\n<p class=\"wp-block-paragraph\">O\u00a0<strong>GRANDE PR\u00caMIO<\/strong>\u00a0acompanha\u00a0<strong><a href=\"https:\/\/www.grandepremio.com\/br\/ao-vivo\/f1\/\" target=\"_blank\" rel=\"noreferrer noopener\">AO VIVO e EM\u00a0<\/a><a href=\"https:\/\/www.grandepremio.com\/br\/ao-vivo\/\" target=\"_blank\" rel=\"noreferrer noopener\">TEMPO REAL<\/a><\/strong>\u00a0todas as atividades do\u00a0<strong>GP de M\u00f4naco<\/strong>\u00a0de\u00a0<strong><a href=\"https:\/\/www.grandepremio.com\/br\/f1\/\">F\u00f3rmula 1<\/a><\/strong>\u00a0e transmite classifica\u00e7\u00e3o e corrida em segunda tela, em parceria com a Voz do Esporte, na\u00a0<strong><a href=\"https:\/\/www.youtube.com\/c\/GrandePremioTV\/streams\" target=\"_blank\" rel=\"noreferrer noopener\">GPTV, o canal do GP no Youtube<\/a><\/strong>. Al\u00e9m disso, debate tudo que aconteceu na pista com o\u00a0<strong>Briefing<\/strong>\u00a0ap\u00f3s classifica\u00e7\u00e3o e corrida. No\u00a0<strong>s\u00e1bado (25)<\/strong>, o\u00a0<strong>TL3<\/strong>\u00a0abre as atividades \u00e0s\u00a0<strong>7h30<\/strong>\u00a0(de Bras\u00edlia, GMT-3), ao passo que a\u00a0<strong>classifica\u00e7\u00e3o<\/strong>\u00a0est\u00e1 marcada para as\u00a0<strong>11h<\/strong>. Por fim,\u00a0<strong>a largada<\/strong>\u00a0est\u00e1 marcada para as\u00a0<strong>10h<\/strong>\u00a0do domingo.<\/p>\n\n\n\n<p class=\"wp-block-paragraph\"><strong><img decoding=\"async\" src=\"https:\/\/a.slack-edge.com\/production-standard-emoji-assets\/14.0\/google-medium\/25b6-fe0f.png\" alt=\":seta_para_frente:\">\u00a0Inscreva-se nos dois canais do GRANDE PR\u00caMIO no YouTube:\u00a0<a href=\"https:\/\/www.youtube.com\/channel\/UC9OlHEgxoaY6QY6nWPoiqQg?sub_confirmation=1\" target=\"_blank\" rel=\"noreferrer noopener\">GP<\/a>\u00a0|\u00a0<a href=\"https:\/\/www.youtube.com\/channel\/UC9csiS6q_C3C0FYhyr1rnFA?sub_confirmation=1\" target=\"_blank\" rel=\"noreferrer noopener\">GP2<\/a><\/strong><br><strong><img decoding=\"async\" src=\"https:\/\/a.slack-edge.com\/production-standard-emoji-assets\/14.0\/google-medium\/25b6-fe0f.png\" alt=\":seta_para_frente:\"><a href=\"https:\/\/www.twitch.tv\/grandepremio\" target=\"_blank\" rel=\"noreferrer noopener\">Conhe\u00e7a o canal do GRANDE PR\u00caMIO na Twitch clicando aqui!<\/a><\/strong><\/p>\n\n\n\n<figure class=\"wp-block-embed is-type-video is-provider-youtube wp-block-embed-youtube wp-embed-aspect-16-9 wp-has-aspect-ratio\"><div class=\"wp-block-embed__wrapper\">\n<iframe loading=\"lazy\" title=\"F1 M\u00d4NACO 2024: LECLERC e HAMILTON na FRENTE: TEM BRIGA? tudo sobre os treinos livres | Briefing\" width=\"500\" height=\"281\" src=\"https:\/\/www.youtube.com\/embed\/9O43S_zZ8wg?feature=oembed\" frameborder=\"0\" allow=\"accelerometer; autoplay; clipboard-write; encrypted-media; gyroscope; picture-in-picture; web-share\" referrerpolicy=\"strict-origin-when-cross-origin\" allowfullscreen><\/iframe>\n<\/div><\/figure>\n","protected":false},"excerpt":{"rendered":"<p>Com um grid t\u00e3o pr\u00f3ximo, Oscar Piastri afirmou que a classifica\u00e7\u00e3o do GP de M\u00f4naco vai ser emocionante. Afinal, tudo estar\u00e1 \u201cnas m\u00e3os dos pilotos\u201d<\/p>\n","protected":false},"author":0,"featured_media":1000817599,"comment_status":"closed","ping_status":"closed","sticky":false,"template":"","format":"standard","meta":{"42wp_featured_image_caption":"","42wp_featured_image_credits":"","42wp_featured_video":"","42wp_featured_image_hidden":false,"42wp_authors_list":[],"footnotes":""},"categories":[2],"tags":[3230,30909,5100,1491,28285,547,90,4928,2916,30336,36778,32179],"42wp_author":[47149],"class_list":["post-76415","post","type-post","status-publish","format-standard","has-post-thumbnail","hentry","category-f1","tag-f1-2024","tag-formula-1-2024","tag-gp-de-monaco","tag-grande-premio","tag-grandepremio","tag-lando-norris","tag-mclaren","tag-mclaren-f1","tag-oscar-piastri","tag-piastri","tag-piastri-f1","tag-piastri-mclaren","42wp_author-bernardo-castro"],"_links":{"self":[{"href":"https:\/\/grandepremio.com\/br\/wp-json\/wp\/v2\/posts\/76415","targetHints":{"allow":["GET"]}}],"collection":[{"href":"https:\/\/grandepremio.com\/br\/wp-json\/wp\/v2\/posts"}],"about":[{"href":"https:\/\/grandepremio.com\/br\/wp-json\/wp\/v2\/types\/post"}],"replies":[{"embeddable":true,"href":"https:\/\/grandepremio.com\/br\/wp-json\/wp\/v2\/comments?post=76415"}],"version-history":[{"count":0,"href":"https:\/\/grandepremio.com\/br\/wp-json\/wp\/v2\/posts\/76415\/revisions"}],"wp:featuredmedia":[{"embeddable":true,"href":"https:\/\/grandepremio.com\/br\/wp-json\/wp\/v2\/media\/1000817599"}],"wp:attachment":[{"href":"https:\/\/grandepremio.com\/br\/wp-json\/wp\/v2\/media?parent=76415"}],"wp:term":[{"taxonomy":"category","embeddable":true,"href":"https:\/\/grandepremio.com\/br\/wp-json\/wp\/v2\/categories?post=76415"},{"taxonomy":"post_tag","embeddable":true,"href":"https:\/\/grandepremio.com\/br\/wp-json\/wp\/v2\/tags?post=76415"},{"taxonomy":"42wp_author","embeddable":true,"href":"https:\/\/grandepremio.com\/br\/wp-json\/wp\/v2\/42wp_author?post=76415"}],"curies":[{"name":"wp","href":"https:\/\/api.w.org\/{rel}","templated":true}]}}