{"id":76462,"date":"2024-05-24T11:58:41","date_gmt":"2024-05-24T14:58:41","guid":{"rendered":"https:\/\/grandepremio.com\/br\/noticias\/eric-granado-supera-mattia-casadei-garante-pole-motoe-corridas-barcelona\/"},"modified":"2024-05-24T12:04:41","modified_gmt":"2024-05-24T15:04:41","slug":"eric-granado-supera-mattia-casadei-garante-pole-motoe-corridas-barcelona","status":"publish","type":"post","link":"https:\/\/grandepremio.com\/br\/motogp\/eric-granado-supera-mattia-casadei-garante-pole-motoe-corridas-barcelona\/","title":{"rendered":"Granado supera Casadei no fim e garante pole da MotoE para corridas em Barcelona"},"content":{"rendered":"\n<p class=\"wp-block-paragraph\"><strong>Eric Granado<\/strong> voltou a mostrar for\u00e7a no grid da <strong>MotoE<\/strong>. Depois de resultados modestos na <strong>Fran\u00e7a<\/strong>, o brasileiro achou uma grande volta na classifica\u00e7\u00e3o para o <strong>GP da Catalunha<\/strong>, cravou <strong>1min48s215 <\/strong>e ficou com a pole da categoria el\u00e9tica no circuito espanhol.<\/p>\n\n\n\n<p class=\"wp-block-paragraph\">O companheiro<strong> Mattia Casadei <\/strong>tamb\u00e9m andou bem e ficou com a segunda posi\u00e7\u00e3o, mas n\u00e3o teve chance de brigar com o brasileiro por conta de uma bandeira amarela ocasionada por Matteo Ferrari nos minutos finais.<\/p>\n\n\n\n<p class=\"wp-block-paragraph\"><strong>Alessandro Zaccone<\/strong> ficou com a terceira posi\u00e7\u00e3o, seguido por <strong>Nicholas Spinelli<\/strong> e <strong>Oscar Gutierrez<\/strong>, fechando o top-5 no grid em <strong>Barcelona<\/strong>.<\/p>\n\n\n\n<p class=\"wp-block-paragraph\"><strong>Hector Garz\u00f3<\/strong>, <strong>Jordi Torres<\/strong>, <strong>Kevin Zannoni<\/strong>, <strong>Matteo Ferrari<\/strong> e <strong>Lukas Tulovic<\/strong> fecham a lista dos dez melhores no grid da MotoE para a terceira rodada dupla do campeonato.<\/p>\n\n\n\n<figure class=\"wp-block-image size-large\"><img decoding=\"async\" src=\"https:\/\/www.grandepremio.com\/br\/wp-content\/uploads\/2024\/03\/eric-granado-2-1024x682.jpg\" alt=\"\" class=\"wp-image-792147\"\/><figcaption class=\"wp-element-caption\">Eric Granado fez outra pole na temporada 2024 (Foto: LCR)<\/figcaption><\/figure>\n\n\n\n<p class=\"wp-block-paragraph\"><strong>\u25b6\ufe0f Inscreva-se nos dois canais do\u00a0GRANDE PR\u00caMIO\u00a0no YouTube:\u00a0<a href=\"https:\/\/www.youtube.com\/channel\/UC9OlHEgxoaY6QY6nWPoiqQg?sub_confirmation=1\">GP<\/a>\u00a0|\u00a0<a href=\"https:\/\/www.youtube.com\/channel\/UC9csiS6q_C3C0FYhyr1rnFA?sub_confirmation=1\">GP2<\/a><br>\u25b6\ufe0f\u00a0<a href=\"https:\/\/www.twitch.tv\/grandepremio\">Conhe\u00e7a o canal do\u00a0GRANDE PR\u00caMIO\u00a0na Twitch clicando aqui!<\/a><\/strong><\/p>\n\n\n\n<p class=\"wp-block-paragraph\">A\u00a0<strong><a href=\"https:\/\/grandepremio.com\/motogp\/\" target=\"_blank\" rel=\"noreferrer noopener\">MotoE<\/a><\/strong>\u00a0volta a acelerar neste s\u00e1bado (25), a partir de 7h15 (de Bras\u00edlia), para a corrida 1 do\u00a0<strong>GP da\u00a0<a href=\"https:\/\/es.grandepremio.com\/\" target=\"_blank\" rel=\"noreferrer noopener\">Catalunha<\/a><\/strong>, em\u00a0<strong>Barcelona<\/strong>. A segunda prova come\u00e7a 11h10. O\u00a0<strong>GRANDE PR\u00caMIO\u00a0<\/strong>faz a cobertura completa do evento, assim como das outras classes do\u00a0<strong>Mundial de\u00a0<a href=\"https:\/\/www.grandepremio.com\/motovelocidade\/\" target=\"_blank\" rel=\"noreferrer noopener\">Motovelocidade<\/a><\/strong>\u00a0durante todo o ano.<\/p>\n\n\n\n<h2 class=\"wp-block-heading\" id=\"h-confira-como-foi-a-classificacao-da-motoe-em-barcelona\"><strong>Confira como foi a classifica\u00e7\u00e3o da MotoE em Barcelona:<\/strong><\/h2>\n\n\n\n<p class=\"wp-block-paragraph\">Depois de uma manh\u00e3 com c\u00e9u carrancudo, a\u00a0<a href=\"https:\/\/grandepremio.com\/motovelocidade\/\" target=\"_blank\" rel=\"noreferrer noopener\">MotoGP<\/a>\u00a0encontrou um ambiente mais am\u00e1vel para o decisivo treino desta tarde. Quando os pilotos foram para a pista, os term\u00f4metros mediam 21\u00b0C, com o asfalto chegando a 43\u00b0C. A velocidade do vento era de s\u00f3 3 km\/h, com a umidade relativa do ar em 44%.<\/p>\n\n\n\n<h3 class=\"wp-block-heading\" id=\"h-q1-zannoni-e-tulovic-esperam-mas-garantem-vagas-na-fase-seguinte\"><strong>Q1: Zannoni e Tulovic esperam, mas garantem vagas na fase seguinte<\/strong><\/h3>\n\n\n\n<p class=\"wp-block-paragraph\">Ap\u00f3s as primeiras tentativas, Andrea Mantovani fez 1min49s289 e tomou a lideran\u00e7a, seguido pela companheira Maria Herrera. Muitos pilotos, por\u00e9m, demoraram para entrar na pista.<\/p>\n\n\n\n<p class=\"wp-block-paragraph\">Massimo Roccoli chegou a subir para segundo, mas teve a volta deletada por exceder os limites da pista. Logo depois, Chaz Davies fez 1min50s655 e tomou o posto.<\/p>\n\n\n\n<figure class=\"wp-block-video\"><video class=\"video-js vjs-big-play-centered\" data-gp-vjs=\"1\" controls src=\"https:\/\/www.grandepremio.com\/br\/wp-content\/uploads\/2024\/05\/motoe-barcelona-class-1.mp4\"><\/video><figcaption class=\"wp-element-caption\">Zannoni e Tulovic apareceram no fim do Q1 e pularam para a frente (V\u00eddeo: MotoE)<\/figcaption><\/figure>\n\n\n\n<p class=\"wp-block-paragraph\">Mantovani, por\u00e9m, fez 1min48s988 e abriu mais de 1s6 para o advers\u00e1rio mais pr\u00f3ximo. Logo, por\u00e9m, tudo mudou. Kevin Zannoni fez 1min48s398 e assumiu a lideran\u00e7a, seguido por Lukas Tulovic, Miquel Poens e Kevin Manfredi.<\/p>\n\n\n\n<p class=\"wp-block-paragraph\">No fim, Zannoni ainda melhorou para 1min48s365 e avan\u00e7ou para o Q2, assim como Tulovic, que ficou 0s204 atr\u00e1s.<\/p>\n\n\n\n<h3 class=\"wp-block-heading\" id=\"h-q2-granado-garante-segunda-pole-da-motoe-no-ano\"><strong>Q2: Granado garante segunda pole da MotoE no ano<\/strong><\/h3>\n\n\n\n<p class=\"wp-block-paragraph\">Assim que come\u00e7ou o Q2, Tulovic saiu para a pista, mas logo voltou para os boxes com problemas na moto #3. Matteo Ferrari, na curva 2, foi a primeira v\u00edtima do dia e caiu.<\/p>\n\n\n\n<p class=\"wp-block-paragraph\">Alessandro Zaccone tomou a ponta, mas foi por pouco tempo. Mattia Casadei logo fez 1min48s247 e ficou com a dianteira do treino.<\/p>\n\n\n\n<p class=\"wp-block-paragraph\">Com menos de um minuto para o fim, por\u00e9m, Eric Granado brilhou no \u00faltimo setor e cravou 1min48s215 para ficar com a pole-position na Catalunha.<\/p>\n\n\n\n<p class=\"wp-block-paragraph\">Por conta da bandeira amarela no in\u00edcio da volta, os pilotos n\u00e3o tiveram tempo para novas voltas.<\/p>\n\n\n\n<p class=\"wp-block-paragraph\">Oscar Gutierrez e Kevin Zannoni ainda conseguiram abrir tentativas finais, mas ficaram em quinto e oitavo lugares, respectivamente.<\/p>\n\n\n\n<h2 class=\"wp-block-heading\" id=\"h-motoe-2024-gp-da-catalunha-barcelona-grid-de-largada\"><strong>MotoE 2024, GP da Catalunha, Barcelona, Grid de largada:<\/strong><\/h2>\n\n\n\n<figure class=\"wp-block-table\"><table><tbody><tr><td>1<\/td><td>E GRANADO<\/td><td>LCR<\/td><td>1:48.215<\/td><td>&nbsp;<\/td><\/tr><tr><td>2<\/td><td>M CASADEI<\/td><td>LCR<\/td><td>1:48.247<\/td><td>+0.032<\/td><\/tr><tr><td>3<\/td><td>A ZACCONE<\/td><td>Tech3<\/td><td>1:48.247<\/td><td>+0.032<\/td><\/tr><tr><td>4<\/td><td>N SPINELLI<\/td><td>Tech3<\/td><td>1:48.413<\/td><td>+0.198<\/td><\/tr><tr><td>5<\/td><td>O GUTIERREZ<\/td><td>MSi<\/td><td>1:48.525<\/td><td>+0.310<\/td><\/tr><tr><td>6<\/td><td>H GARZ\u00d3<\/td><td>Intact GP<\/td><td>1:48.644<\/td><td>+0.429<\/td><\/tr><tr><td>7<\/td><td>J TORRES<\/td><td>Aspar<\/td><td>1:48.747<\/td><td>+0.532<\/td><\/tr><tr><td>8<\/td><td>K ZANNONI<\/td><td>Aspar<\/td><td>1:48.797<\/td><td>+0.582<\/td><\/tr><tr><td>9<\/td><td>M FERRARI<\/td><td>Gresini<\/td><td>1:53.718<\/td><td>+5.503<\/td><\/tr><tr><td>10<\/td><td>L TULOVIC<\/td><td>Intact GP<\/td><td>Sem tempo<\/td><td><\/td><\/tr><tr><td>11<\/td><td>K MANFREDI<\/td><td>Sic58<\/td><td>1:48.761<\/td><td>+0.546<\/td><\/tr><tr><td>12<\/td><td>M PONS<\/td><td>MSi<\/td><td>1:48.838<\/td><td>+0.623<\/td><\/tr><tr><td>13<\/td><td>A MANTOVANI<\/td><td>Forward<\/td><td>1:48.988<\/td><td>+0.773<\/td><\/tr><tr><td>14<\/td><td>A FINELLO<\/td><td>Gresini<\/td><td>1:49.159<\/td><td>+0.944<\/td><\/tr><tr><td>15<\/td><td>M ROCCOLI<\/td><td>Sic58<\/td><td>1:49.956<\/td><td>+1.741<\/td><\/tr><tr><td>16<\/td><td>M HERRERA<\/td><td>Forward<\/td><td>1:50.592<\/td><td>+2.377<\/td><\/tr><tr><td>17<\/td><td>C DAVIES<\/td><td>Aruba Cloud<\/td><td>1:50.655<\/td><td>+2.440<\/td><\/tr><tr><td>18<\/td><td>A PONTONE<\/td><td>Aruba Cloud<\/td><td>1:51.535<\/td><td>+3.320<\/td><\/tr><\/tbody><\/table><\/figure>\n\n\n\n<figure class=\"wp-block-embed is-type-video is-provider-youtube wp-block-embed-youtube wp-embed-aspect-16-9 wp-has-aspect-ratio\"><div class=\"wp-block-embed__wrapper\">\n<iframe loading=\"lazy\" title=\"HONDA e YAMAHA viram ref\u00e9ns de motos ruins e sobram no mercado da MOTOGP 2025 | GP \u00e0s 10\" width=\"500\" height=\"281\" src=\"https:\/\/www.youtube.com\/embed\/rn0X6oF4KTQ?feature=oembed\" frameborder=\"0\" allow=\"accelerometer; autoplay; clipboard-write; encrypted-media; gyroscope; picture-in-picture; web-share\" referrerpolicy=\"strict-origin-when-cross-origin\" allowfullscreen><\/iframe>\n<\/div><\/figure>\n","protected":false},"excerpt":{"rendered":"<p>Eric Granado brilhou nos instantes finais da classifica\u00e7\u00e3o da MotoE na Catalunha e contou com a sorte de uma bandeira amarela para manter a posi\u00e7\u00e3o. Mattia Casadei e Alessandro Zaccone fizeram o mesmo e fecham a primeira fila do grid<\/p>\n","protected":false},"author":0,"featured_media":1000817474,"comment_status":"closed","ping_status":"closed","sticky":false,"template":"","format":"standard","meta":{"42wp_featured_image_caption":"","42wp_featured_image_credits":"","42wp_featured_video":"","42wp_featured_image_hidden":false,"42wp_authors_list":[],"footnotes":""},"categories":[8],"tags":[304,25056,31628,286,4688,1491,28285,38826,26202,280,847,38825,38824],"42wp_author":[47135],"class_list":["post-76462","post","type-post","status-publish","format-standard","has-post-thumbnail","hentry","category-motogp","tag-barcelona","tag-calendario-motoe","tag-classificacao-motoe","tag-eric-granado","tag-gp-da-catalunha","tag-grande-premio","tag-grandepremio","tag-horarios-motoe","tag-mattia-casadei","tag-motoe","tag-mundial-de-motovelocidade","tag-onde-assistir-motoe","tag-temporada-2024-da-motoe","42wp_author-pedro-luis-cuenca"],"_links":{"self":[{"href":"https:\/\/grandepremio.com\/br\/wp-json\/wp\/v2\/posts\/76462","targetHints":{"allow":["GET"]}}],"collection":[{"href":"https:\/\/grandepremio.com\/br\/wp-json\/wp\/v2\/posts"}],"about":[{"href":"https:\/\/grandepremio.com\/br\/wp-json\/wp\/v2\/types\/post"}],"replies":[{"embeddable":true,"href":"https:\/\/grandepremio.com\/br\/wp-json\/wp\/v2\/comments?post=76462"}],"version-history":[{"count":0,"href":"https:\/\/grandepremio.com\/br\/wp-json\/wp\/v2\/posts\/76462\/revisions"}],"wp:featuredmedia":[{"embeddable":true,"href":"https:\/\/grandepremio.com\/br\/wp-json\/wp\/v2\/media\/1000817474"}],"wp:attachment":[{"href":"https:\/\/grandepremio.com\/br\/wp-json\/wp\/v2\/media?parent=76462"}],"wp:term":[{"taxonomy":"category","embeddable":true,"href":"https:\/\/grandepremio.com\/br\/wp-json\/wp\/v2\/categories?post=76462"},{"taxonomy":"post_tag","embeddable":true,"href":"https:\/\/grandepremio.com\/br\/wp-json\/wp\/v2\/tags?post=76462"},{"taxonomy":"42wp_author","embeddable":true,"href":"https:\/\/grandepremio.com\/br\/wp-json\/wp\/v2\/42wp_author?post=76462"}],"curies":[{"name":"wp","href":"https:\/\/api.w.org\/{rel}","templated":true}]}}