{"id":76691,"date":"2024-05-22T18:24:30","date_gmt":"2024-05-22T21:24:30","guid":{"rendered":"https:\/\/grandepremio.com\/br\/noticias\/indy-500-prepara-homenagem-poe-carro-2003-gil-de-ferran-para-andar-antes-largada\/"},"modified":"2024-05-22T19:05:51","modified_gmt":"2024-05-22T22:05:51","slug":"indy-500-prepara-homenagem-poe-carro-2003-gil-de-ferran-para-andar-antes-largada","status":"publish","type":"post","link":"https:\/\/grandepremio.com\/br\/indy\/indy-500-prepara-homenagem-poe-carro-2003-gil-de-ferran-para-andar-antes-largada\/","title":{"rendered":"Indy 500 prepara homenagem e p\u00f5e carro de 2003 de De Ferran para andar antes de largada"},"content":{"rendered":"\n<p class=\"wp-block-paragraph\"><strong>Doug Boles<\/strong>, presidente do Indianapolis Motor Speedway, anunciou nesta quarta-feira (22) que uma homenagem a <strong>Gil de Ferran<\/strong> est\u00e1 sendo preparada para acontecer momentos antes da largada das <strong>500 Milhas de Indian\u00e1polis<\/strong>, sexta etapa da temporada 2024 da <strong>Indy<\/strong>, que acontece no pr\u00f3ximo domingo.<\/p>\n\n\n\n<p class=\"wp-block-paragraph\">De acordo com o dirigente norte-americano, o carro utilizado pelo brasileiro em 2003, ano em que venceu a prova, ser\u00e1 colocado na pista para dar algumas voltas. O que ainda n\u00e3o foi definido, por\u00e9m, \u00e9 quem ser\u00e1 o respons\u00e1vel por assumir o cockpit do b\u00f3lido #6 da <strong>Penske<\/strong>.<\/p>\n\n\n\n<p class=\"wp-block-paragraph\">Companheiro de equipe de Gil em 2003, <strong>H\u00e9lio Castroneves<\/strong> vai competir mais uma vez na edi\u00e7\u00e3o deste ano, desta vez pela <strong>Meyer Shank<\/strong>, e deve ser um dos cotados para participar deste momento especial. Com quatro vit\u00f3rias acumuladas em uma das corridas mais ic\u00f4nicas da hist\u00f3ria do automobilismo, o piloto de 49 anos revelou h\u00e1 alguns dias que <a href=\"https:\/\/www.grandepremio.com\/br\/indy\/noticias\/helio-castroneves-capacete-homenagem-gil-de-ferran-indy-500-2024\/\">usar\u00e1 um capacete em homenagem ao velho amigo<\/a>, falecido no fim de 2023.<\/p>\n\n\n\n<p class=\"wp-block-paragraph\">Bicampe\u00e3o da\u00a0Indy\u00a0em\u00a0<strong>2000\u00a0<\/strong>e\u00a0<strong>2001<\/strong>, Gil venceu as 500 Milhas de Indian\u00e1polis em\u00a0<strong>2003<\/strong>, pela\u00a0Penske. Naquela oportunidade, Castroneves foi o\u00a0<strong>segundo colocado\u00a0<\/strong>e\u00a0<strong>Tony Kanaan\u00a0<\/strong>terminou em\u00a0<strong>terceiro<\/strong>, completando um top-3 inteiramente brasileiro. A prova ainda teve\u00a0<strong>V\u00edtor Meira\u00a0<\/strong>em\u00a0<strong>12\u00ba<\/strong>,\u00a0<strong>Airton Dar\u00e9\u00a0<\/strong>em\u00a0<strong>24\u00ba\u00a0<\/strong>e\u00a0<strong>Felipe Giaffone<\/strong>\u00a0em\u00a0<strong>33\u00ba\u00a0<\/strong>\u2014 os dois \u00faltimos abandonaram.<\/p>\n\n\n\n<figure class=\"wp-block-image size-large\"><img decoding=\"async\" src=\"https:\/\/www.grandepremio.com\/br\/wp-content\/uploads\/2020\/08\/Ferran-1024x683.jpg\" alt=\"\" class=\"wp-image-408840\"\/><figcaption class=\"wp-element-caption\">Carro de Gil de Ferran ir\u00e1 \u00e0 pista antes da Indy 500 no pr\u00f3ximo domingo (Foto: Indycar)<\/figcaption><\/figure>\n\n\n\n<p class=\"wp-block-paragraph\"><strong><img decoding=\"async\" src=\"https:\/\/a.slack-edge.com\/production-standard-emoji-assets\/14.0\/google-medium\/25b6-fe0f.png\" alt=\":seta_para_frente:\">&nbsp;Inscreva-se nos dois canais do GRANDE PR\u00caMIO no YouTube:&nbsp;<a href=\"https:\/\/www.youtube.com\/channel\/UC9OlHEgxoaY6QY6nWPoiqQg?sub_confirmation=1\" target=\"_blank\" rel=\"noreferrer noopener\">GP<\/a>&nbsp;|&nbsp;<a href=\"https:\/\/www.youtube.com\/channel\/UC9csiS6q_C3C0FYhyr1rnFA?sub_confirmation=1\" target=\"_blank\" rel=\"noreferrer noopener\">GP2<\/a><\/strong><br><strong><img decoding=\"async\" src=\"https:\/\/a.slack-edge.com\/production-standard-emoji-assets\/14.0\/google-medium\/25b6-fe0f.png\" alt=\":seta_para_frente:\">&nbsp;<a href=\"https:\/\/www.twitch.tv\/grandepremio\" target=\"_blank\" rel=\"noreferrer noopener\">Conhe\u00e7a o canal do GRANDE PR\u00caMIO na Twitch clicando aqui!<\/a><\/strong><\/p>\n\n\n\n<p class=\"wp-block-paragraph\">Aquela foi a\u00a0<strong>quarta\u00a0<\/strong>e \u00faltima disputa de Gil na\u00a0Indy\u00a0500. Anteriormente, o brasileiro havia chegado em\u00a0<strong>29\u00ba\u00a0<\/strong>em sua primeira participa\u00e7\u00e3o, em\u00a0<strong>1995<\/strong>, antes de conquistar um\u00a0<strong>segundo\u00a0lugar<\/strong> em\u00a0<strong>2001\u00a0<\/strong>ao perder justamente para Castroneves, em resultado inverso ao de 2003. Em\u00a0<strong>2002<\/strong>, foi\u00a0<strong>d\u00e9cimo<\/strong>.<\/p>\n\n\n\n<p class=\"wp-block-paragraph\">Al\u00e9m do capacete de H\u00e9lio, outras homenagens a De Ferran j\u00e1 aconteceram nos \u00faltimos meses. Durante os testes de pr\u00e9-temporada da <strong>F\u00f3rmula 1<\/strong> no <strong>Bahrein<\/strong>, em fevereiro, por exemplo, a torre principal do aut\u00f3dromo piscou em laranja e branco, cores da\u00a0<strong>McLaren<\/strong> \u2014 equipe para a qual trabalhava como consultor \u2014 e <a href=\"https:\/\/www.grandepremio.com\/br\/f1\/noticias\/gil-de-ferran-homenagem-torre-principal-sakhir-pre-temporada-f1\/\">mostrou as iniciais do brasileiro<\/a>.<\/p>\n\n\n\n<p class=\"wp-block-paragraph\">No in\u00edcio de maio, ap\u00f3s a vit\u00f3ria de <strong>Lando Norris<\/strong> \u2014 <a href=\"https:\/\/www.grandepremio.com\/br\/f1\/noticias\/lando-norris-presta-tributo-gil-de-ferran-usa-capacete-especial-design-vitoria-indy-500\/\">que tamb\u00e9m j\u00e1 teve um capacete especial<\/a> \u2014 no <strong>GP de Miami<\/strong>, a escuderia de Woking <a href=\"https:\/\/www.grandepremio.com\/br\/f1\/noticias\/ceo-mclaren-dedica-vitoria-merecida-lando-norris-miami-gil-de-ferran\/\">preparou uma placa dedicando o triunfo ao brasileiro<\/a>, com os dizeres: &#8220;Essa foi pelo Gil&#8221;. &#8220;A primeira coisa que pensei foi que Gil e\u00a0<strong>Mansour\u00a0<\/strong>[<strong>Ojjeh<\/strong>, antigo acionista do grupo] n\u00e3o estavam aqui para ver nossa vit\u00f3ria. Gil morava na\u00a0<strong>Fl\u00f3rida<\/strong>\u2026 bem, essa \u00e9 para ele&#8221;, declarou <strong>Zak Brown<\/strong> na ocasi\u00e3o.<\/p>\n\n\n\n<p class=\"wp-block-paragraph\">A 108\u00aa edi\u00e7\u00e3o das 500 Milhas de Indian\u00e1polis acontece no pr\u00f3ximo domingo (26), com largada marcada para 13h38 (de Bras\u00edlia, GMT-3).<\/p>\n\n\n\n<figure class=\"wp-block-embed is-type-video is-provider-youtube wp-block-embed-youtube wp-embed-aspect-16-9 wp-has-aspect-ratio\"><div class=\"wp-block-embed__wrapper\">\n<iframe loading=\"lazy\" title=\"INDY 500 tem PENSKE protagonista: REDEN\u00c7\u00c3O ou MANCHA? | GP \u00e0s 10\" width=\"500\" height=\"281\" src=\"https:\/\/www.youtube.com\/embed\/sMpS91n1dCY?feature=oembed\" frameborder=\"0\" allow=\"accelerometer; autoplay; clipboard-write; encrypted-media; gyroscope; picture-in-picture; web-share\" referrerpolicy=\"strict-origin-when-cross-origin\" allowfullscreen><\/iframe>\n<\/div><\/figure>\n","protected":false},"excerpt":{"rendered":"<p>Presidente do Indianapolis Motor Speedway, Doug Boles, no entanto, ainda n\u00e3o definiu o nome do piloto escolhido para guiar o carro de Gil de Ferran durante a homenagem<\/p>\n","protected":false},"author":0,"featured_media":1000766576,"comment_status":"closed","ping_status":"closed","sticky":false,"template":"","format":"standard","meta":{"42wp_featured_image_caption":"","42wp_featured_image_credits":"","42wp_featured_video":"","42wp_featured_image_hidden":false,"42wp_authors_list":[],"footnotes":""},"categories":[3],"tags":[2980,14640,98,1491,28285,267,232,94,90,265],"42wp_author":[47160],"class_list":["post-76691","post","type-post","status-publish","format-standard","has-post-thumbnail","hentry","category-indy","tag-500-milhas-indianapolis","tag-doug-boles","tag-gil-de-ferran","tag-grande-premio","tag-grandepremio","tag-helio-castroneves","tag-indy-500","tag-indycar","tag-mclaren","tag-penske","42wp_author-vicente-soella"],"_links":{"self":[{"href":"https:\/\/grandepremio.com\/br\/wp-json\/wp\/v2\/posts\/76691","targetHints":{"allow":["GET"]}}],"collection":[{"href":"https:\/\/grandepremio.com\/br\/wp-json\/wp\/v2\/posts"}],"about":[{"href":"https:\/\/grandepremio.com\/br\/wp-json\/wp\/v2\/types\/post"}],"replies":[{"embeddable":true,"href":"https:\/\/grandepremio.com\/br\/wp-json\/wp\/v2\/comments?post=76691"}],"version-history":[{"count":0,"href":"https:\/\/grandepremio.com\/br\/wp-json\/wp\/v2\/posts\/76691\/revisions"}],"wp:featuredmedia":[{"embeddable":true,"href":"https:\/\/grandepremio.com\/br\/wp-json\/wp\/v2\/media\/1000766576"}],"wp:attachment":[{"href":"https:\/\/grandepremio.com\/br\/wp-json\/wp\/v2\/media?parent=76691"}],"wp:term":[{"taxonomy":"category","embeddable":true,"href":"https:\/\/grandepremio.com\/br\/wp-json\/wp\/v2\/categories?post=76691"},{"taxonomy":"post_tag","embeddable":true,"href":"https:\/\/grandepremio.com\/br\/wp-json\/wp\/v2\/tags?post=76691"},{"taxonomy":"42wp_author","embeddable":true,"href":"https:\/\/grandepremio.com\/br\/wp-json\/wp\/v2\/42wp_author?post=76691"}],"curies":[{"name":"wp","href":"https:\/\/api.w.org\/{rel}","templated":true}]}}