{"id":76725,"date":"2024-05-22T09:35:33","date_gmt":"2024-05-22T12:35:33","guid":{"rendered":"https:\/\/grandepremio.com\/br\/noticias\/formula-2-aposta-continuidade-anuncia-calendario-2025-com-mesmas-14-pracas\/"},"modified":"2024-05-22T15:30:35","modified_gmt":"2024-05-22T18:30:35","slug":"formula-2-aposta-continuidade-anuncia-calendario-2025-com-mesmas-14-pracas","status":"publish","type":"post","link":"https:\/\/grandepremio.com\/br\/f2\/formula-2-aposta-continuidade-anuncia-calendario-2025-com-mesmas-14-pracas\/","title":{"rendered":"F\u00f3rmula 2 aposta em continuidade e anuncia calend\u00e1rio de 2025 com mesmas 14 pra\u00e7as"},"content":{"rendered":"\n<p class=\"wp-block-paragraph\">Antes de correr em M\u00f4naco, nos pr\u00f3ximos dias, a <strong><a href=\"https:\/\/www.grandepremio.com\/br\/f2\/\">F\u00f3rmula 2<\/a><\/strong> aproveitou para anunciar o <strong>calend\u00e1rio da temporada 2025<\/strong> na manh\u00e3 desta quarta-feira (22). O calend\u00e1rio n\u00e3o tem novidades no sentido de pra\u00e7as diferentes: ser\u00e3o as mesmas 14 de 2024. Todas as etapas ser\u00e3o disputadas em rodadas duplas e servir\u00e3o de sat\u00e9lite em eventos da F1.<\/p>\n\n\n\n<p class=\"wp-block-paragraph\">As diferen\u00e7as est\u00e3o apenas no posicionamento das etapas, mas j\u00e1 era algo que havia sido adiantado na ocasi\u00e3o do an\u00fancio da F1 para 2025. O <strong>campeonato come\u00e7a na Austr\u00e1lia<\/strong>, no fim de semana dos dias 14-16 de mar\u00e7o. A temporada atual passou por <strong>Bahrein<\/strong> e <strong>Ar\u00e1bia Saudita<\/strong> antes de correr em Melbourne, mas a mudan\u00e7a foi feita para fazer com que a F1 n\u00e3o corra no Oriente M\u00e9dio durante o Ramadan, m\u00eas sagrados dos mu\u00e7ulmanos.<\/p>\n\n\n\n<p class=\"wp-block-paragraph\">Com isso, Bahrein e Ar\u00e1bia Saudita ser\u00e3o segunda e terceira etapa, respectivamente, ambas em abril e em semanas imediatamente seguidas. O m\u00eas de maio conta com a apari\u00e7\u00e3o no <strong>GP da Em\u00edlia-Romanha<\/strong>, em \u00cdmola, e em <strong>M\u00f4naco<\/strong>. O campeonato chega \u00e0 marca de 50% em junho, com as etapas na <strong>Espanha<\/strong> e <strong>\u00c1ustria<\/strong>. A dist\u00e2ncia entre as duas corridas de junho ser\u00e1 longa, de quatro semanas.<\/p>\n\n\n\n<p class=\"wp-block-paragraph\">A segunda metade de 2025 come\u00e7a na <strong>Inglaterra<\/strong>, em julho, e ainda passa pela <strong>B\u00e9lgica<\/strong> no fim do m\u00eas. A <strong>Hungria<\/strong> marca a \u00fanica prova de agosto, formando uma outra dobradinha com a prova belga. Depois dela, a F2 para por um m\u00eas, como parte do recesso de ver\u00e3o no Hemisf\u00e9rio Norte.<\/p>\n\n\n\n<figure class=\"wp-block-image size-full\"><img decoding=\"async\" src=\"https:\/\/www.grandepremio.com\/br\/wp-content\/uploads\/2024\/05\/Largada-F2-corrida-2-Imola.jpg\" alt=\"\" class=\"wp-image-816206\"\/><figcaption class=\"wp-element-caption\">F\u00f3rmula 2 fica nas mesmas 14 pra\u00e7as em 2025 (Foto: reprodu\u00e7\u00e3o\/F2)<\/figcaption><\/figure>\n\n\n\n<p class=\"wp-block-paragraph\">A sequ\u00eancia final do campeonato conta com a segunda corrida na It\u00e1lia, agora em <strong>Monza<\/strong>, e a etapa do <strong>Azerbaij\u00e3o<\/strong> no m\u00eas de setembro. Sem provas em outubro, a F2 retorna no <strong>Catar<\/strong>, no fim de novembro, e encerra a hist\u00f3ria no fim de semana dos dias 5-7 de dezembro, em <strong>Abu Dhabi<\/strong>.<\/p>\n\n\n\n<p class=\"wp-block-paragraph\">&#8220;Estou muito satisfeito em anunciar o calend\u00e1rio da F2 2025, algo que ir\u00e1 contar com o mesmo n\u00famero de etapas que a temporada atual, 14&#8221;, destacou <strong>Bruno Michel<\/strong>, diretor-executivo da F2.<\/p>\n\n\n\n<p class=\"wp-block-paragraph\">&#8220;\u00c9 o equil\u00edbrio correto entre as etapas na Europa e outros tr\u00eas continentes, mantendo consci\u00eancia noas gastos para nossas equipes e pilotos. Tamb\u00e9m contamos com boa mistura entre pistas cl\u00e1ssicas e modernas. Ambas t\u00eam rendido corridas emocionantes para a F2 nos \u00faltimos anos. Tenho certeza de que ser\u00e1 novamente o caso em 2025&#8221;, finalizou.<\/p>\n\n\n\n<figure class=\"wp-block-image size-large\"><img decoding=\"async\" src=\"https:\/\/www.grandepremio.com\/br\/wp-content\/uploads\/2023\/11\/Theo-Pourchaire-em-Abu-Dhabi-1024x683.jpeg\" alt=\"\" class=\"wp-image-759234\"\/><figcaption class=\"wp-element-caption\">Th\u00e9o Pourchaire \u00e9 o atual campe\u00e3o da F\u00f3rmula 2 (Foto: F2)<\/figcaption><\/figure>\n\n\n\n<p class=\"wp-block-paragraph\">CEO da F\u00f3rmula 1, <strong>Stefano Domenicali <\/strong>destacou a import\u00e2ncia da F\u00f3rmula 2 na escada de forma\u00e7\u00e3o da maior categoria do esporte a motor e celebrou a oportunidade de ter uma &#8220;audi\u00eancia global&#8221; acompanhando os desempenhos de jovens aspirantes \u00e0 classe principal. Al\u00e9m disso, o dirigente fez quest\u00e3o de agradecer a Michel e aos demais patrocinadores, al\u00e9m da <strong>Federa\u00e7\u00e3o Internacional<\/strong> <strong>de Automobilismo <\/strong>[FIA].<\/p>\n\n\n\n<p class=\"wp-block-paragraph\">&#8220;\u00c9 fant\u00e1stico poder publicar o calend\u00e1rio da F\u00f3rmula 2, que novamente vai se juntar \u00e0 F\u00f3rmula 1 em 14 corridas na pr\u00f3xima temporada. O sistema de pir\u00e2mide \u00e9 vital para o sucesso a longo prazo da F1, e ter essa conex\u00e3o entre as duas categorias n\u00e3o \u00e9 apenas \u00f3timo para os f\u00e3s, que recebem mais disputas e a\u00e7\u00e3o, mas tamb\u00e9m para os pilotos \u2014 que ganham em experi\u00eancia de competi\u00e7\u00e3o em circuitos da F1 e podem mostrar seus talentos para arquibancadas cheias, audi\u00eancias globais e equipes da F1&#8221;, destacou Domenicali.<\/p>\n\n\n\n<p class=\"wp-block-paragraph\">&#8220;Mais uma vez, o campeonato deste ano est\u00e1 entregando corridas animadas em cada evento, e quero agradecer ao trabalho do Bruno Michel, CEO da F2 e da F3, de sua equipe e de todos os competidores do grid. Gostaria tamb\u00e9m de agradecer \u00e0 FIA pelo apoio estrat\u00e9gico e fundamental nesse importante campeonato, assim como nossos parceiros: Pirelli, Aramco, Dallara e Mecachrome. Estou animado para acompanhar o resto da temporada e ansioso para um grande ano de novo em 2025&#8221;, completou.<\/p>\n\n\n\n<figure class=\"wp-block-image size-full\"><img decoding=\"async\" src=\"https:\/\/www.grandepremio.com\/br\/wp-content\/uploads\/2024\/05\/Maloney-Crawford-Imola-F2.jpg\" alt=\"\" class=\"wp-image-816208\"\/><figcaption class=\"wp-element-caption\">F\u00f3rmula 2 n\u00e3o efetuou grandes mudan\u00e7as para o calend\u00e1rio de 2025 (Foto: Reprodu\u00e7\u00e3o\/F2)<\/figcaption><\/figure>\n\n\n\n<p class=\"wp-block-paragraph\">Por fim, <strong>Mohammed Ben<\/strong> <strong>Sulayem<\/strong>, presidente da FIA, seguiu a linha de Domenicali e destacou a oportunidade que os pilotos da F\u00f3rmula 2 t\u00eam de mostrarem suas habilidades de maneira global. Segundo o emiratense, o calend\u00e1rio de 2025 prev\u00ea, novamente, uma &#8220;mistura&#8221; entre pistas tradicionais e modernas do esporte a motor.<\/p>\n\n\n\n<p class=\"wp-block-paragraph\">&#8220;Em um passo crucial na pir\u00e2mide de monopostos da FIA, a F\u00f3rmula 2 d\u00e1 a oportunidade de talentos emergentes mostrarem suas habilidades para uma audi\u00eancia global. O calend\u00e1rio de 2025 fornece desafios aos pilotos com uma mistura de circuitos tradicionais e modernos enquanto eles lutam para se tornar nossos campe\u00f5es do futuro. Estou ansioso para ver a classe de 2025 em a\u00e7\u00e3o&#8221;, finalizou Ben Sulayem.<\/p>\n\n\n\n<p class=\"wp-block-paragraph\">A&nbsp;<a href=\"https:\/\/www.grandepremio.com\/br\/f2\/\" target=\"_blank\" rel=\"noreferrer noopener\"><\/a><a href=\"https:\/\/www.grandepremio.com\/br\/f2\/\" target=\"_blank\" rel=\"noreferrer noopener\">F\u00f3rmula 2<\/a>&nbsp;volta neste final de semana, de&nbsp;<strong>23 a 26 de maio<\/strong>, para a rodada de&nbsp;<strong><a href=\"https:\/\/www.grandepremio.com\/br\/circuito\/monaco\/\" target=\"_blank\" rel=\"noreferrer noopener\">M\u00f4naco<\/a><\/strong>. O&nbsp;<strong>GRANDE PR\u00caMIO<\/strong>&nbsp;acompanha todas as atividades da temporada 2024.<\/p>\n\n\n\n<p class=\"wp-block-paragraph\"><strong>\u25b6\ufe0f Inscreva-se nos dois canais do&nbsp;GRANDE PR\u00caMIO&nbsp;no YouTube:&nbsp;<a href=\"https:\/\/www.youtube.com\/channel\/UC9OlHEgxoaY6QY6nWPoiqQg?sub_confirmation=1\">GP<\/a>&nbsp;|&nbsp;<a href=\"https:\/\/www.youtube.com\/channel\/UC9csiS6q_C3C0FYhyr1rnFA?sub_confirmation=1\">GP2<\/a><br>\u25b6\ufe0f&nbsp;<a href=\"https:\/\/www.twitch.tv\/grandepremio\">Conhe\u00e7a o canal do&nbsp;GRANDE PR\u00caMIO&nbsp;na Twitch clicando aqui!<\/a><\/strong><\/p>\n\n\n\n<h2 class=\"wp-block-heading\" id=\"h-formula-2-calendario-completo-de-2025\">F\u00f3rmula 2, Calend\u00e1rio completo de 2025:<\/h2>\n\n\n\n<figure class=\"wp-block-table\"><table><tbody><tr><td>Rodada<\/td><td>Circuito<\/td><td>Pa\u00eds<\/td><td>Data<\/td><\/tr><tr><td>1<\/td><td>Melbourne<\/td><td>Austr\u00e1lia<\/td><td>14 a 16\/03<\/td><\/tr><tr><td>2<\/td><td>Sakhir<\/td><td>Bahrein<\/td><td>11 a 13\/04<\/td><\/tr><tr><td>3<\/td><td>Jed\u00e1<\/td><td>Ar\u00e1bia Saudita<\/td><td>18 a 20\/04<\/td><\/tr><tr><td>4<\/td><td>Em\u00edlia-Romanha<\/td><td>It\u00e1lia<\/td><td>16 a 18\/05<\/td><\/tr><tr><td>5<\/td><td>Monte Carlo<\/td><td>M\u00f4naco<\/td><td>22 a 25\/05<\/td><\/tr><tr><td>6<\/td><td>Barcelona<\/td><td>Espanha<\/td><td>30\/05 a 1\u00ba\/06<\/td><\/tr><tr><td>7<\/td><td>Red Bull Ring<\/td><td>\u00c1ustria<\/td><td>27 a 29\/06<\/td><\/tr><tr><td>8<\/td><td>Silverstone<\/td><td>Inglaterra<\/td><td>4 a 6\/07<\/td><\/tr><tr><td>9<\/td><td>Spa-Francorchamps<\/td><td>B\u00e9lgica<\/td><td>25 a 27\/07<\/td><\/tr><tr><td>10<\/td><td>Hungaroring<\/td><td>Hungria<\/td><td>1\u00ba a 3\/08<\/td><\/tr><tr><td>11<\/td><td>Monza<\/td><td>It\u00e1lia<\/td><td>5 a 7\/09<\/td><\/tr><tr><td>12<\/td><td>Baku<\/td><td>Azerbaij\u00e3o<\/td><td>19 a 21\/09<\/td><\/tr><tr><td>13<\/td><td>Lusail<\/td><td>Catar<\/td><td>28 a 30\/11<\/td><\/tr><tr><td>14<\/td><td>Abu Dhabi<\/td><td>Emirados \u00c1rabes<\/td><td>5 a 7\/12<\/td><\/tr><\/tbody><\/table><\/figure>\n\n\n\n<figure class=\"wp-block-embed is-type-video is-provider-youtube wp-block-embed-youtube wp-embed-aspect-16-9 wp-has-aspect-ratio\"><div class=\"wp-block-embed__wrapper\">\n<iframe loading=\"lazy\" title=\"RED BULL ainda \u00e9 DOMINANTE ou vai depender de VERSTAPPEN na F1 2024? | Paddock GP #372\" width=\"500\" height=\"281\" src=\"https:\/\/www.youtube.com\/embed\/0NNQpq3Zkd0?feature=oembed\" frameborder=\"0\" allow=\"accelerometer; autoplay; clipboard-write; encrypted-media; gyroscope; picture-in-picture; web-share\" referrerpolicy=\"strict-origin-when-cross-origin\" allowfullscreen><\/iframe>\n<\/div><figcaption class=\"wp-element-caption\">RED BULL ainda \u00e9 DOMINANTE ou vai depender de VERSTAPPEN na F1 2024? | Paddock GP #372<\/figcaption><\/figure>\n","protected":false},"excerpt":{"rendered":"<p>Temporada 2025 da F\u00f3rmula 2 visitar\u00e1 mesmas 14 pra\u00e7as em que o campeonato de 2024 \u00e9 realizado. Estreia \u00e9 na Austr\u00e1lia, no fim de semana de 14-16 de mar\u00e7o<\/p>\n","protected":false},"author":0,"featured_media":1000791663,"comment_status":"closed","ping_status":"closed","sticky":false,"template":"","format":"standard","meta":{"42wp_featured_image_caption":"","42wp_featured_image_credits":"","42wp_featured_video":"","42wp_featured_image_hidden":false,"42wp_authors_list":[],"footnotes":""},"categories":[9],"tags":[5660,32189,30245],"42wp_author":[47120],"class_list":["post-76725","post","type-post","status-publish","format-standard","has-post-thumbnail","hentry","category-f2","tag-classificacao","tag-f2-2024","tag-f2-ao-vivo","42wp_author-pedro-henrique-marum"],"_links":{"self":[{"href":"https:\/\/grandepremio.com\/br\/wp-json\/wp\/v2\/posts\/76725","targetHints":{"allow":["GET"]}}],"collection":[{"href":"https:\/\/grandepremio.com\/br\/wp-json\/wp\/v2\/posts"}],"about":[{"href":"https:\/\/grandepremio.com\/br\/wp-json\/wp\/v2\/types\/post"}],"replies":[{"embeddable":true,"href":"https:\/\/grandepremio.com\/br\/wp-json\/wp\/v2\/comments?post=76725"}],"version-history":[{"count":0,"href":"https:\/\/grandepremio.com\/br\/wp-json\/wp\/v2\/posts\/76725\/revisions"}],"wp:featuredmedia":[{"embeddable":true,"href":"https:\/\/grandepremio.com\/br\/wp-json\/wp\/v2\/media\/1000791663"}],"wp:attachment":[{"href":"https:\/\/grandepremio.com\/br\/wp-json\/wp\/v2\/media?parent=76725"}],"wp:term":[{"taxonomy":"category","embeddable":true,"href":"https:\/\/grandepremio.com\/br\/wp-json\/wp\/v2\/categories?post=76725"},{"taxonomy":"post_tag","embeddable":true,"href":"https:\/\/grandepremio.com\/br\/wp-json\/wp\/v2\/tags?post=76725"},{"taxonomy":"42wp_author","embeddable":true,"href":"https:\/\/grandepremio.com\/br\/wp-json\/wp\/v2\/42wp_author?post=76725"}],"curies":[{"name":"wp","href":"https:\/\/api.w.org\/{rel}","templated":true}]}}