{"id":76746,"date":"2024-05-22T04:30:00","date_gmt":"2024-05-22T07:30:00","guid":{"rendered":"https:\/\/grandepremio.com\/br\/noticias\/franco-colapinto-festeja-ritmo-virada-f2-barcelona-sabia-reverter-cenario\/"},"modified":"2024-05-21T13:29:19","modified_gmt":"2024-05-21T16:29:19","slug":"franco-colapinto-festeja-ritmo-virada-f2-barcelona-sabia-reverter-cenario","status":"publish","type":"post","link":"https:\/\/grandepremio.com\/br\/f2\/franco-colapinto-festeja-ritmo-virada-f2-barcelona-sabia-reverter-cenario\/","title":{"rendered":"Colapinto festeja ritmo e v\u00ea virada na F2 ap\u00f3s Barcelona: &#8220;Sabia que reverteria cen\u00e1rio&#8221;"},"content":{"rendered":"\n<p class=\"wp-block-paragraph\"><strong>Franco Colapinto<\/strong> foi um dos destaques da rodada da <strong>Em\u00edlia-Romanha<\/strong>, realizada no \u00faltimo final de semana, <a href=\"https:\/\/www.grandepremio.com\/br\/f2\/noticias\/franco-colapinto-passa-paul-aron-ultima-volta-vence-sprint-f2-imola-gabriel-bortoleto-6o\/\">com a bela vit\u00f3ria na <strong>corrida sprint<\/strong><\/a>, com direito a ultrapassagem na \u00faltima volta sobre <strong>Paul Aron<\/strong>. O argentino celebrou bastante o resultado, principalmente por ter tido a chance de &#8220;mostrar o verdadeiro ritmo do carro&#8221;.<\/p>\n\n\n\n<p class=\"wp-block-paragraph\">At\u00e9 ent\u00e3o, o melhor resultado de Colapinto na temporada havia sido o quarto lugar na sprint da <strong>Austr\u00e1lia<\/strong>. No <strong>Bahrein<\/strong>, cruzou a linha de chegada em sexto na corrida 2 \u2014 os \u00fanicos somados at\u00e9 ent\u00e3o, mas a <strong>MP<\/strong> apresentou uma performance muito mais consistente em <strong>\u00cdmola<\/strong>.<\/p>\n\n\n\n<p class=\"wp-block-paragraph\">Para Franco, o ponto de virada foram os testes coletivos realizados em <strong>Barcelona<\/strong>, no final do m\u00eas passado. &#8220;Foi um come\u00e7o de ano dif\u00edcil, tivemos algumas corridas ruins, mas depois do teste de Barcelona, tinha certeza de que ir\u00edamos reverter o cen\u00e1rio em breve, e isso aconteceu muito rapidamente&#8221;, declarou o piloto \u00e0 imprensa ap\u00f3s a prova.<\/p>\n\n\n\n<p class=\"wp-block-paragraph\">\u201cEstou muito feliz, muito orgulhoso da equipe. Eles fizeram um trabalho muito, muito bom e me apoiaram muito nessas primeiras corridas em que n\u00e3o tive o melhor desempenho. Estou come\u00e7ando a me sentir um pouco mais confort\u00e1vel agora&#8221;, completou Colapinto.<\/p>\n\n\n\n<figure class=\"wp-block-video\"><video class=\"video-js vjs-big-play-centered\" data-gp-vjs=\"1\" controls poster=\"https:\/\/www.grandepremio.com\/br\/cdn-cgi\/image\/width=1200,height=675,fit=contain,gravity=0.5x0.5,quality=75,format=webp\/wp-content\/uploads\/2024\/05\/Ultrapassagem-Colapinto-Aron-sprint-F2-Imola-poster.jpeg\" src=\"https:\/\/www.grandepremio.com\/br\/wp-content\/uploads\/2024\/05\/Ultrapassagem-Colapinto-Aron-sprint-F2-Imola.mp4\"><\/video><figcaption class=\"wp-element-caption\">Colapinto efetuou bel\u00edssima ultrapassagem sobre Paul Aron na volta final da sprint da F2 em \u00cdmola (V\u00eddeo: reprodu\u00e7\u00e3o\/ESPN)<\/figcaption><\/figure>\n\n\n\n<p class=\"wp-block-paragraph\">&#8220;Pudemos mostrar o verdadeiro ritmo do carro. Estou muito feliz com a vit\u00f3ria, mas tamb\u00e9m com o ritmo que mostramos. E at\u00e9 a \u00faltima volta. \u00c9 um pouco melhor [ganhar assim]. Uma sensa\u00e7\u00e3o um pouco melhor, voc\u00ea sente todas essas emo\u00e7\u00f5es em apenas uma volta&#8221;, seguiu.<\/p>\n\n\n\n<p class=\"wp-block-paragraph\">Na \u00faltima volta, um pequeno erro de Aron abriu a oportunidade perfeita para Franco buscar a ultrapassagem arrojada na <strong>Tamburello<\/strong>, por fora. O argentino elogiou o colega pela defesa &#8220;muito limpa&#8221; e defendeu a decis\u00e3o de arriscar a manobra &#8220;muito, muito acirrada&#8221;: &#8220;\u00c9 o \u00fanico jeito de passar em \u00cdmola&#8221;, encerrou.<\/p>\n\n\n\n<p class=\"wp-block-paragraph\">A\u00a0<a href=\"https:\/\/www.grandepremio.com\/br\/f2\/\" target=\"_blank\" rel=\"noreferrer noopener\"><\/a><a href=\"https:\/\/www.grandepremio.com\/br\/f2\/\" target=\"_blank\" rel=\"noreferrer noopener\">F\u00f3rmula 2<\/a>\u00a0volta neste final de semana, de\u00a0<strong>23 a 26 de maio<\/strong>, para a rodada de\u00a0<strong><a href=\"https:\/\/www.grandepremio.com\/br\/circuito\/monaco\/\" target=\"_blank\" rel=\"noreferrer noopener\">M\u00f4naco<\/a><\/strong>. O\u00a0<strong>GRANDE PR\u00caMIO<\/strong>\u00a0acompanha todas as atividades da temporada 2024.<\/p>\n\n\n\n<p class=\"wp-block-paragraph\"><strong><img decoding=\"async\" src=\"https:\/\/a.slack-edge.com\/production-standard-emoji-assets\/14.0\/google-medium\/25b6-fe0f.png\" alt=\":seta_para_frente:\">\u00a0Inscreva-se nos dois canais do GRANDE PR\u00caMIO no YouTube:\u00a0<a href=\"https:\/\/www.youtube.com\/channel\/UC9OlHEgxoaY6QY6nWPoiqQg?sub_confirmation=1\" target=\"_blank\" rel=\"noreferrer noopener\">GP<\/a>\u00a0|\u00a0<a href=\"https:\/\/www.youtube.com\/channel\/UC9csiS6q_C3C0FYhyr1rnFA?sub_confirmation=1\" target=\"_blank\" rel=\"noreferrer noopener\">GP2<\/a><\/strong><br><strong><img decoding=\"async\" src=\"https:\/\/a.slack-edge.com\/production-standard-emoji-assets\/14.0\/google-medium\/25b6-fe0f.png\" alt=\":seta_para_frente:\"><a href=\"https:\/\/www.twitch.tv\/grandepremio\" target=\"_blank\" rel=\"noreferrer noopener\">Conhe\u00e7a o canal do GRANDE PR\u00caMIO na Twitch clicando aqui!<\/a><\/strong><\/p>\n\n\n\n<figure class=\"wp-block-embed is-type-video is-provider-youtube wp-block-embed-youtube wp-embed-aspect-16-9 wp-has-aspect-ratio\"><div class=\"wp-block-embed__wrapper\">\n<iframe loading=\"lazy\" title=\"Por que BORTOLETO tem tudo para crescer e BRIGAR pelo T\u00cdTULO da F2 2024 | GP \u00e0s 10\" width=\"500\" height=\"281\" src=\"https:\/\/www.youtube.com\/embed\/bAPQos-0flw?feature=oembed\" frameborder=\"0\" allow=\"accelerometer; autoplay; clipboard-write; encrypted-media; gyroscope; picture-in-picture; web-share\" referrerpolicy=\"strict-origin-when-cross-origin\" allowfullscreen><\/iframe>\n<\/div><\/figure>\n","protected":false},"excerpt":{"rendered":"<p>Franco Colapinto ainda falou sobre a &#8220;disputa limpa&#8221; que valeu a vit\u00f3ria na sprint de \u00cdmola, afirmando que ir para uma &#8220;manobra muito acirrada&#8221; era a \u00fanica maneira de passar na travada pista<\/p>\n","protected":false},"author":0,"featured_media":1000816125,"comment_status":"closed","ping_status":"closed","sticky":false,"template":"","format":"standard","meta":{"42wp_featured_image_caption":"","42wp_featured_image_credits":"","42wp_featured_video":"","42wp_featured_image_hidden":false,"42wp_authors_list":[],"footnotes":""},"categories":[9],"tags":[29654,30246,26134,111,32189,2208,35969,25440,1491,28285,35029,5386,39542,4606,35030,39539,32190],"42wp_author":[47147],"class_list":["post-76746","post","type-post","status-publish","format-standard","has-post-thumbnail","hentry","category-f2","tag-calendario-f2","tag-classificacao-f2","tag-emilia-romanha","tag-f2","tag-f2-2024","tag-formula-2","tag-formula-2-2024","tag-franco-colapinto","tag-grande-premio","tag-grandepremio","tag-horarios-f2","tag-imola","tag-imola-2024","tag-mp","tag-onde-assistir-f2","tag-rodada-da-emilia-romanha","tag-temporada-2024-f2","42wp_author-luana-marino"],"_links":{"self":[{"href":"https:\/\/grandepremio.com\/br\/wp-json\/wp\/v2\/posts\/76746","targetHints":{"allow":["GET"]}}],"collection":[{"href":"https:\/\/grandepremio.com\/br\/wp-json\/wp\/v2\/posts"}],"about":[{"href":"https:\/\/grandepremio.com\/br\/wp-json\/wp\/v2\/types\/post"}],"replies":[{"embeddable":true,"href":"https:\/\/grandepremio.com\/br\/wp-json\/wp\/v2\/comments?post=76746"}],"version-history":[{"count":0,"href":"https:\/\/grandepremio.com\/br\/wp-json\/wp\/v2\/posts\/76746\/revisions"}],"wp:featuredmedia":[{"embeddable":true,"href":"https:\/\/grandepremio.com\/br\/wp-json\/wp\/v2\/media\/1000816125"}],"wp:attachment":[{"href":"https:\/\/grandepremio.com\/br\/wp-json\/wp\/v2\/media?parent=76746"}],"wp:term":[{"taxonomy":"category","embeddable":true,"href":"https:\/\/grandepremio.com\/br\/wp-json\/wp\/v2\/categories?post=76746"},{"taxonomy":"post_tag","embeddable":true,"href":"https:\/\/grandepremio.com\/br\/wp-json\/wp\/v2\/tags?post=76746"},{"taxonomy":"42wp_author","embeddable":true,"href":"https:\/\/grandepremio.com\/br\/wp-json\/wp\/v2\/42wp_author?post=76746"}],"curies":[{"name":"wp","href":"https:\/\/api.w.org\/{rel}","templated":true}]}}