{"id":76782,"date":"2024-05-21T12:17:42","date_gmt":"2024-05-21T15:17:42","guid":{"rendered":"https:\/\/grandepremio.com\/br\/noticias\/porsche-mantem-lideranca-trofeu-fabricantes-formula-e-1-ponto-berlim\/"},"modified":"2024-05-21T14:20:56","modified_gmt":"2024-05-21T17:20:56","slug":"porsche-mantem-lideranca-trofeu-fabricantes-formula-e-1-ponto-berlim","status":"publish","type":"post","link":"https:\/\/grandepremio.com\/br\/formula-e\/porsche-mantem-lideranca-trofeu-fabricantes-formula-e-1-ponto-berlim\/","title":{"rendered":"Porsche mant\u00e9m ponta por 1 ponto no Trof\u00e9u de Fabricantes da F\u00f3rmula E em Berlim"},"content":{"rendered":"\n<p class=\"wp-block-paragraph\">O <strong>Trof\u00e9u de Fabricantes<\/strong> da <strong>F\u00f3rmula E<\/strong> passou por mais uma virada na lideran\u00e7a ap\u00f3s o fim de semana do <strong>eP de<\/strong> <strong>Berlim<\/strong>. A <strong>Porsche<\/strong>, que entrou na etapa alem\u00e3 com o primeiro lugar, o perdeu para a <strong>Jaguar <\/strong>ap\u00f3s a vit\u00f3ria de <strong>Nick Cassidy <\/strong>no s\u00e1bado (11), mas recuperou o posto com o triunfo de <strong>Ant\u00f3nio F\u00e9lix da Costa<\/strong> no domingo. A dist\u00e2ncia neste momento, entretanto, \u00e9 de apenas <strong>um ponto<\/strong> [<strong>267<\/strong> a <strong>266<\/strong>].<\/p>\n\n\n\n<p class=\"wp-block-paragraph\">A contagem do ranking \u00e9 feita da seguinte forma: cada uma das seis montadoras [<strong>Jaguar<\/strong>, <strong>Porsche<\/strong>, <strong>Nissan<\/strong>, <strong>Mahindra<\/strong>, <strong>Stellantis<\/strong> e <strong>ERT<\/strong>] soma o mesmo n\u00famero de pontos que os dois carros com o trem de for\u00e7a da marca melhor colocados. Assim, se dois carros da <strong>Envision<\/strong> fizerem um 1-2, por exemplo, a Jaguar \u2014 sua fornecedora \u2014 leva os pontos dos dois primeiros lugares para si no Trof\u00e9u de Fabricantes.<\/p>\n\n\n\n<p class=\"wp-block-paragraph\">As parcerias na\u00a0<a href=\"https:\/\/www.grandepremio.com\/br\/formula-e\/\" target=\"_blank\" rel=\"noreferrer noopener\">F\u00f3rmula E<\/a>\u00a0s\u00e3o as seguintes: Jaguar e\u00a0<strong>Envision<\/strong>; Porsche e\u00a0<strong>Andretti<\/strong>; Nissan e\u00a0<strong>McLaren<\/strong>; Mahindra e\u00a0<strong>Abt Cupra<\/strong>.\u00a0<strong>DS Penske\u00a0<\/strong>e\u00a0<strong>Maserati\u00a0<\/strong>usam trens de for\u00e7a Stellantis, enquanto a ERT \u00e9 a \u00fanica\u00a0<strong>sem uma cliente\u00a0<\/strong>no grid. No total, s\u00e3o tr\u00eas campeonatos:\u00a0<strong>Mundial de Pilotos<\/strong>,\u00a0<strong>Mundial de Equipes\u00a0<\/strong>e\u00a0<strong>Trof\u00e9u de Fabricantes<\/strong>.<\/p>\n\n\n\n<p class=\"wp-block-paragraph\">Contabilizando as duas corridas da rodada dupla de Berlim, a <strong>Jaguar <\/strong>foi a melhor das fabricantes com <strong>65 <\/strong>pontos, enquanto a <strong>Porsche <\/strong>conseguiu somar <strong>55<\/strong>. Vale destacar, novamente, que as duas protagonistas do campeonato foram as vencedoras do fim de semana, com Cassidy no s\u00e1bado e Da Costa no domingo. Al\u00e9m disso, Nick ainda voltou ao p\u00f3dio na corrida 2, com o segundo lugar.<\/p>\n\n\n\n<figure class=\"wp-block-image size-large\"><img decoding=\"async\" src=\"https:\/\/www.grandepremio.com\/br\/wp-content\/uploads\/2024\/04\/EPS1008_055341D66_3345-2048x2048-1-1024x683.jpg\" alt=\"\" class=\"wp-image-807565\"\/><figcaption class=\"wp-element-caption\">A Porsche segue na lideran\u00e7a do Trof\u00e9u de Fabricantes (Foto: F\u00f3rmula E)<\/figcaption><\/figure>\n\n\n\n<p class=\"wp-block-paragraph\">A <strong>Nissan <\/strong>se manteve como terceira for\u00e7a na rodada alem\u00e3 e somou <strong>36 <\/strong>pontos, 30 deles cortesia de <strong>Oliver Rowland <\/strong>\u2014 que terminou em terceiro nas duas provas. A <strong>Stellantis<\/strong>, por sua vez, conseguiu um segundo lugar com <strong>Jean-\u00c9ric Vergne<\/strong> na corrida 1 e deixou Berlim com <strong>31 <\/strong>tentos. Por fim, a <strong>Mahindra <\/strong>fez <strong>sete<\/strong>, todos com <strong>Edoardo<\/strong> <strong>Mortara <\/strong>na corrida 1, enquanto a <strong>ERT <\/strong>saiu <strong>zerada<\/strong> da Alemanha.<\/p>\n\n\n\n<p class=\"wp-block-paragraph\">A pr\u00f3xima etapa da\u00a0<a href=\"https:\/\/www.grandepremio.com\/br\/formula-e\/\" target=\"_blank\" rel=\"noreferrer noopener\">F\u00f3rmula E<\/a>\u00a0acontece entre os dias 24 e 26 de maio, com o aguardado retorno da categoria \u00e0 China. Pela primeira vez na hist\u00f3ria, a prova ser\u00e1 disputada em Xangai. Todas as sess\u00f5es de pista ter\u00e3o\u00a0<a href=\"https:\/\/formula1aovivo.com\/\" target=\"_blank\" rel=\"noreferrer noopener\">transmiss\u00e3o<\/a>\u00a0<strong>AO VIVO e COM IMAGENS<\/strong>\u00a0nos canais do\u00a0<strong>GRANDE PR\u00caMIO<\/strong>\u00a0no\u00a0<strong><a href=\"https:\/\/www.youtube.com\/c\/GrandePremioTV\" target=\"_blank\" rel=\"noreferrer noopener\">YouTube<\/a><\/strong>\u00a0e no\u00a0<strong><a href=\"https:\/\/m.kwai.com\/user\/@grandepremio\" target=\"_blank\" rel=\"noreferrer noopener\">Kwai<\/a><\/strong>, assim como todo o restante da temporada.<\/p>\n\n\n\n<p class=\"wp-block-paragraph\"><strong><img decoding=\"async\" src=\"https:\/\/s.w.org\/images\/core\/emoji\/14.0.0\/svg\/25b6.svg\" alt=\"\u25b6\ufe0f\" style=\"width: 20px;\">\u00a0Inscreva-se nos dois canais do GRANDE PR\u00caMIO no YouTube:\u00a0<a href=\"https:\/\/www.youtube.com\/channel\/UC9OlHEgxoaY6QY6nWPoiqQg?sub_confirmation=1\" target=\"_blank\" rel=\"noreferrer noopener\">GP<\/a>\u00a0|\u00a0<a href=\"https:\/\/www.youtube.com\/channel\/UC9csiS6q_C3C0FYhyr1rnFA?sub_confirmation=1\" target=\"_blank\" rel=\"noreferrer noopener\">GP2<\/a><\/strong><br><strong><img decoding=\"async\" src=\"https:\/\/s.w.org\/images\/core\/emoji\/14.0.0\/svg\/25b6.svg\" alt=\"\u25b6\ufe0f\" style=\"width: 20px;\">\u00a0<a href=\"https:\/\/www.twitch.tv\/grandepremio\" target=\"_blank\" rel=\"noreferrer noopener\">Conhe\u00e7a o canal do GRANDE PR\u00caMIO na Twitch clicando aqui!<\/a><\/strong><\/p>\n\n\n\n<h2 class=\"wp-block-heading\" id=\"h-formula-e-2024-trofeu-de-fabricantes-apos-ep-de-berlim\">F\u00f3rmula E 2024, Trof\u00e9u de Fabricantes ap\u00f3s eP de Berlim<\/h2>\n\n\n\n<figure class=\"wp-block-table\"><table><tbody><tr><td>&nbsp;<\/td><td>Fabricante<\/td><td>Cliente<\/td><td>Pontos<\/td><\/tr><tr><td>1<\/td><td>Porsche<\/td><td>Andretti<\/td><td>267<\/td><\/tr><tr><td>2<\/td><td>Jaguar<\/td><td>Envision<\/td><td>266<\/td><\/tr><tr><td>3<\/td><td>Nissan<\/td><td>McLaren<\/td><td>202<\/td><\/tr><tr><td>4<\/td><td>Stellantis<\/td><td>DS Penske e Maserati<\/td><td>186<\/td><\/tr><tr><td>5<\/td><td>Mahindra<\/td><td>ABT Cupra<\/td><td>26<\/td><\/tr><tr><td>6<\/td><td>ERT<\/td><td>\u2014<\/td><td>23<\/td><\/tr><\/tbody><\/table><\/figure>\n\n\n\n<figure class=\"wp-block-embed is-type-video is-provider-youtube wp-block-embed-youtube wp-embed-aspect-16-9 wp-has-aspect-ratio\"><div class=\"wp-block-embed__wrapper\">\n<iframe loading=\"lazy\" title=\"DRUGOVICH, FITTIPALDI E COLLET: como foi o teste dos brasileiros na F\u00f3rmula E | GP \u00e0s 10\" width=\"500\" height=\"281\" src=\"https:\/\/www.youtube.com\/embed\/hn8hsYdzxJs?feature=oembed\" frameborder=\"0\" allow=\"accelerometer; autoplay; clipboard-write; encrypted-media; gyroscope; picture-in-picture; web-share\" referrerpolicy=\"strict-origin-when-cross-origin\" allowfullscreen><\/iframe>\n<\/div><\/figure>\n\n\n\n<h2 class=\"wp-block-heading\" id=\"h-assista-a-corrida-completa-do-ep-de-berlim-2\">Assista \u00e0 corrida completa do eP de Berlim 2<\/h2>\n\n\n\n<figure class=\"wp-block-embed is-type-video is-provider-youtube wp-block-embed-youtube wp-embed-aspect-16-9 wp-has-aspect-ratio\"><div class=\"wp-block-embed__wrapper\">\n<iframe loading=\"lazy\" title=\"F\u00d3RMULA E 2024 COM IMAGENS | eP DE BERLIM | 10\u00aa etapa | Corrida\" width=\"500\" height=\"281\" src=\"https:\/\/www.youtube.com\/embed\/_5nbHS_kTIg?feature=oembed\" frameborder=\"0\" allow=\"accelerometer; autoplay; clipboard-write; encrypted-media; gyroscope; picture-in-picture; web-share\" referrerpolicy=\"strict-origin-when-cross-origin\" allowfullscreen><\/iframe>\n<\/div><\/figure>\n","protected":false},"excerpt":{"rendered":"<p>A vit\u00f3ria de Ant\u00f3nio F\u00e9lix da Costa no eP de Berlim 2 permitiu que a Porsche retomasse a lideran\u00e7a do Trof\u00e9u de Fabricantes da F\u00f3rmula E, perdida no dia anterior para a Jaguar<\/p>\n","protected":false},"author":0,"featured_media":1000812299,"comment_status":"closed","ping_status":"closed","sticky":false,"template":"","format":"standard","meta":{"42wp_featured_image_caption":"","42wp_featured_image_credits":"","42wp_featured_video":"","42wp_featured_image_hidden":false,"42wp_authors_list":[],"footnotes":""},"categories":[19],"tags":[28679,6853,37328,379,36881,840,35967,39591,39590,1601,1491,30103,28285,910,36219,736,2482],"42wp_author":[47142],"class_list":["post-76782","post","type-post","status-publish","format-standard","has-post-thumbnail","hentry","category-formula-e","tag-calendario-formula-e","tag-classificacao-formula-e","tag-ep-de-xangai","tag-fe","tag-fe-2024","tag-formula-e","tag-formula-e-2024","tag-formula-e-china","tag-formula-e-shangai","tag-gen3","tag-grande-premio","tag-grande-premio-f1","tag-grandepremio","tag-jaguar","tag-onde-assistir-formula-e","tag-porsche","tag-shangai","42wp_author-jp-nascimento"],"_links":{"self":[{"href":"https:\/\/grandepremio.com\/br\/wp-json\/wp\/v2\/posts\/76782","targetHints":{"allow":["GET"]}}],"collection":[{"href":"https:\/\/grandepremio.com\/br\/wp-json\/wp\/v2\/posts"}],"about":[{"href":"https:\/\/grandepremio.com\/br\/wp-json\/wp\/v2\/types\/post"}],"replies":[{"embeddable":true,"href":"https:\/\/grandepremio.com\/br\/wp-json\/wp\/v2\/comments?post=76782"}],"version-history":[{"count":0,"href":"https:\/\/grandepremio.com\/br\/wp-json\/wp\/v2\/posts\/76782\/revisions"}],"wp:featuredmedia":[{"embeddable":true,"href":"https:\/\/grandepremio.com\/br\/wp-json\/wp\/v2\/media\/1000812299"}],"wp:attachment":[{"href":"https:\/\/grandepremio.com\/br\/wp-json\/wp\/v2\/media?parent=76782"}],"wp:term":[{"taxonomy":"category","embeddable":true,"href":"https:\/\/grandepremio.com\/br\/wp-json\/wp\/v2\/categories?post=76782"},{"taxonomy":"post_tag","embeddable":true,"href":"https:\/\/grandepremio.com\/br\/wp-json\/wp\/v2\/tags?post=76782"},{"taxonomy":"42wp_author","embeddable":true,"href":"https:\/\/grandepremio.com\/br\/wp-json\/wp\/v2\/42wp_author?post=76782"}],"curies":[{"name":"wp","href":"https:\/\/api.w.org\/{rel}","templated":true}]}}