{"id":76801,"date":"2024-05-21T10:12:59","date_gmt":"2024-05-21T13:12:59","guid":{"rendered":"https:\/\/grandepremio.com\/br\/noticias\/mclaren-anuncia-homenagem-ayrton-senna-corre-gp-de-monaco-carro-brasileiro\/"},"modified":"2024-05-21T10:37:35","modified_gmt":"2024-05-21T13:37:35","slug":"mclaren-anuncia-homenagem-ayrton-senna-corre-gp-de-monaco-carro-brasileiro","status":"publish","type":"post","link":"https:\/\/grandepremio.com\/br\/f1\/mclaren-anuncia-homenagem-ayrton-senna-corre-gp-de-monaco-carro-brasileiro\/","title":{"rendered":"McLaren anuncia homenagem a Senna e corre GP de M\u00f4naco com carro &#8216;brasileiro&#8217;"},"content":{"rendered":"\n<p class=\"wp-block-paragraph\">A <strong>McLaren<\/strong> tem uma nova pintura especial. A equipe inglesa anunciou, na manh\u00e3 desta ter\u00e7a-feira (21), que ter\u00e1 uma cara nova para o <strong>GP de M\u00f4naco<\/strong> do pr\u00f3ximo fim de semana. Mais que isso: uma cara brasileira. Por homenagem a <strong>Ayrton Senna<\/strong>, equipe ter\u00e1 um carro com as cores da bandeira do <strong>Brasil<\/strong>.<\/p>\n\n\n\n<p class=\"wp-block-paragraph\">O carro ter\u00e1 o amarelo como cor principal, enquanto o verde aparece sobretudo na parte traseira do b\u00f3lido que vem numa crescente no campeonato: <strong><a href=\"https:\/\/www.grandepremio.com\/br\/f1\/noticias\/lando-norris-tira-proveito-safety-car-gp-miami-anula-maxverstappen-vence-f1-1a-vez\/\">venceu o GP de Miami<\/a><\/strong> duas semanas atr\u00e1s e chegou <strong><a href=\"https:\/\/www.grandepremio.com\/br\/f1\/noticias\/max-verstappen-anula-rivais-crava-pole-sprint-miami-mercedes-fracassa-formula-1\/\">na segunda coloca\u00e7\u00e3o em \u00cdmola<\/a><\/strong>.<\/p>\n\n\n\n<p class=\"wp-block-paragraph\">&#8220;Pelo Rei de M\u00f4naco&#8221;, disse a equipe em postagem nas redes sociais. &#8220;Estamos orgulhosos de pilotar em sua homenagem e com suas cores no GP de M\u00f4naco&#8221;, finalizou.<\/p>\n\n\n\n<p class=\"wp-block-paragraph\">&#8220;A equipe tem orgulho de reconhecer e celebrar a vida extraordin\u00e1ria e o legado de Ayrton Senna atrav\u00e9s desta pintura. Senna continua reverenciado e respeitado como o maior \u00edcone da F\u00f3rmula 1 e o piloto mais condecorado da McLaren. Seu impacto na McLaren \u00e9 enorme, n\u00e3o apenas atrav\u00e9s de seu hist\u00f3rico de corrida, mas tamb\u00e9m de sua presen\u00e7a dentro da equipe. Por isso, \u00e9 uma honra correr no circuito em que ele teve mais sucesso utilizando as cores verde, amarelo e azul&#8221;, afirmou Zak Brown, diretor-executivo da equipe inglesa.<\/p>\n\n\n\n<figure class=\"wp-block-image size-full\"><img decoding=\"async\" src=\"https:\/\/www.grandepremio.com\/br\/wp-content\/uploads\/2024\/05\/MCL38-Senna-OP-Front.jpg\" alt=\"\" class=\"wp-image-816016\"\/><figcaption class=\"wp-element-caption\">McLaren revelou nova pintura para o GP de M\u00f4naco (Foto: McLaren)<\/figcaption><\/figure>\n\n\n\n<p class=\"wp-block-paragraph\">&#8220;\u00c9 uma honra homenagear Ayrton atrav\u00e9s destas pinturas em colabora\u00e7\u00e3o com a McLaren Racing e a McLaren Automotive&#8221;, disse a sobrinha de Ayrton, Bianca Senna. &#8220;\u00c9 uma forma fant\u00e1stica de celebrar a sua vida e legado atrav\u00e9s das suas cores ic\u00f4nicas em ambos os carros. A McLaren significou muito para ele e juntos alcan\u00e7aram muito sucesso, muitos dos quais ele ainda \u00e9 lembrado por tanta gente hoje. Ser\u00e1 especial ver a McLaren correr com essas cores pelas ruas de M\u00f4naco, circuito que lhe rendeu tantas alegrias e muitos triunfos&#8221;, encerrou.<\/p>\n\n\n\n<p class=\"wp-block-paragraph\">Senna venceu a corrida monegasca em <strong><a href=\"https:\/\/www.grandepremio.com\/br\/f1\/noticias\/na-garagem-ayrton-senna-conta-com-dose-sorte-vence-gp-de-monaco-sexta-vez-formula-1\/\">seis oportunidades<\/a><\/strong>. A primeira veio com a <strong>Lotus<\/strong>, em 1987, enquanto as cinco seguintes foram conquistadas de maneira sequencial j\u00e1 pelas cores da McLaren, entre 1989 e 1993. At\u00e9 hoje, Senna \u00e9 de maneira isolada o maior vencedor do evento quase centen\u00e1rio.<\/p>\n\n\n\n<p class=\"wp-block-paragraph\">Com o anivers\u00e1rio dos <strong><a href=\"https:\/\/www.grandepremio.com\/br\/f1\/noticias\/30-anos-sem-ayrton-senna-cronologia-tragedia-gp-san-marino-1994\/\">30 anos do acidente fatal de Ayrton<\/a><\/strong>, em 1994, este m\u00eas de maio foi recheado de homenagens ao tricampe\u00e3o. Na corrida da semana passada, em \u00cdmola, marcada como local do acidente de Senna, os tributos foram v\u00e1rios, desde uma <strong><a href=\"https:\/\/www.grandepremio.com\/br\/f1\/noticias\/sebastian-vettel-comanda-caminhada-tributo-ayrton-senna-roland-ratzenberger-imola\/\">cerim\u00f4nia que envolveu todos os pilotos<\/a><\/strong>, passando pelo <strong><a href=\"https:\/\/www.grandepremio.com\/br\/f1\/noticias\/pierre-gasly-anuncia-capacete-tributo-ayrton-senna-imola-vai-pista-toleman-1984\/\">capacete verde e amarelo<\/a><\/strong> de <strong>Pierre Gasly<\/strong>, at\u00e9 as voltas de <strong>Sebastian Vettel<\/strong> <strong><a href=\"https:\/\/www.grandepremio.com\/br\/video\/f1\/sebastian-vettel-presta-homenagem-guia-mclaren-mp4-8-ayrton-senna-em-imola\/\">na pista com o McLaren de 1993 e as bandeiras de Brasil e \u00c1ustria empunhadas<\/a><\/strong> para celebrar a mem\u00f3ria de Senna e <strong>Roland Ratzenberger<\/strong>, morto no mesmo fim de semana.  <\/p>\n\n\n\n<p class=\"wp-block-paragraph\">A\u00a0<a href=\"https:\/\/www.grandepremio.com\/br\/f1\/\" target=\"_blank\" rel=\"noreferrer noopener\"><\/a><a href=\"https:\/\/www.grandepremio.com\/br\/f1\/\" target=\"_blank\" rel=\"noreferrer noopener\">F\u00f3rmula 1<\/a>\u00a0volta de 24 a 26 de maio justamente com tradicional\u00a0<strong>GP de\u00a0<a href=\"https:\/\/www.grandepremio.com\/br\/circuito\/monaco\/\" target=\"_blank\" rel=\"noreferrer noopener\">M\u00f4naco<\/a><\/strong>, oitava etapa da\u00a0<strong>temporada 2024<\/strong>, nas ruas de\u00a0<strong><a href=\"https:\/\/www.grandepremio.com\/br\/circuito\/monte-carlo\/\" target=\"_blank\" rel=\"noreferrer noopener\"><\/a><a href=\"https:\/\/www.grandepremio.com\/br\/circuito\/monte-carlo\/\" target=\"_blank\" rel=\"noreferrer noopener\"><\/a><a href=\"https:\/\/www.grandepremio.com\/br\/circuito\/monte-carlo\/\" target=\"_blank\" rel=\"noreferrer noopener\"><\/a><a href=\"https:\/\/www.grandepremio.com\/br\/circuito\/monte-carlo\/\" target=\"_blank\" rel=\"noreferrer noopener\"><\/a><a href=\"https:\/\/www.grandepremio.com\/br\/circuito\/monte-carlo\/\" target=\"_blank\" rel=\"noreferrer noopener\"><\/a><a href=\"https:\/\/www.grandepremio.com\/br\/circuito\/monte-carlo\/\" target=\"_blank\" rel=\"noreferrer noopener\"><\/a><a href=\"https:\/\/www.grandepremio.com\/br\/circuito\/monte-carlo\/\" target=\"_blank\" rel=\"noreferrer noopener\"><\/a><a href=\"https:\/\/www.grandepremio.com\/br\/circuito\/monte-carlo\/\" target=\"_blank\" rel=\"noreferrer noopener\"><\/a><a href=\"https:\/\/www.grandepremio.com\/br\/circuito\/monte-carlo\/\" target=\"_blank\" rel=\"noreferrer noopener\"><\/a><a href=\"https:\/\/www.grandepremio.com\/br\/circuito\/monte-carlo\/\" target=\"_blank\" rel=\"noreferrer noopener\"><\/a><a href=\"https:\/\/www.grandepremio.com\/br\/circuito\/monte-carlo\/\" target=\"_blank\" rel=\"noreferrer noopener\"><\/a><a href=\"https:\/\/www.grandepremio.com\/br\/circuito\/monte-carlo\/\" target=\"_blank\" rel=\"noreferrer noopener\"><\/a><a href=\"https:\/\/www.grandepremio.com\/br\/circuito\/monte-carlo\/\" target=\"_blank\" rel=\"noreferrer noopener\">Monte Carlo<\/a><\/strong>.<\/p>\n\n\n\n<p class=\"wp-block-paragraph\"><strong>\u25b6\ufe0f Inscreva-se nos dois canais do\u00a0GRANDE PR\u00caMIO\u00a0no YouTube:\u00a0<a href=\"https:\/\/www.youtube.com\/channel\/UC9OlHEgxoaY6QY6nWPoiqQg?sub_confirmation=1\">GP<\/a>\u00a0|\u00a0<a href=\"https:\/\/www.youtube.com\/channel\/UC9csiS6q_C3C0FYhyr1rnFA?sub_confirmation=1\">GP2<\/a><br>\u25b6\ufe0f\u00a0<a href=\"https:\/\/www.twitch.tv\/grandepremio\">Conhe\u00e7a o canal do\u00a0GRANDE PR\u00caMIO\u00a0na Twitch clicando aqui!<\/a><\/strong><\/p>\n\n\n\n<figure class=\"wp-block-video\"><video class=\"video-js vjs-big-play-centered\" data-gp-vjs=\"1\" controls src=\"https:\/\/www.grandepremio.com\/br\/wp-content\/uploads\/2024\/05\/McLaren-cores-do-Brasil-Senna.mp4\"><\/video><figcaption class=\"wp-element-caption\">O an\u00fancio do carro especial da McLaren com as cores da bandeira do Brasil (V\u00eddeo: McLaren)<\/figcaption><\/figure>\n","protected":false},"excerpt":{"rendered":"<p>Em homenagem a &#8216;Rei de M\u00f4naco&#8217; Ayrton Senna, McLaren disputa prova do Principado com pintura especial nas cores da bandeira do Brasil<\/p>\n","protected":false},"author":0,"featured_media":1000816020,"comment_status":"closed","ping_status":"closed","sticky":false,"template":"","format":"standard","meta":{"42wp_featured_image_caption":"","42wp_featured_image_credits":"","42wp_featured_video":"","42wp_featured_image_hidden":false,"42wp_authors_list":[],"footnotes":""},"categories":[2],"tags":[699,5660,3230,642,5100,2121,90,764,4028,3324],"42wp_author":[47120],"class_list":["post-76801","post","type-post","status-publish","format-standard","has-post-thumbnail","hentry","category-f1","tag-ayrton-senna","tag-classificacao","tag-f1-2024","tag-f1-ao-vivo","tag-gp-de-monaco","tag-homenagens","tag-mclaren","tag-monte-carlo","tag-roland-ratzenberger","tag-senna","42wp_author-pedro-henrique-marum"],"_links":{"self":[{"href":"https:\/\/grandepremio.com\/br\/wp-json\/wp\/v2\/posts\/76801","targetHints":{"allow":["GET"]}}],"collection":[{"href":"https:\/\/grandepremio.com\/br\/wp-json\/wp\/v2\/posts"}],"about":[{"href":"https:\/\/grandepremio.com\/br\/wp-json\/wp\/v2\/types\/post"}],"replies":[{"embeddable":true,"href":"https:\/\/grandepremio.com\/br\/wp-json\/wp\/v2\/comments?post=76801"}],"version-history":[{"count":0,"href":"https:\/\/grandepremio.com\/br\/wp-json\/wp\/v2\/posts\/76801\/revisions"}],"wp:featuredmedia":[{"embeddable":true,"href":"https:\/\/grandepremio.com\/br\/wp-json\/wp\/v2\/media\/1000816020"}],"wp:attachment":[{"href":"https:\/\/grandepremio.com\/br\/wp-json\/wp\/v2\/media?parent=76801"}],"wp:term":[{"taxonomy":"category","embeddable":true,"href":"https:\/\/grandepremio.com\/br\/wp-json\/wp\/v2\/categories?post=76801"},{"taxonomy":"post_tag","embeddable":true,"href":"https:\/\/grandepremio.com\/br\/wp-json\/wp\/v2\/tags?post=76801"},{"taxonomy":"42wp_author","embeddable":true,"href":"https:\/\/grandepremio.com\/br\/wp-json\/wp\/v2\/42wp_author?post=76801"}],"curies":[{"name":"wp","href":"https:\/\/api.w.org\/{rel}","templated":true}]}}