{"id":76880,"date":"2024-05-20T09:18:58","date_gmt":"2024-05-20T12:18:58","guid":{"rendered":"https:\/\/grandepremio.com\/br\/noticias\/red-bull-exalta-max-verstappen-vitorias-imola-gt3-virtual-maquina-corrida\/"},"modified":"2024-05-20T15:46:31","modified_gmt":"2024-05-20T18:46:31","slug":"red-bull-exalta-max-verstappen-vitorias-imola-gt3-virtual-maquina-corrida","status":"publish","type":"post","link":"https:\/\/grandepremio.com\/br\/f1\/red-bull-exalta-max-verstappen-vitorias-imola-gt3-virtual-maquina-corrida\/","title":{"rendered":"Red Bull exalta Verstappen ap\u00f3s vit\u00f3rias em \u00cdmola e GT3 virtual: &#8220;M\u00e1quina de corrida&#8221;"},"content":{"rendered":"\n<p class=\"wp-block-paragraph\"><strong>Max Verstappen <\/strong>fez no <strong>GP da Em\u00edlia-Romanha<\/strong> o que parecia improv\u00e1vel ap\u00f3s uma sexta-feira em que a <strong>Red Bull<\/strong> foi facilmente superara por <strong>McLaren <\/strong>e <strong>Ferrari<\/strong>. <a href=\"https:\/\/www.grandepremio.com\/br\/f1\/noticias\/max-verstappen-resiste-desgaste-pneus-vence-gp-emilia-romanha-f1-lando-norris-2o\/\">E a vit\u00f3ria na corrida de domingo (19)<\/a>, constru\u00edda com muito esfor\u00e7o e dedica\u00e7\u00e3o nos boxes, ainda veio depois do neerland\u00eas ajudar a equipe <strong>Redline <\/strong>nas <strong>24 Horas de N\u00fcrburgring<\/strong> do<strong> GT3 virtual<\/strong>  \u2014 uma &#8220;m\u00e1quina de corrida&#8221;, como classificou <strong>Christian Horner<\/strong>.<\/p>\n\n\n\n<p class=\"wp-block-paragraph\">O chefe dos taurinos contou ap\u00f3s a prova da <strong>F\u00f3rmula 1<\/strong> realizada no tradicional circuito de <strong>\u00cdmola<\/strong>, It\u00e1lia, que \u00e9 comum Verstappen separar tempo para as corridas virtuais mesmo em fins de semana com agenda cheia. Ap\u00f3s a pole-position no s\u00e1bado, Max dedicou tr\u00eas horas \u00e0 prova virtual \u00e0 noite e, depois, mais duas horas na manh\u00e3 de domingo.<\/p>\n\n\n\n<p class=\"wp-block-paragraph\">A fa\u00e7anha valeu a pena, pois a equipe Redline venceu as 24 Horas de N\u00fcrburgring. &#8220;Ele \u00e9 basicamente uma m\u00e1quina de corrida, ent\u00e3o muitas vezes testa configura\u00e7\u00f5es diferentes \u00e0 noite e coisas do tipo, portanto n\u00e3o \u00e9 incomum\u201d, disse Horner \u00e0 imprensa.<\/p>\n\n\n\n<p class=\"wp-block-paragraph\">&#8220;Ele venceu duas corridas hoje (domingo). Uma em um <strong>BMW M3 <\/strong>e outra em um carro de F\u00f3rmula 1. Vimos o que isso significou para ele. Para [conquistar] a pole-position, realmente teve de se esfor\u00e7ar muito, e o desempenho hoje foi novamente uma aula magistral&#8221;, celebrou.<\/p>\n\n\n\n<figure class=\"wp-block-image size-large\"><img decoding=\"async\" src=\"https:\/\/www.grandepremio.com\/br\/wp-content\/uploads\/2024\/05\/emilia-romanha-2024-f1-corrida-red-bull-max-verstappen-09-1200x800.jpg\" alt=\"\" class=\"wp-image-815567\"\/><figcaption class=\"wp-element-caption\">Lando Norris, Max Verstappen e Charles Leclerc (Foto: Red Bull Content Pool)<\/figcaption><\/figure>\n\n\n\n<p class=\"wp-block-paragraph\">Em seguida, o l\u00edder dos taurinos explicou o que causou o desgaste inesperado de pneus na reta final do GP da Em\u00edlia-Romanha. &#8220;No primeiro stint, com os m\u00e9dios, parecia que t\u00ednhamos tudo sob controle. Quando trocamos para os duros, a primeira metade do stint foi absolutamente boa, mas come\u00e7amos a perder temperatura no pneu e, consequentemente, desempenho.&#8221;<\/p>\n\n\n\n<p class=\"wp-block-paragraph\">&#8220;Outra coisa que tornou tudo particularmente estressante no final da corrida foi que Max j\u00e1 havia tomado tr\u00eas aten\u00e7\u00f5es por limites da pista, ent\u00e3o n\u00e3o podia se dar ao luxo de cometer um \u00fanico erro. Ele teve um desempenho brilhante, ent\u00e3o, apesar da press\u00e3o significativa, foi capaz de administrar e manter <strong>Lando <\/strong>[<strong>Norris<\/strong>] fora da zona de <strong>DRS<\/strong>&#8220;, completou Horner.<\/p>\n\n\n\n<p class=\"wp-block-paragraph\">Depois dos treinos livres de sexta, o brit\u00e2nico contou que houve um intenso trabalho que envolveu todos na f\u00e1brica e no time, incluindo Verstappen. &#8220;Trabalhamos muito no acerto na sexta \u00e0 noite e no s\u00e1bado e conseguimos mudar o equil\u00edbrio e colocar o carro numa janela muito melhor&#8221;, explicou.<\/p>\n\n\n\n<p class=\"wp-block-paragraph\">&#8220;Foi um grande mergulho. \u00c9 a\u00ed que nunca se deve subestimar o apoio que vem da equipe da f\u00e1brica, dos pilotos do simulador, dar o cr\u00e9dito que \u00e9 devido. A ess\u00eancia da equipe \u00e9 ser capaz de responder quando as coisas est\u00e3o est\u00e3o indo t\u00e3o bem, e conseguimos reverter a situa\u00e7\u00e3o. Com o resultado de sexta-feira, todas as nossas an\u00e1lises diriam &#8216;de jeito nenhum&#8217;. Mas conseguimos reverter a situa\u00e7\u00e3o e vencer a corrida&#8221;, concluiu Horner.<\/p>\n\n\n\n<p class=\"wp-block-paragraph\">A&nbsp;<a href=\"https:\/\/www.grandepremio.com\/br\/f1\/\" target=\"_blank\" rel=\"noreferrer noopener\"><\/a><a href=\"https:\/\/www.grandepremio.com\/br\/f1\/\" target=\"_blank\" rel=\"noreferrer noopener\">F\u00f3rmula 1<\/a>&nbsp;volta de 24 a 26 de maio com o tradicional&nbsp;<strong>GP de&nbsp;<a href=\"https:\/\/www.grandepremio.com\/br\/circuito\/monaco\/\" target=\"_blank\" rel=\"noreferrer noopener\">M\u00f4naco<\/a><\/strong>, oitava etapa da&nbsp;<strong>temporada 2024<\/strong>, nas ruas de&nbsp;<strong><a href=\"https:\/\/www.grandepremio.com\/br\/circuito\/monte-carlo\/\" target=\"_blank\" rel=\"noreferrer noopener\"><\/a><a href=\"https:\/\/www.grandepremio.com\/br\/circuito\/monte-carlo\/\" target=\"_blank\" rel=\"noreferrer noopener\"><\/a><a href=\"https:\/\/www.grandepremio.com\/br\/circuito\/monte-carlo\/\" target=\"_blank\" rel=\"noreferrer noopener\"><\/a><a href=\"https:\/\/www.grandepremio.com\/br\/circuito\/monte-carlo\/\" target=\"_blank\" rel=\"noreferrer noopener\">Monte Carlo<\/a><\/strong>.<\/p>\n\n\n\n<p class=\"wp-block-paragraph\"><strong><img decoding=\"async\" src=\"https:\/\/a.slack-edge.com\/production-standard-emoji-assets\/14.0\/google-medium\/25b6-fe0f.png\" alt=\":seta_para_frente:\">&nbsp;Inscreva-se nos dois canais do GRANDE PR\u00caMIO no YouTube:&nbsp;<a href=\"https:\/\/www.youtube.com\/channel\/UC9OlHEgxoaY6QY6nWPoiqQg?sub_confirmation=1\" target=\"_blank\" rel=\"noreferrer noopener\">GP<\/a>&nbsp;|&nbsp;<a href=\"https:\/\/www.youtube.com\/channel\/UC9csiS6q_C3C0FYhyr1rnFA?sub_confirmation=1\" target=\"_blank\" rel=\"noreferrer noopener\">GP2<\/a><\/strong><br><strong><img decoding=\"async\" src=\"https:\/\/a.slack-edge.com\/production-standard-emoji-assets\/14.0\/google-medium\/25b6-fe0f.png\" alt=\":seta_para_frente:\"><a href=\"https:\/\/www.twitch.tv\/grandepremio\" target=\"_blank\" rel=\"noreferrer noopener\">Conhe\u00e7a o canal do GRANDE PR\u00caMIO na Twitch clicando aqui!<\/a><\/strong><\/p>\n\n\n\n<figure class=\"wp-block-embed is-type-video is-provider-youtube wp-block-embed-youtube wp-embed-aspect-16-9 wp-has-aspect-ratio\"><div class=\"wp-block-embed__wrapper\">\n<iframe loading=\"lazy\" title=\"VERSTAPPEN RESISTE A NORRIS E VENCE NA F1 em \u00cdMOLA: tudo sobre o GP DA EM\u00cdLIA-ROMANHA | Briefing\" width=\"500\" height=\"281\" src=\"https:\/\/www.youtube.com\/embed\/7W4w9Phi9lM?feature=oembed\" frameborder=\"0\" allow=\"accelerometer; autoplay; clipboard-write; encrypted-media; gyroscope; picture-in-picture; web-share\" referrerpolicy=\"strict-origin-when-cross-origin\" allowfullscreen><\/iframe>\n<\/div><\/figure>\n","protected":false},"excerpt":{"rendered":"<p>Max Verstappen conquistou a pole para o GP da Em\u00edlia-Romanha e ainda foi ajudar a equipe Redline a vencer as 24 Horas de N\u00fcrburgring virtuais<\/p>\n","protected":false},"author":0,"featured_media":1000815568,"comment_status":"closed","ping_status":"closed","sticky":false,"template":"","format":"standard","meta":{"42wp_featured_image_caption":"","42wp_featured_image_credits":"","42wp_featured_video":"","42wp_featured_image_hidden":false,"42wp_authors_list":[],"footnotes":""},"categories":[2],"tags":[26271,655,5273,26134,147,3230,180,30909,25606,1491,28285,30840,5386,39542,33974,203,35129,204,33301],"42wp_author":[47147],"class_list":["post-76880","post","type-post","status-publish","format-standard","has-post-thumbnail","hentry","category-f1","tag-calendario-f1","tag-christian-horner","tag-classificacao-f1","tag-emilia-romanha","tag-f1","tag-f1-2024","tag-formula-1","tag-formula-1-2024","tag-gp-da-emilia-romanha","tag-grande-premio","tag-grandepremio","tag-horarios-f1","tag-imola","tag-imola-2024","tag-imola-f1","tag-max-verstappen","tag-onde-assistir-f1","tag-red-bull","tag-temporada-2024-f1","42wp_author-luana-marino"],"_links":{"self":[{"href":"https:\/\/grandepremio.com\/br\/wp-json\/wp\/v2\/posts\/76880","targetHints":{"allow":["GET"]}}],"collection":[{"href":"https:\/\/grandepremio.com\/br\/wp-json\/wp\/v2\/posts"}],"about":[{"href":"https:\/\/grandepremio.com\/br\/wp-json\/wp\/v2\/types\/post"}],"replies":[{"embeddable":true,"href":"https:\/\/grandepremio.com\/br\/wp-json\/wp\/v2\/comments?post=76880"}],"version-history":[{"count":0,"href":"https:\/\/grandepremio.com\/br\/wp-json\/wp\/v2\/posts\/76880\/revisions"}],"wp:featuredmedia":[{"embeddable":true,"href":"https:\/\/grandepremio.com\/br\/wp-json\/wp\/v2\/media\/1000815568"}],"wp:attachment":[{"href":"https:\/\/grandepremio.com\/br\/wp-json\/wp\/v2\/media?parent=76880"}],"wp:term":[{"taxonomy":"category","embeddable":true,"href":"https:\/\/grandepremio.com\/br\/wp-json\/wp\/v2\/categories?post=76880"},{"taxonomy":"post_tag","embeddable":true,"href":"https:\/\/grandepremio.com\/br\/wp-json\/wp\/v2\/tags?post=76880"},{"taxonomy":"42wp_author","embeddable":true,"href":"https:\/\/grandepremio.com\/br\/wp-json\/wp\/v2\/42wp_author?post=76880"}],"curies":[{"name":"wp","href":"https:\/\/api.w.org\/{rel}","templated":true}]}}