{"id":76949,"date":"2024-05-19T15:32:42","date_gmt":"2024-05-19T18:32:42","guid":{"rendered":"https:\/\/grandepremio.com\/br\/noticias\/sergio-perez-diz-fez-melhor-poderia-apos-8o-lugar-muito-dificil-imola\/"},"modified":"2024-05-19T15:40:07","modified_gmt":"2024-05-19T18:40:07","slug":"sergio-perez-diz-fez-melhor-poderia-apos-8o-lugar-muito-dificil-imola","status":"publish","type":"post","link":"https:\/\/grandepremio.com\/br\/f1\/sergio-perez-diz-fez-melhor-poderia-apos-8o-lugar-muito-dificil-imola\/","title":{"rendered":"P\u00e9rez diz que fez &#8220;melhor que poderia&#8221; ap\u00f3s 8\u00ba lugar &#8220;muito dif\u00edcil&#8221; em \u00cdmola"},"content":{"rendered":"\n<p class=\"wp-block-paragraph\">A classifica\u00e7\u00e3o ruim do \u00faltimo s\u00e1bado (18), quando conquistou <a href=\"https:\/\/www.grandepremio.com\/br\/f1\/noticias\/sergio-perez-ve-bom-progresso-imola-11o-lugar-lamenta-cometi-erro\/\">apenas o 11\u00ba lugar no grid de largada<\/a>, deixou a vida de <strong>Sergio P\u00e9rez<\/strong> muito mais complicada no <strong>GP da Em\u00edlia-Romanha<\/strong>. O mexicano at\u00e9 largou bem e fez uma corrida s\u00f3lida, mas n\u00e3o conseguiu ir <a href=\"https:\/\/www.grandepremio.com\/br\/f1\/noticias\/max-verstappen-resiste-desgaste-pneus-vence-gp-emilia-romanha-f1-lando-norris-2o\/\">al\u00e9m do oitavo lugar ao cruzar a linha de chegada<\/a>, o que, de acordo com Checo, era o m\u00e1ximo que ele poderia ter feito.<\/p>\n\n\n\n<p class=\"wp-block-paragraph\">O dono do <strong>RB20 #11<\/strong> terminou a prova 6s atr\u00e1s de <strong>George Russell<\/strong>, s\u00e9timo colocado, mas n\u00e3o chegou a incomodar o piloto da <strong>Mercedes<\/strong> \u2014 que acabou <a href=\"https:\/\/www.grandepremio.com\/br\/f1\/noticias\/george-russell-criticar-mercedes-pit-stop-tardio-imola-nao-vou-falar-sobre\/\">fazendo uma visita extra aos boxes nas voltas finais<\/a> \u2014 em nenhum momento. Ao mesmo tempo, P\u00e9rez n\u00e3o teve problemas para superar <strong>Lance Stroll<\/strong> e <strong>Yuki Tsunoda<\/strong>, <a href=\"https:\/\/www.grandepremio.com\/br\/f1\/noticias\/yuki-tsunoda-lamenta-largada-ruim-e-alto-desgaste-pneus-emilia-romanha\/\">que fecharam o top-10<\/a>.<\/p>\n\n\n\n<p class=\"wp-block-paragraph\">A <strong>Red Bull<\/strong> at\u00e9 <a href=\"https:\/\/www.grandepremio.com\/br\/f1\/noticias\/red-bull-ve-corrida-duas-metades-imola-elogia-max-verstappen-pressao-enorme\/\">tentou colocar Sergio em uma estrat\u00e9gia diferente<\/a> dos rivais, cal\u00e7ando o mexicano com os pneus duros no in\u00edcio da prova e trocando para os m\u00e9dios no \u00fanico pit-stop realizado. &#8220;Acho que sab\u00edamos que era o melhor que poder\u00edamos conseguir&#8221;, afirmou o piloto de 34 anos ap\u00f3s a corrida. <\/p>\n\n\n\n<p class=\"wp-block-paragraph\">&#8220;Obviamente, sab\u00edamos que o pneu duro seria muito dif\u00edcil no in\u00edcio, mas esper\u00e1vamos por um safety-car no momento certo, que poderia nos colocar de volta na briga&#8221;, explicou.<\/p>\n\n\n\n<figure class=\"wp-block-image size-large\"><img decoding=\"async\" src=\"https:\/\/www.grandepremio.com\/br\/wp-content\/uploads\/2024\/05\/emilia-romanha-2024-f1-classificacao-red-bull-sergio-perez-01-1200x800.jpg\" alt=\"\" class=\"wp-image-814677\"\/><figcaption class=\"wp-element-caption\">Sergio P\u00e9rez foi apenas o 8\u00ba colocado em \u00cdmola (Foto: Red Bull Content Pool)<\/figcaption><\/figure>\n\n\n\n<p class=\"wp-block-paragraph\"><strong><img decoding=\"async\" src=\"https:\/\/a.slack-edge.com\/production-standard-emoji-assets\/14.0\/google-medium\/25b6-fe0f.png\" alt=\":seta_para_frente:\">&nbsp;Inscreva-se nos dois canais do GRANDE PR\u00caMIO no YouTube:&nbsp;<a href=\"https:\/\/www.youtube.com\/channel\/UC9OlHEgxoaY6QY6nWPoiqQg?sub_confirmation=1\" target=\"_blank\" rel=\"noreferrer noopener\">GP<\/a>&nbsp;|&nbsp;<a href=\"https:\/\/www.youtube.com\/channel\/UC9csiS6q_C3C0FYhyr1rnFA?sub_confirmation=1\" target=\"_blank\" rel=\"noreferrer noopener\">GP2<\/a><\/strong><br><strong><img decoding=\"async\" src=\"https:\/\/a.slack-edge.com\/production-standard-emoji-assets\/14.0\/google-medium\/25b6-fe0f.png\" alt=\":seta_para_frente:\"><a href=\"https:\/\/www.twitch.tv\/grandepremio\" target=\"_blank\" rel=\"noreferrer noopener\">Conhe\u00e7a o canal do GRANDE PR\u00caMIO na Twitch clicando aqui!<\/a><\/strong><\/p>\n\n\n\n<p class=\"wp-block-paragraph\">&#8220;O primeiro stint foi muito dif\u00edcil. Acho que ele foi muito comprometido pelo tr\u00e1fego nas voltas iniciais, nas finais e pelos retardat\u00e1rios. Tamb\u00e9m acabei travando [os pneus] ao entrar na curva 16, passei reto e sofri um pouco de dano. Ent\u00e3o, sim, foi uma corrida muito, muito dif\u00edcil&#8221;, finalizou P\u00e9rez.<\/p>\n\n\n\n<p class=\"wp-block-paragraph\">Com o oitavo lugar na etapa em <strong>\u00cdmola<\/strong>, P\u00e9rez perdeu a segunda posi\u00e7\u00e3o na <a href=\"https:\/\/www.grandepremio.com\/br\/galeria\/f1\/formula-1-2024-gp-emilia-romagna-classificacao-campeonato-max-verstappen\/\">classifica\u00e7\u00e3o do Mundial de Pilotos<\/a> para <strong>Charles Leclerc<\/strong>, da <strong>Ferrari<\/strong>, que terminou em terceiro e agora soma 113 pontos no certame, seis a mais que o taurino. Max Verstappen continua sendo l\u00edder isolado com 161 tentos.<\/p>\n\n\n\n<p class=\"wp-block-paragraph\">A\u00a0<a href=\"https:\/\/www.grandepremio.com\/br\/f1\/\" target=\"_blank\" rel=\"noreferrer noopener\"><\/a><a href=\"https:\/\/www.grandepremio.com\/br\/f1\/\" target=\"_blank\" rel=\"noreferrer noopener\">F\u00f3rmula 1<\/a>\u00a0volta de 24 a 26 de maio com o tradicional\u00a0<strong>GP de\u00a0<a href=\"https:\/\/www.grandepremio.com\/br\/circuito\/monaco\/\" target=\"_blank\" rel=\"noreferrer noopener\">M\u00f4naco<\/a><\/strong>, oitava etapa da\u00a0<strong>temporada 2024<\/strong>, nas ruas de\u00a0<strong><a href=\"https:\/\/www.grandepremio.com\/br\/circuito\/monte-carlo\/\" target=\"_blank\" rel=\"noreferrer noopener\"><\/a><a href=\"https:\/\/www.grandepremio.com\/br\/circuito\/monte-carlo\/\" target=\"_blank\" rel=\"noreferrer noopener\"><\/a><a href=\"https:\/\/www.grandepremio.com\/br\/circuito\/monte-carlo\/\" target=\"_blank\" rel=\"noreferrer noopener\">Monte Carlo<\/a><\/strong>.<\/p>\n\n\n\n<figure class=\"wp-block-embed is-type-video is-provider-youtube wp-block-embed-youtube wp-embed-aspect-16-9 wp-has-aspect-ratio\"><div class=\"wp-block-embed__wrapper\">\n<iframe loading=\"lazy\" title=\"VERSTAPPEN RESISTE A NORRIS E VENCE NA F1 em \u00cdMOLA: tudo sobre o GP DA EM\u00cdLIA-ROMANHA | Briefing\" width=\"500\" height=\"281\" src=\"https:\/\/www.youtube.com\/embed\/7W4w9Phi9lM?feature=oembed\" frameborder=\"0\" allow=\"accelerometer; autoplay; clipboard-write; encrypted-media; gyroscope; picture-in-picture; web-share\" referrerpolicy=\"strict-origin-when-cross-origin\" allowfullscreen><\/iframe>\n<\/div><\/figure>\n","protected":false},"excerpt":{"rendered":"<p>Sergio P\u00e9rez at\u00e9 citou os danos sofridos no RB20 ap\u00f3s ter escapado da pista durante o GP da Em\u00edlia-Romanha, mas frisou que n\u00e3o conseguiria ter conseguido um resultado melhor<\/p>\n","protected":false},"author":0,"featured_media":1000815268,"comment_status":"closed","ping_status":"closed","sticky":false,"template":"","format":"standard","meta":{"42wp_featured_image_caption":"","42wp_featured_image_credits":"","42wp_featured_video":"","42wp_featured_image_hidden":false,"42wp_authors_list":[],"footnotes":""},"categories":[2],"tags":[5660,969,147,3230,642,160,180,30909,39432,1491,30103,28285,204,3132],"42wp_author":[47160],"class_list":["post-76949","post","type-post","status-publish","format-standard","has-post-thumbnail","hentry","category-f1","tag-classificacao","tag-corrida","tag-f1","tag-f1-2024","tag-f1-ao-vivo","tag-f1-tv","tag-formula-1","tag-formula-1-2024","tag-gp-da-emilia-romanha-2024","tag-grande-premio","tag-grande-premio-f1","tag-grandepremio","tag-red-bull","tag-sergio-perez","42wp_author-vicente-soella"],"_links":{"self":[{"href":"https:\/\/grandepremio.com\/br\/wp-json\/wp\/v2\/posts\/76949","targetHints":{"allow":["GET"]}}],"collection":[{"href":"https:\/\/grandepremio.com\/br\/wp-json\/wp\/v2\/posts"}],"about":[{"href":"https:\/\/grandepremio.com\/br\/wp-json\/wp\/v2\/types\/post"}],"replies":[{"embeddable":true,"href":"https:\/\/grandepremio.com\/br\/wp-json\/wp\/v2\/comments?post=76949"}],"version-history":[{"count":0,"href":"https:\/\/grandepremio.com\/br\/wp-json\/wp\/v2\/posts\/76949\/revisions"}],"wp:featuredmedia":[{"embeddable":true,"href":"https:\/\/grandepremio.com\/br\/wp-json\/wp\/v2\/media\/1000815268"}],"wp:attachment":[{"href":"https:\/\/grandepremio.com\/br\/wp-json\/wp\/v2\/media?parent=76949"}],"wp:term":[{"taxonomy":"category","embeddable":true,"href":"https:\/\/grandepremio.com\/br\/wp-json\/wp\/v2\/categories?post=76949"},{"taxonomy":"post_tag","embeddable":true,"href":"https:\/\/grandepremio.com\/br\/wp-json\/wp\/v2\/tags?post=76949"},{"taxonomy":"42wp_author","embeddable":true,"href":"https:\/\/grandepremio.com\/br\/wp-json\/wp\/v2\/42wp_author?post=76949"}],"curies":[{"name":"wp","href":"https:\/\/api.w.org\/{rel}","templated":true}]}}