{"id":77122,"date":"2024-05-18T14:27:48","date_gmt":"2024-05-18T17:27:48","guid":{"rendered":"https:\/\/grandepremio.com\/br\/noticias\/red-bull-agradece-vacuo-nico-hulkenberg-pole-imola-max-verstappen-recuperou-0s2\/"},"modified":"2024-05-18T14:42:19","modified_gmt":"2024-05-18T17:42:19","slug":"red-bull-agradece-vacuo-nico-hulkenberg-pole-imola-max-verstappen-recuperou-0s2","status":"publish","type":"post","link":"https:\/\/grandepremio.com\/br\/f1\/red-bull-agradece-vacuo-nico-hulkenberg-pole-imola-max-verstappen-recuperou-0s2\/","title":{"rendered":"Red Bull agradece v\u00e1cuo de H\u00fclkenberg na pole em \u00cdmola: \u201cVerstappen recuperou 0s2\u201d"},"content":{"rendered":"\n<p class=\"wp-block-paragraph\">A Red Bull saiu da classifica\u00e7\u00e3o do <strong>GP da Em\u00edlia-Romanha<\/strong>, <a href=\"https:\/\/www.grandepremio.com\/br\/f1\/noticias\/max-verstappen-frustra-torcida-ferrari-iguala-recorde-ayrton-senna-pole-imola\/\">que aconteceu na manh\u00e3 deste s\u00e1bado (18)<\/a>, com uma inesperada pole-position de <strong>Max Verstappen<\/strong>. <strong>Helmut Marko<\/strong>, consultor da equipe austr\u00edaca, afirmou que o time precisou fazer algumas afina\u00e7\u00f5es no carro antes da sess\u00e3o, mas tamb\u00e9m destacou que a volta mais r\u00e1pida do tricampe\u00e3o foi gra\u00e7as a uma ajudinha de <strong>Nico H\u00fclkenberg<\/strong> durante o final do Q3.<\/p>\n\n\n\n<p class=\"wp-block-paragraph\">A <strong>McLaren <\/strong>e a <strong>Ferrari <\/strong>come\u00e7aram o s\u00e1bado como favoritas a ficarem com a pole-position do <strong>GP da Em\u00edlia-Romanha<\/strong>, mas Verstappen surpreendeu a todos e garantiu a posi\u00e7\u00e3o de honra. O neerland\u00eas conseguiu fazer a diferen\u00e7a nos instantes finais e superou Oscar Piastri por apenas 0s074.&nbsp;<\/p>\n\n\n\n<p class=\"wp-block-paragraph\">A conquista, no entanto, veio ap\u00f3s Verstappen aproveitar o v\u00e1cuo de Nico H\u00fclkenberg quando abria a \u00faltima volta r\u00e1pida no Q3. O consultor da Red Bull explicou que a ajuda do alem\u00e3o foi essencial para a conquista da pole.<\/p>\n\n\n\n<p class=\"wp-block-paragraph\">\u201cFoi inesperado. Foi uma grande melhoria, tamb\u00e9m em termos de afina\u00e7\u00e3o do carro, mas ele foi muito bem no primeiro setor. Tamb\u00e9m devemos agradecer a Nico H\u00fclkenberg. Ele deu um v\u00e1cuo para Max. Ele [Verstappen] recuperou 0s2 contra Oscar Piastri e conseguiu ficar com a pole\u201d, apontou Marko.<\/p>\n\n\n\n<figure class=\"wp-block-video\"><video class=\"video-js vjs-big-play-centered\" data-gp-vjs=\"1\" controls src=\"https:\/\/www.grandepremio.com\/br\/wp-content\/uploads\/2024\/05\/Verstappen-vacuo-Hulkenberg-em-Imola.mp4\"><\/video><figcaption class=\"wp-element-caption\">Verstappen pega v\u00e1cuo de H\u00fclkenberg em \u00cdmola (V\u00eddeo: reprodu\u00e7\u00e3o\/F1 TV)<\/figcaption><\/figure>\n\n\n\n<p class=\"wp-block-paragraph\">Sergio P\u00e9rez sofreu mais com as dificuldades da Red Bull em \u00cdmola e foi eliminado da classifica\u00e7\u00e3o ainda no Q2. Marko lamentou a situa\u00e7\u00e3o.<\/p>\n\n\n\n<p class=\"wp-block-paragraph\">\u201cIsso foi um pouco lament\u00e1vel. No in\u00edcio ele estava pilotando com pneus usados, depois com pneus novos e depois ficou surpreso com a ader\u00eancia que tinha. Acho que ele perdeu 0s3 na curva 7 e isso n\u00e3o foi suficiente para avan\u00e7ar para o Q3 com um grid t\u00e3o apertado. Ultrapassar aqui \u00e9 dif\u00edcil, mas Max est\u00e1 na frente. Isso \u00e9 o mais importante hoje\u201d, finalizou o consultor da Red Bull.<\/p>\n\n\n\n<p class=\"wp-block-paragraph\">O&nbsp;<strong>GRANDE PR\u00caMIO<\/strong>&nbsp;acompanha&nbsp;<strong><a href=\"https:\/\/www.grandepremio.com\/br\/ao-vivo\/f1\/\" target=\"_blank\" rel=\"noreferrer noopener\">AO VIVO e EM&nbsp;<\/a><a href=\"https:\/\/www.grandepremio.com\/br\/ao-vivo\/\" target=\"_blank\" rel=\"noreferrer noopener\">TEMPO REAL<\/a><\/strong>&nbsp;todas as atividades do&nbsp;<strong>GP da Em\u00edlia-Romanha de&nbsp;<a href=\"https:\/\/www.grandepremio.com\/br\/f1\/\" target=\"_blank\" rel=\"noreferrer noopener\">F\u00f3rmula 1<\/a><\/strong>&nbsp;e transmite classifica\u00e7\u00e3o e corrida em segunda tela, em parceria com a Voz do Esporte, na&nbsp;<strong><a href=\"https:\/\/www.youtube.com\/c\/GrandePremioTV\/streams\" target=\"_blank\" rel=\"noreferrer noopener\">GPTV, o canal do GP no Youtube<\/a><\/strong>. Al\u00e9m disso, debate tudo que aconteceu na pista com o&nbsp;<strong>Briefing<\/strong>&nbsp;ap\u00f3s treinos livres e classifica\u00e7\u00e3o, al\u00e9m de antes e depois da corrida. No domingo,&nbsp;<strong>a largada<\/strong>&nbsp;est\u00e1 marcada para as 10h (de Bras\u00edlia, GMT-3).<\/p>\n\n\n\n<p class=\"wp-block-paragraph\"><strong><img decoding=\"async\" src=\"https:\/\/a.slack-edge.com\/production-standard-emoji-assets\/14.0\/google-medium\/25b6-fe0f.png\" alt=\":seta_para_frente:\">&nbsp;Inscreva-se nos dois canais do GRANDE PR\u00caMIO no YouTube:&nbsp;<a href=\"https:\/\/www.youtube.com\/channel\/UC9OlHEgxoaY6QY6nWPoiqQg?sub_confirmation=1\" target=\"_blank\" rel=\"noreferrer noopener\">GP<\/a>&nbsp;|&nbsp;<a href=\"https:\/\/www.youtube.com\/channel\/UC9csiS6q_C3C0FYhyr1rnFA?sub_confirmation=1\" target=\"_blank\" rel=\"noreferrer noopener\">GP2<\/a><\/strong><br><strong><img decoding=\"async\" src=\"https:\/\/a.slack-edge.com\/production-standard-emoji-assets\/14.0\/google-medium\/25b6-fe0f.png\" alt=\":seta_para_frente:\"><a href=\"https:\/\/www.twitch.tv\/grandepremio\" target=\"_blank\" rel=\"noreferrer noopener\">Conhe\u00e7a o canal do GRANDE PR\u00caMIO na Twitch clicando aqui!<\/a><\/strong><\/p>\n\n\n\n<figure class=\"wp-block-embed is-type-video is-provider-youtube wp-block-embed-youtube wp-embed-aspect-16-9 wp-has-aspect-ratio\"><div class=\"wp-block-embed__wrapper\">\n<iframe loading=\"lazy\" title=\"F1 \u00cdMOLA: VERSTAPPEN POLE, McLAREN E FERRARI ATR\u00c1S: a CLASSIFICA\u00c7\u00c3O na Em\u00edlia-Romanha | Briefing\" width=\"500\" height=\"281\" src=\"https:\/\/www.youtube.com\/embed\/V-2-y97L8-A?feature=oembed\" frameborder=\"0\" allow=\"accelerometer; autoplay; clipboard-write; encrypted-media; gyroscope; picture-in-picture; web-share\" referrerpolicy=\"strict-origin-when-cross-origin\" allowfullscreen><\/iframe>\n<\/div><\/figure>\n","protected":false},"excerpt":{"rendered":"<p>Max Verstappen ficou com a pole do GP da Em\u00edlia-Romanha ap\u00f3s superar Oscar Piastri por 0s074. Consultor da Red Bull explicou que v\u00e1cuo de Nico H\u00fclkenberg foi essencial para a conquista<\/p>\n","protected":false},"author":0,"featured_media":1000814675,"comment_status":"closed","ping_status":"closed","sticky":false,"template":"","format":"standard","meta":{"42wp_featured_image_caption":"","42wp_featured_image_credits":"","42wp_featured_video":"","42wp_featured_image_hidden":false,"42wp_authors_list":[],"footnotes":""},"categories":[2],"tags":[5273,3230,25606,1491,28285,258,8723,203,27382,204,27332,27716,3132,9685],"42wp_author":[47149],"class_list":["post-77122","post","type-post","status-publish","format-standard","has-post-thumbnail","hentry","category-f1","tag-classificacao-f1","tag-f1-2024","tag-gp-da-emilia-romanha","tag-grande-premio","tag-grandepremio","tag-helmut-marko","tag-marko","tag-max-verstappen","tag-perez","tag-red-bull","tag-red-bull-f1","tag-red-bull-formula-1","tag-sergio-perez","tag-verstappen","42wp_author-bernardo-castro"],"_links":{"self":[{"href":"https:\/\/grandepremio.com\/br\/wp-json\/wp\/v2\/posts\/77122","targetHints":{"allow":["GET"]}}],"collection":[{"href":"https:\/\/grandepremio.com\/br\/wp-json\/wp\/v2\/posts"}],"about":[{"href":"https:\/\/grandepremio.com\/br\/wp-json\/wp\/v2\/types\/post"}],"replies":[{"embeddable":true,"href":"https:\/\/grandepremio.com\/br\/wp-json\/wp\/v2\/comments?post=77122"}],"version-history":[{"count":0,"href":"https:\/\/grandepremio.com\/br\/wp-json\/wp\/v2\/posts\/77122\/revisions"}],"wp:featuredmedia":[{"embeddable":true,"href":"https:\/\/grandepremio.com\/br\/wp-json\/wp\/v2\/media\/1000814675"}],"wp:attachment":[{"href":"https:\/\/grandepremio.com\/br\/wp-json\/wp\/v2\/media?parent=77122"}],"wp:term":[{"taxonomy":"category","embeddable":true,"href":"https:\/\/grandepremio.com\/br\/wp-json\/wp\/v2\/categories?post=77122"},{"taxonomy":"post_tag","embeddable":true,"href":"https:\/\/grandepremio.com\/br\/wp-json\/wp\/v2\/tags?post=77122"},{"taxonomy":"42wp_author","embeddable":true,"href":"https:\/\/grandepremio.com\/br\/wp-json\/wp\/v2\/42wp_author?post=77122"}],"curies":[{"name":"wp","href":"https:\/\/api.w.org\/{rel}","templated":true}]}}