{"id":77144,"date":"2024-05-18T13:09:46","date_gmt":"2024-05-18T16:09:46","guid":{"rendered":"https:\/\/grandepremio.com\/br\/noticias\/max-verstappen-chega-8a-pole-consecutiva-imola-iguala-recorde-historico-ayrton-senna\/"},"modified":"2024-05-18T13:19:01","modified_gmt":"2024-05-18T16:19:01","slug":"max-verstappen-chega-8a-pole-consecutiva-imola-iguala-recorde-historico-ayrton-senna","status":"publish","type":"post","link":"https:\/\/grandepremio.com\/br\/f1\/max-verstappen-chega-8a-pole-consecutiva-imola-iguala-recorde-historico-ayrton-senna\/","title":{"rendered":"Verstappen chega \u00e0 8\u00aa pole consecutiva em \u00cdmola e iguala recorde hist\u00f3rico de Senna"},"content":{"rendered":"\n<p class=\"wp-block-paragraph\">A volta voadora de <strong>Max Verstappen<\/strong> <a href=\"https:\/\/www.grandepremio.com\/br\/f1\/noticias\/max-verstappen-frustra-torcida-ferrari-iguala-recorde-ayrton-senna-pole-imola\/\">no <strong>Q3 <\/strong>da classifica\u00e7\u00e3o deste s\u00e1bado (18)<\/a>, em <strong>\u00cdmola<\/strong>, permitiu ao tricampe\u00e3o igualar um recorde hist\u00f3rico estabelecido pelo tamb\u00e9m tricampe\u00e3o <strong>Ayrton Senna<\/strong> entre as temporadas de <strong>1988<\/strong> e <strong>1989<\/strong> da <strong>F\u00f3rmula 1<\/strong>. S\u00e3o oito largadas consecutivas em primeiro para cada um.<\/p>\n\n\n\n<p class=\"wp-block-paragraph\">Verstappen assegurou a 39\u00aa pole-position na carreira ao virar 1min14s746 na \u00faltima volta da sess\u00e3o que definiu o grid de largada. Ainda no carro, Max vibrou bastante pelo r\u00e1dio ap\u00f3s ter muita dificuldade com a ader\u00eancia durante os treinos livres de sexta-feira.<\/p>\n\n\n\n<p class=\"wp-block-paragraph\">A F1 n\u00e3o sabe o que \u00e9 ver outro piloto al\u00e9m do #1 da Red Bull em uma pole desde o <strong>GP de Abu Dhabi<\/strong> do ano passado. J\u00e1 Senna estabeleceu seu recorde entre os GPs da <strong>Espanha<\/strong> <strong>de 1988<\/strong> e <strong>GP dos Estados Unidos de 1989<\/strong>.<\/p>\n\n\n\n<p class=\"wp-block-paragraph\">Na ocasi\u00e3o, Senna vivia o auge da rivalidade contra <strong>Alain Prost<\/strong>, primeiro dividindo os boxes com o franc\u00eas e construindo a era de maior dom\u00ednio da <strong>McLaren <\/strong>na categoria. Depois, com o rival j\u00e1 na <strong>Ferrari<\/strong>, o duelo seguiu ferrenho no final dos anos 80. <\/p>\n\n\n\n<figure class=\"wp-block-image size-full\"><img decoding=\"async\" src=\"https:\/\/www.grandepremio.com\/br\/wp-content\/uploads\/2023\/12\/Ayrton-Senna-GP-do-Japao-1988-McLaren-MP4-4-Foto-McLaren-Divulgacao.jpg\" alt=\"\" class=\"wp-image-762322\"\/><figcaption class=\"wp-element-caption\">Ayrton Senna tinha como diferencial as voltas r\u00e1pidas em classifica\u00e7\u00e3o (Foto: McLaren\/Divulga\u00e7\u00e3o)<\/figcaption><\/figure>\n\n\n\n<p class=\"wp-block-paragraph\">E foi justamente Prost quem interrompeu a sequ\u00eancia de Ayrton. No <strong>GP do Canad\u00e1 de 1989<\/strong>, Senna ficou a 0s076 da melhor volta na classifica\u00e7\u00e3o, tendo de se contentar com o segundo lugar. Depois, entre os GPs da Espanha de 1990 e M\u00f4naco de 1991, o brasileiro emendou sete corridas seguidas na pole, por\u00e9m novamente no Canad\u00e1, viu <strong>Riccardo Patrese <\/strong>assegurar o primeiro posto.<\/p>\n\n\n\n<p class=\"wp-block-paragraph\">O&nbsp;<strong>GRANDE PR\u00caMIO<\/strong>&nbsp;acompanha&nbsp;<strong><a href=\"https:\/\/www.grandepremio.com\/br\/ao-vivo\/f1\/\" target=\"_blank\" rel=\"noreferrer noopener\">AO VIVO e EM&nbsp;<\/a><a href=\"https:\/\/www.grandepremio.com\/br\/ao-vivo\/\" target=\"_blank\" rel=\"noreferrer noopener\">TEMPO REAL<\/a><\/strong>&nbsp;todas as atividades do&nbsp;<strong>GP da Em\u00edlia-Romanha de&nbsp;<a href=\"https:\/\/www.grandepremio.com\/br\/f1\/\" target=\"_blank\" rel=\"noreferrer noopener\">F\u00f3rmula 1<\/a><\/strong>&nbsp;e transmite classifica\u00e7\u00e3o e corrida em segunda tela, em parceria com a Voz do Esporte, na&nbsp;<strong><a href=\"https:\/\/www.youtube.com\/c\/GrandePremioTV\/streams\" target=\"_blank\" rel=\"noreferrer noopener\">GPTV, o canal do GP no Youtube<\/a><\/strong>. Al\u00e9m disso, debate tudo que aconteceu na pista com o&nbsp;<strong>Briefing<\/strong>&nbsp;ap\u00f3s treinos livres e classifica\u00e7\u00e3o, al\u00e9m de antes e depois da corrida. No domingo,&nbsp;<strong>a largada<\/strong>&nbsp;est\u00e1 marcada para as 10h (de Bras\u00edlia, GMT-3).<\/p>\n\n\n\n<p class=\"wp-block-paragraph\"><strong><img decoding=\"async\" src=\"https:\/\/a.slack-edge.com\/production-standard-emoji-assets\/14.0\/google-medium\/25b6-fe0f.png\" alt=\":seta_para_frente:\">&nbsp;Inscreva-se nos dois canais do GRANDE PR\u00caMIO no YouTube:&nbsp;<a href=\"https:\/\/www.youtube.com\/channel\/UC9OlHEgxoaY6QY6nWPoiqQg?sub_confirmation=1\" target=\"_blank\" rel=\"noreferrer noopener\">GP<\/a>&nbsp;|&nbsp;<a href=\"https:\/\/www.youtube.com\/channel\/UC9csiS6q_C3C0FYhyr1rnFA?sub_confirmation=1\" target=\"_blank\" rel=\"noreferrer noopener\">GP2<\/a><\/strong><br><strong><img decoding=\"async\" src=\"https:\/\/a.slack-edge.com\/production-standard-emoji-assets\/14.0\/google-medium\/25b6-fe0f.png\" alt=\":seta_para_frente:\"><a href=\"https:\/\/www.twitch.tv\/grandepremio\" target=\"_blank\" rel=\"noreferrer noopener\">Conhe\u00e7a o canal do GRANDE PR\u00caMIO na Twitch clicando aqui!<\/a><\/strong><\/p>\n\n\n\n<figure class=\"wp-block-embed is-type-video is-provider-youtube wp-block-embed-youtube wp-embed-aspect-16-9 wp-has-aspect-ratio\"><div class=\"wp-block-embed__wrapper\">\n<iframe loading=\"lazy\" title=\"F1 \u00cdMOLA: VERSTAPPEN POLE, McLAREN E FERRARI ATR\u00c1S: a CLASSIFICA\u00c7\u00c3O na Em\u00edlia-Romanha | Briefing\" width=\"500\" height=\"281\" src=\"https:\/\/www.youtube.com\/embed\/V-2-y97L8-A?feature=oembed\" frameborder=\"0\" allow=\"accelerometer; autoplay; clipboard-write; encrypted-media; gyroscope; picture-in-picture; web-share\" referrerpolicy=\"strict-origin-when-cross-origin\" allowfullscreen><\/iframe>\n<\/div><\/figure>\n","protected":false},"excerpt":{"rendered":"<p>Max Verstappen voou no circuito de \u00cdmola na classifica\u00e7\u00e3o deste s\u00e1bado (18) e vai largar em primeiro pela oitava vez seguida, assim como Ayrton Senna entre os anos de 1988 e 1989<\/p>\n","protected":false},"author":0,"featured_media":1000814672,"comment_status":"closed","ping_status":"closed","sticky":false,"template":"","format":"standard","meta":{"42wp_featured_image_caption":"","42wp_featured_image_credits":"","42wp_featured_video":"","42wp_featured_image_hidden":false,"42wp_authors_list":[],"footnotes":""},"categories":[2],"tags":[699,26271,5273,26134,39541,39550,147,3230,180,30909,25606,1491,28285,30840,5386,39542,33974,203,35129,33301],"42wp_author":[47147],"class_list":["post-77144","post","type-post","status-publish","format-standard","has-post-thumbnail","hentry","category-f1","tag-ayrton-senna","tag-calendario-f1","tag-classificacao-f1","tag-emilia-romanha","tag-emilia-romanha-2024","tag-emilia-romanha-f1","tag-f1","tag-f1-2024","tag-formula-1","tag-formula-1-2024","tag-gp-da-emilia-romanha","tag-grande-premio","tag-grandepremio","tag-horarios-f1","tag-imola","tag-imola-2024","tag-imola-f1","tag-max-verstappen","tag-onde-assistir-f1","tag-temporada-2024-f1","42wp_author-luana-marino"],"_links":{"self":[{"href":"https:\/\/grandepremio.com\/br\/wp-json\/wp\/v2\/posts\/77144","targetHints":{"allow":["GET"]}}],"collection":[{"href":"https:\/\/grandepremio.com\/br\/wp-json\/wp\/v2\/posts"}],"about":[{"href":"https:\/\/grandepremio.com\/br\/wp-json\/wp\/v2\/types\/post"}],"replies":[{"embeddable":true,"href":"https:\/\/grandepremio.com\/br\/wp-json\/wp\/v2\/comments?post=77144"}],"version-history":[{"count":0,"href":"https:\/\/grandepremio.com\/br\/wp-json\/wp\/v2\/posts\/77144\/revisions"}],"wp:featuredmedia":[{"embeddable":true,"href":"https:\/\/grandepremio.com\/br\/wp-json\/wp\/v2\/media\/1000814672"}],"wp:attachment":[{"href":"https:\/\/grandepremio.com\/br\/wp-json\/wp\/v2\/media?parent=77144"}],"wp:term":[{"taxonomy":"category","embeddable":true,"href":"https:\/\/grandepremio.com\/br\/wp-json\/wp\/v2\/categories?post=77144"},{"taxonomy":"post_tag","embeddable":true,"href":"https:\/\/grandepremio.com\/br\/wp-json\/wp\/v2\/tags?post=77144"},{"taxonomy":"42wp_author","embeddable":true,"href":"https:\/\/grandepremio.com\/br\/wp-json\/wp\/v2\/42wp_author?post=77144"}],"curies":[{"name":"wp","href":"https:\/\/api.w.org\/{rel}","templated":true}]}}