{"id":77181,"date":"2024-05-18T10:12:24","date_gmt":"2024-05-18T13:12:24","guid":{"rendered":"https:\/\/grandepremio.com\/br\/noticias\/franco-colapinto-passa-paul-aron-ultima-volta-vence-sprint-f2-imola-gabriel-bortoleto-6o\/"},"modified":"2024-05-18T12:22:22","modified_gmt":"2024-05-18T15:22:22","slug":"franco-colapinto-passa-paul-aron-ultima-volta-vence-sprint-f2-imola-gabriel-bortoleto-6o","status":"publish","type":"post","link":"https:\/\/grandepremio.com\/br\/f2\/franco-colapinto-passa-paul-aron-ultima-volta-vence-sprint-f2-imola-gabriel-bortoleto-6o\/","title":{"rendered":"Colapinto passa Aron na \u00faltima volta e vence sprint da F2 em \u00cdmola. Bortoleto \u00e9 6\u00ba"},"content":{"rendered":"\n<p class=\"wp-block-paragraph\"><strong>Franco Colapinto<\/strong> venceu a <strong>corrida sprint<\/strong> da <strong>F\u00f3rmula 2<\/strong> na <strong>Em\u00edlia-Romanha<\/strong> ap\u00f3s bel\u00edssima ultrapassagem na \u00faltima volta. O argentino manteve-se muito pr\u00f3ximo de <strong>Paul Aron <\/strong>durante boa parte da corrida deste s\u00e1bado (18), em <strong>\u00cdmola<\/strong>, e foi para o ataque final na Tamburello.<strong> Zane Maloney <\/strong>ficou em terceiro.<\/p>\n\n\n\n<p class=\"wp-block-paragraph\">Bem mais tranquila que a <strong>F\u00f3rmula 3<\/strong>, a sprint da F2 tamb\u00e9m teve o seu caos logo na largada, em batida que tirou de uma vez s\u00f3 cinco carros da disputa. Largando em 11\u00ba, <strong>Enzo Fittipaldi<\/strong> foi um dos que n\u00e3o tiveram sorte e acabou abandonando.<\/p>\n\n\n\n<p class=\"wp-block-paragraph\">Bortoleto, por sua vez, escapou por um triz de encher a traseira de <strong>Isack Hadjar<\/strong>, um dos envolvidos no incidente, e brigou muito contra <strong>Oliver Bearman <\/strong>pelo quinto lugar, mas terminou atr\u00e1s do brit\u00e2nico.<\/p>\n\n\n\n<p class=\"wp-block-paragraph\"><strong>Amaury Cordeel <\/strong>terminou em quarto, \u00e0 frente de Bearman e Bortoleto. <strong>Taylor Barnard<\/strong> e <strong>Richard Verschoor <\/strong>fecharam o grupo dos oito que pontuam na sprint.<\/p>\n\n\n\n<p class=\"wp-block-paragraph\">A F\u00f3rmula 2 retorna neste domingo, \u00e0s <strong>5h<\/strong>, para a largada da corrida 2 da rodada da <strong>Em\u00edlia-Romanha<\/strong>, a quarta da <strong>temporada 2024<\/strong>. O <strong>GRANDE PR\u00caMIO <\/strong>acompanha todas as atividades.<\/p>\n\n\n\n<p class=\"wp-block-paragraph\"><strong><img decoding=\"async\" src=\"https:\/\/a.slack-edge.com\/production-standard-emoji-assets\/14.0\/google-medium\/25b6-fe0f.png\" alt=\":seta_para_frente:\">&nbsp;Inscreva-se nos dois canais do GRANDE PR\u00caMIO no YouTube:&nbsp;<a href=\"https:\/\/www.youtube.com\/channel\/UC9OlHEgxoaY6QY6nWPoiqQg?sub_confirmation=1\" target=\"_blank\" rel=\"noreferrer noopener\">GP<\/a>&nbsp;|&nbsp;<a href=\"https:\/\/www.youtube.com\/channel\/UC9csiS6q_C3C0FYhyr1rnFA?sub_confirmation=1\" target=\"_blank\" rel=\"noreferrer noopener\">GP2<\/a><\/strong><br><strong><img decoding=\"async\" src=\"https:\/\/a.slack-edge.com\/production-standard-emoji-assets\/14.0\/google-medium\/25b6-fe0f.png\" alt=\":seta_para_frente:\"><a href=\"https:\/\/www.twitch.tv\/grandepremio\" target=\"_blank\" rel=\"noreferrer noopener\">Conhe\u00e7a o canal do GRANDE PR\u00caMIO na Twitch clicando aqui!<\/a><\/strong><\/p>\n\n\n\n<figure class=\"wp-block-video\"><video class=\"video-js vjs-big-play-centered\" data-gp-vjs=\"1\" controls src=\"https:\/\/www.grandepremio.com\/br\/wp-content\/uploads\/2024\/05\/acidente-largada-f2-imola.mp4\"><\/video><figcaption class=\"wp-element-caption\">A largada da sprint em \u00cdmola contou com grande acidente (V\u00eddeo: Reprodu\u00e7\u00e3o\/DAZN Espa\u00f1a)<\/figcaption><\/figure>\n\n\n\n<p class=\"wp-block-paragraph\"><strong>Confira com foi a corrida sprint da F2 em \u00cdmola:<\/strong><\/p>\n\n\n\n<p class=\"wp-block-paragraph\">Ap\u00f3s um pequeno atraso de sete minutos, os pilotos tomaram as respectivas posi\u00e7\u00f5es no grid, com Cordeel largando na pole-position gra\u00e7as ao grid invertido, tendo ao lado Colapinto. Bortoleto, por sua vez, era o d\u00e9cimo, j\u00e1 que conquistara a pole-position na classifica\u00e7\u00e3o, enquanto Fittipaldi vinha logo atr\u00e1s, em 11\u00ba.<\/p>\n\n\n\n<p class=\"wp-block-paragraph\">Com 24\u00b0C de temperatura ambiente, 46\u00b0C de asfalto e 42% de umidade relativa do ar, os pilotos partiram para as 25 voltas da sprint cal\u00e7ado com os m\u00e9dios, escolha de praxe para a prova curta. Na volta de apresenta\u00e7\u00e3o, por\u00e9m, um pequeno susto com Antonelli, que ficou parado alguns instantes, mas conseguiu arrancar.<\/p>\n\n\n\n<p class=\"wp-block-paragraph\">Luzes verdes acionadas, e Aron, em terceiro, saltou muito bem, colocando-se entre Colapinto e Cordeel e pegando a lideran\u00e7a na curva seguinte. S\u00f3 que a corrida logo viu a interven\u00e7\u00e3o do safety-car por conta de batida m\u00faltipla desencadeada ap\u00f3s toque entre <strong>Roman Stanek<\/strong> e Hadjar. No meio do bolo, sobrou para <strong>Joshua D\u00fcrksen<\/strong>, Fittipaldi e <strong>Dennis Hauger<\/strong>, que nada puderam fazer e tamb\u00e9m abandonaram a prova.<\/p>\n\n\n\n<p class=\"wp-block-paragraph\">As imagens recuperadas ainda mostraram um reflexo impressionante de Bortoleto, que desviou da traseira do carro da <strong>Campos <\/strong>de Hadjar por um triz. Por conta do acidente, o piloto da Invicta pulou de d\u00e9cimo para sexto.<\/p>\n\n\n\n<p class=\"wp-block-paragraph\">O carro de seguran\u00e7a deixou a pista ao final do giro 5. Relargada autorizada, Aron deu o p\u00e9 no instante certo e n\u00e3o deu chances para Cordeel, que viu Colapinto mais pr\u00f3ximo buscando espa\u00e7o para efetuar ultrapassagem. Maloney, Bearman, Bortoleto, Barnard, Verschoor, <strong>Kush Maini<\/strong> e <strong>Josep Mar\u00eda Mart\u00ed <\/strong>formavam o top-10. Antonelli, por sua vez, era apenas o 12\u00ba ap\u00f3s ser engolido pelo pelot\u00e3o em mais uma largada ruim.<\/p>\n\n\n\n<p class=\"wp-block-paragraph\">A ultrapassagem de Franco sobre Cordeel veio na reta principal, ap\u00f3s escapada do belga na sa\u00edda da <strong>Rivazza<\/strong>, na volta 7. No mesmo giro, a dire\u00e7\u00e3o de prova liberou o uso da asa m\u00f3vel.<\/p>\n\n\n\n<p class=\"wp-block-paragraph\">Bortoleto, ent\u00e3o, colou na traseira de Bearman, apenas estudando o melhor momento de tentar a ultrapassagem. \u00c0 frente, Aron colocava mais de 1s sobre Colapinto, que via a aproxima\u00e7\u00e3o de Cordeel, o mais r\u00e1pido da pista at\u00e9 ent\u00e3o.<\/p>\n\n\n\n<p class=\"wp-block-paragraph\">Enquanto Mart\u00ed tomava 10s de puni\u00e7\u00e3o e ia aos boxes para cumpri-los ainda na corrida, Maloney crescia no retrovisor de Cordeel e trazia consigo Bearman, Bortoleto, Barnard e Verschoor, todos com dist\u00e2ncias menores que 1s entre si. Era, portanto, o famoso trem do DRS, em que ningu\u00e9m passa ningu\u00e9m. A dist\u00e2ncia do piloto da <strong>Hitech <\/strong>para o segundo colocado, Colapinto, j\u00e1 era acima de 3s.<\/p>\n\n\n\n<figure class=\"wp-block-video\"><video class=\"video-js vjs-big-play-centered\" data-gp-vjs=\"1\" controls poster=\"https:\/\/www.grandepremio.com\/br\/cdn-cgi\/image\/width=1200,height=675,fit=contain,gravity=0.5x0.5,quality=75,format=webp\/wp-content\/uploads\/2024\/05\/Ultrapassagem-Colapinto-Aron-sprint-F2-Imola-poster.jpeg\" src=\"https:\/\/www.grandepremio.com\/br\/wp-content\/uploads\/2024\/05\/Ultrapassagem-Colapinto-Aron-sprint-F2-Imola.mp4\"><\/video><figcaption class=\"wp-element-caption\">Colapinto efetuou bel\u00edssima ultrapassagem sobre Paul Aron na volta final da sprint da F2 em \u00cdmola (V\u00eddeo: reprodu\u00e7\u00e3o\/ESPN)<\/figcaption><\/figure>\n\n\n\n<p class=\"wp-block-paragraph\">Na frente, o argentino ficava a apenas 0s5 de dist\u00e2ncia de Aron, j\u00e1 buscando um tra\u00e7ado mais defensivo para impedir a ultrapassagem. Na abertura do giro 15, a diferen\u00e7a caiu ainda mais, chegando a ficar em 0s2 na Tamburello. S\u00f3 que Aron conseguiu se recuperar e voltou a ficar pouco mais de 0s5 \u00e0 frente.<\/p>\n\n\n\n<p class=\"wp-block-paragraph\">Com sete voltas para o fim, os principais duelos de pista eram entre Aron \u00d7 Colapinto, Cordeel \u00d7 Maloney e Bearman \u00d7 Bortoleto \u2014 concidentemente, pegas da primeira \u00e0 sexta posi\u00e7\u00e3o. S\u00f3 que a pista sinuosa e com apenas um ponto de detec\u00e7\u00e3o do DRS dificultava qualquer tentativa de ultrapassagem. Diante disso, Aron, Cordeel e Bearman iam resistindo aos ataques dos rivais e sustentando as respectivas posi\u00e7\u00f5es.<\/p>\n\n\n\n<p class=\"wp-block-paragraph\">S\u00f3 que a decis\u00e3o ficou mesmo para as voltas finais, e o primeiro a definir a manobra foi Maloney, em ultrapassagem arrojada sobre Cordeel que valeu o p\u00f3dio. Na \u00faltima volta, foi a vez de Colapinto dar o bote para cima de Aron na Tamburello, outro lance que valeu a corrida. Bortoleto ainda tentou o mesmo sobre Oliver, mas o piloto da Prema conseguiu se defender e sustentou o quinto posto.<\/p>\n\n\n\n<h2 class=\"wp-block-heading\" id=\"h-formula-2-2024-gp-da-emilia-romanha-imola-corrida-sprint\"><strong>F\u00f3rmula 2 2024, GP da Em\u00edlia-Romanha, \u00cdmola, Corrida sprint:<\/strong><\/h2>\n\n\n\n<figure class=\"wp-block-table\"><table><tbody><tr><td>1<\/td><td>F COLAPINTO<\/td><td>MP<\/td><td>41:43.964<\/td><td>25 voltas<\/td><\/tr><tr><td>2<\/td><td>P ARON<\/td><td>Hitech<\/td><td>+1.706<\/td><td>&nbsp;<\/td><\/tr><tr><td>3<\/td><td>Z MALONEY<\/td><td>Rodin<\/td><td>+6.618<\/td><td>&nbsp;<\/td><\/tr><tr><td>4<\/td><td>A CORDEEL<\/td><td>Hitech<\/td><td>+8.173<\/td><td>&nbsp;<\/td><\/tr><tr><td>5<\/td><td>O BEARMAN<\/td><td>Prema<\/td><td>+11.125<\/td><td>&nbsp;<\/td><\/tr><tr><td>6<\/td><td>G BORTOLETO<\/td><td>Invicta<\/td><td>+11.589<\/td><td>&nbsp;<\/td><\/tr><tr><td>7<\/td><td>T BARNARD<\/td><td>AIX<\/td><td>+11.920<\/td><td>&nbsp;<\/td><\/tr><tr><td>8<\/td><td>R VERSCHOOR<\/td><td>Trident<\/td><td>+14.254<\/td><td>&nbsp;<\/td><\/tr><tr><td>9<\/td><td>K MAINI<\/td><td>Invicta<\/td><td>+16.330<\/td><td>&nbsp;<\/td><\/tr><tr><td>10<\/td><td>Z O&#8217;SULLIVAN<\/td><td>ART<\/td><td>+17.427<\/td><td>&nbsp;<\/td><\/tr><tr><td>11<\/td><td>A K ANTONELLI<\/td><td>Prema<\/td><td>+18.286<\/td><td>&nbsp;<\/td><\/tr><tr><td>12<\/td><td>R VILLAG\u00d3MEZ<\/td><td>Van Amersfoort<\/td><td>+18.960<\/td><td>&nbsp;<\/td><\/tr><tr><td>13<\/td><td>V MARTINS<\/td><td>ART<\/td><td>+19.396<\/td><td>&nbsp;<\/td><\/tr><tr><td>14<\/td><td>R MIYATA<\/td><td>Rodin<\/td><td>+19.788<\/td><td>&nbsp;<\/td><\/tr><tr><td>15<\/td><td>J CRAWFORD<\/td><td>DAMS<\/td><td>+20.089<\/td><td>&nbsp;<\/td><\/tr><tr><td>16<\/td><td>J M CORREA<\/td><td>DAMS<\/td><td>+20.587<\/td><td>&nbsp;<\/td><\/tr><tr><td>17<\/td><td>J M MART\u00cd<\/td><td>Campos<\/td><td>+55.602<\/td><td>&nbsp;<\/td><\/tr><tr><td>18<\/td><td>D HAUGER<\/td><td>MP<\/td><td>NC<\/td><td>&nbsp;<\/td><\/tr><tr><td>19<\/td><td>R STANEK<\/td><td>Trident<\/td><td>NC<\/td><td>&nbsp;<\/td><\/tr><tr><td>20<\/td><td>I HADJAR<\/td><td>Campos<\/td><td>NC<\/td><td>&nbsp;<\/td><\/tr><tr><td>21<\/td><td>J D\u00dcRKSEN<\/td><td>AIX<\/td><td>NC<\/td><td>&nbsp;<\/td><\/tr><tr><td>22<\/td><td>E FITTIPALDI<\/td><td>Van Amersfoort<\/td><td>NC<\/td><td>&nbsp;<\/td><\/tr><\/tbody><\/table><\/figure>\n","protected":false},"excerpt":{"rendered":"<p>Franco Colapinto brilhou na \u00faltima volta da corrida sprint da F2 em \u00cdmola ao efetuar bel\u00edssima ultrapassagem sobre Paul Aron na Tamburello. Zane Maloney completou o p\u00f3dio<\/p>\n","protected":false},"author":0,"featured_media":1000814576,"comment_status":"closed","ping_status":"closed","sticky":false,"template":"","format":"standard","meta":{"42wp_featured_image_caption":"","42wp_featured_image_credits":"","42wp_featured_video":"","42wp_featured_image_hidden":false,"42wp_authors_list":[],"footnotes":""},"categories":[9],"tags":[39506,30624,27861,6086,29654,3158,30246,1539,1581,26134,409,111,32189,2208,35969,25440,350,1491,28285,114,35029,5386,39542,35937,28104,598,33971,38631,107,32107,4606,29923,35030,25439,349,33454,2261,36953,39539,33638,26543,32748,32190,2204,6608,486,31881,28107],"42wp_author":[47147],"class_list":["post-77181","post","type-post","status-publish","format-standard","has-post-thumbnail","hentry","category-f2","tag-aix","tag-amaury-cordeel","tag-andrea-kimi-antonelli","tag-art","tag-calendario-f2","tag-campos","tag-classificacao-f2","tag-dams","tag-dennis-hauger","tag-emilia-romanha","tag-enzo-fittipaldi","tag-f2","tag-f2-2024","tag-formula-2","tag-formula-2-2024","tag-franco-colapinto","tag-gabriel-bortoleto","tag-grande-premio","tag-grandepremio","tag-hitech","tag-horarios-f2","tag-imola","tag-imola-2024","tag-invicta","tag-isack-hadjar","tag-jak-crawford","tag-josep-maria-marti","tag-joshua-durksen","tag-juan-manuel-correa","tag-kush-maini","tag-mp","tag-oliver-bearman","tag-onde-assistir-f2","tag-paul-aron","tag-prema","tag-rafael-villagomez","tag-richard-verschoor","tag-ritomo-miyata","tag-rodada-da-emilia-romanha","tag-rodin","tag-roman-stanek","tag-taylor-barnard","tag-temporada-2024-f2","tag-trident","tag-van-amersfoort","tag-victor-martins","tag-zak-osullivan","tag-zane-maloney","42wp_author-luana-marino"],"_links":{"self":[{"href":"https:\/\/grandepremio.com\/br\/wp-json\/wp\/v2\/posts\/77181","targetHints":{"allow":["GET"]}}],"collection":[{"href":"https:\/\/grandepremio.com\/br\/wp-json\/wp\/v2\/posts"}],"about":[{"href":"https:\/\/grandepremio.com\/br\/wp-json\/wp\/v2\/types\/post"}],"replies":[{"embeddable":true,"href":"https:\/\/grandepremio.com\/br\/wp-json\/wp\/v2\/comments?post=77181"}],"version-history":[{"count":0,"href":"https:\/\/grandepremio.com\/br\/wp-json\/wp\/v2\/posts\/77181\/revisions"}],"wp:featuredmedia":[{"embeddable":true,"href":"https:\/\/grandepremio.com\/br\/wp-json\/wp\/v2\/media\/1000814576"}],"wp:attachment":[{"href":"https:\/\/grandepremio.com\/br\/wp-json\/wp\/v2\/media?parent=77181"}],"wp:term":[{"taxonomy":"category","embeddable":true,"href":"https:\/\/grandepremio.com\/br\/wp-json\/wp\/v2\/categories?post=77181"},{"taxonomy":"post_tag","embeddable":true,"href":"https:\/\/grandepremio.com\/br\/wp-json\/wp\/v2\/tags?post=77181"},{"taxonomy":"42wp_author","embeddable":true,"href":"https:\/\/grandepremio.com\/br\/wp-json\/wp\/v2\/42wp_author?post=77181"}],"curies":[{"name":"wp","href":"https:\/\/api.w.org\/{rel}","templated":true}]}}