{"id":77201,"date":"2024-05-18T08:41:25","date_gmt":"2024-05-18T11:41:25","guid":{"rendered":"https:\/\/grandepremio.com\/br\/noticias\/ferrari-explica-decisao-obvia-lewis-hamilton-lamenta-saida-carlos-sainz-enorme-respeito\/"},"modified":"2024-05-18T09:51:36","modified_gmt":"2024-05-18T12:51:36","slug":"ferrari-explica-decisao-obvia-lewis-hamilton-lamenta-saida-carlos-sainz-enorme-respeito","status":"publish","type":"post","link":"https:\/\/grandepremio.com\/br\/f1\/ferrari-explica-decisao-obvia-lewis-hamilton-lamenta-saida-carlos-sainz-enorme-respeito\/","title":{"rendered":"Ferrari explica &#8220;decis\u00e3o \u00f3bvia&#8221; por Hamilton e lamenta sa\u00edda de Sainz: &#8220;Enorme respeito&#8221;"},"content":{"rendered":"\n<p class=\"wp-block-paragraph\">O <a href=\"https:\/\/www.grandepremio.com\/br\/f1\/noticias\/lewis-hamilton-sacramenta-fim-era-f1-troca-mercedes-por-ferrari-2025\/\">an\u00fancio da ida de<\/a> <strong>Lewis Hamilton<\/strong> para a <strong>Ferrari<\/strong> em 2025, feito no in\u00edcio de fevereiro, foi, sem d\u00favida, uma das not\u00edcias mais bomb\u00e1sticas deste s\u00e9culo na <strong>F\u00f3rmula 1<\/strong>. No entanto, <strong>Fr\u00e9d\u00e9ric Vasseur<\/strong>, chefe da equipe de Maranello, admitiu que n\u00e3o foi f\u00e1cil ter de se despedir de <strong>Carlos Sainz<\/strong>, que continua sem futuro definido na categoria desde ent\u00e3o.<\/p>\n\n\n\n<p class=\"wp-block-paragraph\">O espanhol, inclusive, permanece sendo o \u00fanico piloto da escuderia a <a href=\"https:\/\/www.grandepremio.com\/br\/f1\/noticias\/carlos-sainz-completa-retorno-triunfal-vence-gp-da-australia-formula-1-apos-abandono-max-verstappen\/?fbclid=IwAR3SEfPJuegHm-W0_gjX9iWeICbFRU144X96bA7GtkkDJpibdzu5TOYx_lQ\">ter conquistado uma vit\u00f3ria<\/a> nas duas \u00faltimas temporadas, no <strong>GP de Singapura de 2023<\/strong> e no <strong>GP da Austr\u00e1lia de 2024<\/strong>. No certame atual, Sainz \u00e9 o quinto colocado no Mundial de Pilotos, apenas 15 pontos atr\u00e1s de <strong>Charles Leclerc<\/strong>, embora o #55 tenha ficado de fora do <strong>GP da Ar\u00e1bia Saudita<\/strong> para tratar de uma apendicite.<\/p>\n\n\n\n<p class=\"wp-block-paragraph\">Ter de dizer adeus a um piloto com resultados recentes t\u00e3o bons n\u00e3o \u00e9 nada f\u00e1cil, e Vasseur reconheceu isso. &#8220;N\u00e3o foi f\u00e1cil porque tenho um enorme respeito por Carlos&#8221;, disse o dirigente em entrevista ao jornal estadunidense <em>The New York Times<\/em>.<\/p>\n\n\n\n<p class=\"wp-block-paragraph\">&#8220;Quando cheguei, disse que tentei ter Carlos comigo nas categorias de acesso, depois na <strong>Renault<\/strong> e depois na <strong>Sauber<\/strong>, e nunca foi poss\u00edvel, por isso fiquei satisfeito por t\u00ea-lo comigo quando entrei na Ferrari&#8221;, continuou.<\/p>\n\n\n\n<figure class=\"wp-block-image size-large\"><img decoding=\"async\" src=\"https:\/\/www.grandepremio.com\/br\/wp-content\/uploads\/2024\/03\/australia-2024-f1-corrida-ferrari-carlos-sainz-afp-09-1024x683.jpg\" alt=\"\" class=\"wp-image-792895\"\/><figcaption class=\"wp-element-caption\">Carlos Sainz conquistou a \u00fanica vit\u00f3ria da Ferrari at\u00e9 aqui em 2024 (Foto: AFP) <\/figcaption><\/figure>\n\n\n\n<p class=\"wp-block-paragraph\">&#8220;Estou perfeitamente ciente do trabalho que ele fez no ano passado. Primeiro, ele nos trouxe o p\u00f3dio em Monza, depois a vit\u00f3ria [em Singapura], mas tamb\u00e9m foi quem come\u00e7ou a nossa recupera\u00e7\u00e3o ap\u00f3s as f\u00e9rias de ver\u00e3o. Ele deu a volta por cima em&nbsp;Zandvoort&nbsp;e fez um trabalho muito bom, pressionando muito a equipe, e isso ajudou enormemente Charles a se recuperar tamb\u00e9m. Quero deixar claro, eles n\u00e3o estavam um pressionando ao outro, mas foi uma colabora\u00e7\u00e3o positiva&#8221;, lembrou o chefe da Ferrari.<\/p>\n\n\n\n<p class=\"wp-block-paragraph\">Entretanto, Vasseur sabe que a oportunidade de poder contar com Hamilton em sua equipe n\u00e3o aparece todo dia e, por isso, teve de abrir m\u00e3o de Sainz para conseguir abrir uma vaga ao lado de Leclerc, que, por sua vez, <a href=\"https:\/\/www.grandepremio.com\/br\/f1\/noticias\/charles-leclerc-celebra-renovacao-segunda-familia-quero-ser-campeao-ferrari\/\">renovou contrato com a esquadra mais ic\u00f4nica do esporte a motor<\/a> por mais algumas temporadas. Com <strong>sete t\u00edtulos mundiais<\/strong>, <strong>103 vit\u00f3rias<\/strong> e <strong>104 poles<\/strong> na carreira, o <strong>#44<\/strong> \u00e9 um dos grandes da hist\u00f3ria do automobilismo.<\/p>\n\n\n\n<p class=\"wp-block-paragraph\">&#8220;Para a equipe, poder contar com Lewis foi algo \u00f3bvio por v\u00e1rios motivos, e tive de tomar uma decis\u00e3o&#8221;, afirmou Fr\u00e9d\u00e9ric, que fez quest\u00e3o de elogiar a maneira como Sainz lidou com a situa\u00e7\u00e3o. &#8220;A decis\u00e3o foi dura, mas a forma como administramos isso com Carlos e com as pessoas que trabalham com ele foi a melhor que pudemos, porque n\u00e3o foi f\u00e1cil. Lembro-me perfeitamente que encerramos a discuss\u00e3o dizendo: &#8216;\u00c9 assim que as coisas s\u00e3o. Vamos for\u00e7ar at\u00e9 a \u00faltima curva da \u00faltima volta e fazer uma temporada extremamente boa&#8217;. Ele reagiu bem&#8221;, destacou.<\/p>\n\n\n\n<p class=\"wp-block-paragraph\"><strong><img decoding=\"async\" src=\"https:\/\/a.slack-edge.com\/production-standard-emoji-assets\/14.0\/google-medium\/25b6-fe0f.png\" alt=\":seta_para_frente:\">&nbsp;Inscreva-se nos dois canais do GRANDE PR\u00caMIO no YouTube:&nbsp;<a href=\"https:\/\/www.youtube.com\/channel\/UC9OlHEgxoaY6QY6nWPoiqQg?sub_confirmation=1\" target=\"_blank\" rel=\"noreferrer noopener\">GP<\/a>&nbsp;|&nbsp;<a href=\"https:\/\/www.youtube.com\/channel\/UC9csiS6q_C3C0FYhyr1rnFA?sub_confirmation=1\" target=\"_blank\" rel=\"noreferrer noopener\">GP2<\/a><\/strong><br><strong><img decoding=\"async\" src=\"https:\/\/a.slack-edge.com\/production-standard-emoji-assets\/14.0\/google-medium\/25b6-fe0f.png\" alt=\":seta_para_frente:\"><a href=\"https:\/\/www.twitch.tv\/grandepremio\" target=\"_blank\" rel=\"noreferrer noopener\">Conhe\u00e7a o canal do GRANDE PR\u00caMIO na Twitch clicando aqui!<\/a><\/strong><\/p>\n\n\n\n<figure class=\"wp-block-image size-large\"><img decoding=\"async\" src=\"https:\/\/www.grandepremio.com\/br\/wp-content\/uploads\/2024\/03\/afp-bahrain-2024-drivers-parade-lewis-hamilton-charles-leclerc-1024x682.jpg\" alt=\"\" class=\"wp-image-783282\"\/><figcaption class=\"wp-element-caption\">Lewis Hamilton e Charles Leclerc ser\u00e3o companheiros a partir de 2025 (Foto: F1)<\/figcaption><\/figure>\n\n\n\n<p class=\"wp-block-paragraph\">Al\u00e9m da not\u00edcia, o que chamou aten\u00e7\u00e3o foi o momento em que ela foi divulgada, antes mesmo do in\u00edcio da temporada, algo incomum. Vasseur admitiu que eles poderiam ter esperado mais alguns meses, mas deixou claro que a Ferrari pensou em dar o maior tempo poss\u00edvel para que o preterido Sainz pudesse encontrar um novo assento na classe rainha.<\/p>\n\n\n\n<p class=\"wp-block-paragraph\">&#8220;O fato de termos anunciado muito cedo surpreendeu as pessoas. Com Lewis poder\u00edamos ter esperado at\u00e9 julho, mas acho que tamb\u00e9m foi por respeito a Carlos, pois quisemos dar a ele a chance m\u00e1xima de encontrar uma boa oportunidade logo. Espero que ele encontre algo&#8221;, finalizou o mandat\u00e1rio.<\/p>\n\n\n\n<p class=\"wp-block-paragraph\">O\u00a0<strong>GRANDE PR\u00caMIO<\/strong>\u00a0acompanha\u00a0<strong><a href=\"https:\/\/www.grandepremio.com\/br\/ao-vivo\/f1\/\" target=\"_blank\" rel=\"noreferrer noopener\">AO VIVO e EM\u00a0<\/a><a href=\"https:\/\/www.grandepremio.com\/br\/ao-vivo\/\" target=\"_blank\" rel=\"noreferrer noopener\">TEMPO REAL<\/a><\/strong>\u00a0todas as atividades do\u00a0<strong>GP da Em\u00edlia-Romanha de\u00a0<a href=\"https:\/\/www.grandepremio.com\/br\/f1\/\" target=\"_blank\" rel=\"noreferrer noopener\">F\u00f3rmula 1<\/a><\/strong>\u00a0e transmite classifica\u00e7\u00e3o e corrida em segunda tela, em parceria com a Voz do Esporte, na\u00a0<strong><a href=\"https:\/\/www.youtube.com\/c\/GrandePremioTV\/streams\" target=\"_blank\" rel=\"noreferrer noopener\">GPTV, o canal do GP no Youtube<\/a><\/strong>. Al\u00e9m disso, debate tudo que aconteceu na pista com o\u00a0<strong>Briefing<\/strong>\u00a0ap\u00f3s treinos livres e classifica\u00e7\u00e3o, al\u00e9m de antes e depois da corrida. No s\u00e1bado, a\u00a0<strong>classifica\u00e7\u00e3o<\/strong>\u00a0est\u00e1 marcada para as\u00a0<strong>11h<\/strong>\u00a0(de Bras\u00edlia, GMT-3). Por fim,\u00a0<strong>a largada<\/strong>\u00a0est\u00e1 marcada para as 10h do domingo.<\/p>\n\n\n\n<figure class=\"wp-block-embed is-type-video is-provider-youtube wp-block-embed-youtube wp-embed-aspect-16-9 wp-has-aspect-ratio\"><div class=\"wp-block-embed__wrapper\">\n<iframe loading=\"lazy\" title=\"LECLERC DOMINA SEXTA, VERSTAPPEN FURIOSO: F1 em \u00cdMOLA MUDOU? Tudo sobre treinos livres | Briefing\" width=\"500\" height=\"281\" src=\"https:\/\/www.youtube.com\/embed\/A_y2WF94YRg?feature=oembed\" frameborder=\"0\" allow=\"accelerometer; autoplay; clipboard-write; encrypted-media; gyroscope; picture-in-picture; web-share\" referrerpolicy=\"strict-origin-when-cross-origin\" allowfullscreen><\/iframe>\n<\/div><\/figure>\n","protected":false},"excerpt":{"rendered":"<p>Fr\u00e9d\u00e9ric Vasseur elogiou os \u00f3timos resultados que Carlos Sainz est\u00e1 conquistando pela Ferrari, mas afirmou que troca por Lewis Hamilton foi \u00f3bvia &#8220;por v\u00e1rios motivos&#8221;<\/p>\n","protected":false},"author":0,"featured_media":1000790141,"comment_status":"closed","ping_status":"closed","sticky":false,"template":"","format":"standard","meta":{"42wp_featured_image_caption":"","42wp_featured_image_credits":"","42wp_featured_video":"","42wp_featured_image_hidden":false,"42wp_authors_list":[],"footnotes":""},"categories":[2],"tags":[546,5660,969,147,3230,642,160,207,180,30909,1322,25606,39432,1491,30103,28285,87],"42wp_author":[47160],"class_list":["post-77201","post","type-post","status-publish","format-standard","has-post-thumbnail","hentry","category-f1","tag-carlos-sainz","tag-classificacao","tag-corrida","tag-f1","tag-f1-2024","tag-f1-ao-vivo","tag-f1-tv","tag-ferrari","tag-formula-1","tag-formula-1-2024","tag-frederic-vasseur","tag-gp-da-emilia-romanha","tag-gp-da-emilia-romanha-2024","tag-grande-premio","tag-grande-premio-f1","tag-grandepremio","tag-lewis-hamilton","42wp_author-vicente-soella"],"_links":{"self":[{"href":"https:\/\/grandepremio.com\/br\/wp-json\/wp\/v2\/posts\/77201","targetHints":{"allow":["GET"]}}],"collection":[{"href":"https:\/\/grandepremio.com\/br\/wp-json\/wp\/v2\/posts"}],"about":[{"href":"https:\/\/grandepremio.com\/br\/wp-json\/wp\/v2\/types\/post"}],"replies":[{"embeddable":true,"href":"https:\/\/grandepremio.com\/br\/wp-json\/wp\/v2\/comments?post=77201"}],"version-history":[{"count":0,"href":"https:\/\/grandepremio.com\/br\/wp-json\/wp\/v2\/posts\/77201\/revisions"}],"wp:featuredmedia":[{"embeddable":true,"href":"https:\/\/grandepremio.com\/br\/wp-json\/wp\/v2\/media\/1000790141"}],"wp:attachment":[{"href":"https:\/\/grandepremio.com\/br\/wp-json\/wp\/v2\/media?parent=77201"}],"wp:term":[{"taxonomy":"category","embeddable":true,"href":"https:\/\/grandepremio.com\/br\/wp-json\/wp\/v2\/categories?post=77201"},{"taxonomy":"post_tag","embeddable":true,"href":"https:\/\/grandepremio.com\/br\/wp-json\/wp\/v2\/tags?post=77201"},{"taxonomy":"42wp_author","embeddable":true,"href":"https:\/\/grandepremio.com\/br\/wp-json\/wp\/v2\/42wp_author?post=77201"}],"curies":[{"name":"wp","href":"https:\/\/api.w.org\/{rel}","templated":true}]}}