{"id":77296,"date":"2024-05-17T16:50:25","date_gmt":"2024-05-17T19:50:25","guid":{"rendered":"https:\/\/grandepremio.com\/br\/noticias\/mclaren-dia-produtivo-adota-cautela-imola-outros-parecem-rapidos\/"},"modified":"2024-05-17T17:44:26","modified_gmt":"2024-05-17T20:44:26","slug":"mclaren-dia-produtivo-adota-cautela-imola-outros-parecem-rapidos","status":"publish","type":"post","link":"https:\/\/grandepremio.com\/br\/f1\/mclaren-dia-produtivo-adota-cautela-imola-outros-parecem-rapidos\/","title":{"rendered":"McLaren v\u00ea &#8220;dia produtivo&#8221;, mas adota cautela em \u00cdmola: &#8220;Outros parecem r\u00e1pidos&#8221;"},"content":{"rendered":"\n<p class=\"wp-block-paragraph\">A <strong>McLaren <\/strong>voltou a mostrar <a href=\"https:\/\/www.grandepremio.com\/br\/f1\/noticias\/charles-leclerc-se-impoe-lidera-tl2-emilia-romanha-max-verstappen-apanha-carro\/\">for\u00e7a no primeiro dia de atividades<\/a> do <strong>GP da Em\u00edlia-Romanha<\/strong>. Nesta sexta-feira (17), o time brit\u00e2nico teve o melhor ritmo em stints longos e, em volta r\u00e1pida, apareceu em segundo com <strong>Oscar Piastri<\/strong> no TL2. Para o chefe da equipe, <strong>Andrea Stella<\/strong>, come\u00e7o promissor, mas nada que sirva para empolgar tanto.<\/p>\n\n\n\n<p class=\"wp-block-paragraph\">Stella destacou o fato de que a McLaren teve tempo para testar, de fato, as novidades introduzidas em Miami, j\u00e1 que na etapa passada os brit\u00e2nicos foram atrapalhados pela sprint no cronograma, mesmo tendo vencido, com Lando Norris.<\/p>\n\n\n\n<p class=\"wp-block-paragraph\">&#8220;Um dia bem produtivo sem maiores problemas em nenhum dos carros, s\u00f3 um probleminha eletr\u00f4nico no carro do Lando, que foi rapidamente resolvido. Fizemos nosso programa todo, inclusive explorando o pacote que levamos em Miami. Como l\u00e1 teve sprint, n\u00e3o tivemos tempo suficiente para testar todos os procedimentos e entender tudo das novidades aerodin\u00e2micas&#8221;, disse.<\/p>\n\n\n\n<p class=\"wp-block-paragraph\">O dirigente italiano garantiu que a McLaren n\u00e3o est\u00e1 sozinha como for\u00e7a em \u00cdmola, mas reconheceu que, sim, h\u00e1 bastante potencial no carro laranja, mais uma vez.<\/p>\n\n\n\n<figure class=\"wp-block-image size-full\"><img decoding=\"async\" src=\"https:\/\/www.grandepremio.com\/br\/wp-content\/uploads\/2024\/05\/fp1-gp-emilia-romanha-mclaren-oscar-piastri-02.jpg\" alt=\"\" class=\"wp-image-813802\"\/><figcaption class=\"wp-element-caption\">Oscar Piastri andou forte na sexta-feira em \u00cdmola (Foto: McLaren)<\/figcaption><\/figure>\n\n\n\n<p class=\"wp-block-paragraph\">&#8220;Tudo parece estar funcionando conforme esper\u00e1vamos e isso \u00e9 uma boa not\u00edcia. Os pilotos tiveram bom acerto e entenderam os pneus bem. Outros carros parecem r\u00e1pidos, mas Lando e Oscar ficaram felizes com o que temos, estamos em boa posi\u00e7\u00e3o para o restante do fim de semana&#8221;, completou.<\/p>\n\n\n\n<p class=\"wp-block-paragraph\">Mesmo com a vit\u00f3ria em Miami, a McLaren<a href=\"https:\/\/www.grandepremio.com\/br\/f1\/classificacao\/\"> segue em terceiro <\/a>no <strong>Mundial de Construtores<\/strong>, com 124 pontos. Os ingleses aparecem 63 tentos abaixo da <strong>Ferrari <\/strong>e 115 atr\u00e1s da<strong> Red Bull<\/strong>.<\/p>\n\n\n\n<p class=\"wp-block-paragraph\">O\u00a0<strong>GRANDE PR\u00caMIO<\/strong>\u00a0acompanha\u00a0<strong><a href=\"https:\/\/www.grandepremio.com\/br\/ao-vivo\/f1\/\" target=\"_blank\" rel=\"noreferrer noopener\">AO VIVO e EM\u00a0<\/a><a href=\"https:\/\/www.grandepremio.com\/br\/ao-vivo\/\" target=\"_blank\" rel=\"noreferrer noopener\">TEMPO REAL<\/a><\/strong>\u00a0todas as atividades do\u00a0<strong>GP da Em\u00edlia-Romanha de\u00a0<a href=\"https:\/\/www.grandepremio.com\/br\/f1\/\" target=\"_blank\" rel=\"noreferrer noopener\">F\u00f3rmula 1<\/a><\/strong>\u00a0e transmite classifica\u00e7\u00e3o e corrida em segunda tela, em parceria com a Voz do Esporte, na\u00a0<strong><a href=\"https:\/\/www.youtube.com\/c\/GrandePremioTV\/streams\" target=\"_blank\" rel=\"noreferrer noopener\">GPTV, o canal do GP no Youtube<\/a><\/strong>. Al\u00e9m disso, debate tudo que aconteceu na pista com o\u00a0<strong>Briefing<\/strong>\u00a0ap\u00f3s treinos livres e classifica\u00e7\u00e3o, al\u00e9m de antes e depois da corrida. No s\u00e1bado, o\u00a0<strong>TL3<\/strong>\u00a0ser\u00e1 \u00e0s 7h30 (de Bras\u00edlia, GMT-3), ao passo que a\u00a0<strong>classifica\u00e7\u00e3o<\/strong>\u00a0oficial est\u00e1 marcada para as 11h. Por fim,\u00a0<strong>a largada<\/strong>\u00a0est\u00e1 marcada para as 10h do domingo.\u00a0<\/p>\n\n\n\n<p class=\"wp-block-paragraph\"><strong>Inscreva-se nos dois canais do GRANDE PR\u00caMIO no YouTube:\u00a0<a href=\"https:\/\/www.youtube.com\/channel\/UC9OlHEgxoaY6QY6nWPoiqQg?sub_confirmation=1\" target=\"_blank\" rel=\"noreferrer noopener\">GP<\/a>\u00a0|\u00a0<a href=\"https:\/\/www.youtube.com\/channel\/UC9csiS6q_C3C0FYhyr1rnFA?sub_confirmation=1\" target=\"_blank\" rel=\"noreferrer noopener\">GP2<\/a><\/strong><br><strong><a href=\"https:\/\/www.twitch.tv\/grandepremio\" target=\"_blank\" rel=\"noreferrer noopener\">Conhe\u00e7a o canal do GRANDE PR\u00caMIO na Twitch clicando aqui!<\/a><\/strong><\/p>\n\n\n\n<figure class=\"wp-block-embed is-type-video is-provider-youtube wp-block-embed-youtube wp-embed-aspect-16-9 wp-has-aspect-ratio\"><div class=\"wp-block-embed__wrapper\">\n<iframe loading=\"lazy\" title=\"LECLERC DOMINA SEXTA, VERSTAPPEN FURIOSO: F1 em \u00cdMOLA MUDOU? Tudo sobre treinos livres | Briefing\" width=\"500\" height=\"281\" src=\"https:\/\/www.youtube.com\/embed\/A_y2WF94YRg?feature=oembed\" frameborder=\"0\" allow=\"accelerometer; autoplay; clipboard-write; encrypted-media; gyroscope; picture-in-picture; web-share\" referrerpolicy=\"strict-origin-when-cross-origin\" allowfullscreen><\/iframe>\n<\/div><\/figure>\n","protected":false},"excerpt":{"rendered":"<p>Andrea Stella gostou do que viu da McLaren no primeiro dia de atividades no GP da Em\u00edlia-Romanha, mas manteve a calma e apontou concorr\u00eancia forte<\/p>\n","protected":false},"author":0,"featured_media":1000814015,"comment_status":"closed","ping_status":"closed","sticky":false,"template":"","format":"standard","meta":{"42wp_featured_image_caption":"","42wp_featured_image_credits":"","42wp_featured_video":"","42wp_featured_image_hidden":false,"42wp_authors_list":[],"footnotes":""},"categories":[2],"tags":[457,524,20491,309,26271,546,209,5273,211,26134,302,147,3230,176,207,180,30909,800,25606,1491,28285,3746,119,30840,5386,39542,33974,117,485,547,87,25553,203,90,82,1521,35129,2916,676,204,3132,33301,612,215,597],"42wp_author":[47117],"class_list":["post-77296","post","type-post","status-publish","format-standard","has-post-thumbnail","hentry","category-f1","tag-alfa-romeo","tag-alphatauri","tag-alpine","tag-aston-martin","tag-calendario-f1","tag-carlos-sainz","tag-charles-leclerc","tag-classificacao-f1","tag-daniel-ricciardo","tag-emilia-romanha","tag-esteban-ocon","tag-f1","tag-f1-2024","tag-fernando-alonso","tag-ferrari","tag-formula-1","tag-formula-1-2024","tag-george-russell","tag-gp-da-emilia-romanha","tag-grande-premio","tag-grandepremio","tag-guanyu-zhou","tag-haas","tag-horarios-f1","tag-imola","tag-imola-2024","tag-imola-f1","tag-kevin-magnussen","tag-lance-stroll","tag-lando-norris","tag-lewis-hamilton","tag-logan-sargeant","tag-max-verstappen","tag-mclaren","tag-mercedes","tag-nico-hulkenberg","tag-onde-assistir-f1","tag-oscar-piastri","tag-pierre-gasly","tag-red-bull","tag-sergio-perez","tag-temporada-2024-f1","tag-valtteri-bottas","tag-williams","tag-yuki-tsunoda","42wp_author-gabriel-curty"],"_links":{"self":[{"href":"https:\/\/grandepremio.com\/br\/wp-json\/wp\/v2\/posts\/77296","targetHints":{"allow":["GET"]}}],"collection":[{"href":"https:\/\/grandepremio.com\/br\/wp-json\/wp\/v2\/posts"}],"about":[{"href":"https:\/\/grandepremio.com\/br\/wp-json\/wp\/v2\/types\/post"}],"replies":[{"embeddable":true,"href":"https:\/\/grandepremio.com\/br\/wp-json\/wp\/v2\/comments?post=77296"}],"version-history":[{"count":0,"href":"https:\/\/grandepremio.com\/br\/wp-json\/wp\/v2\/posts\/77296\/revisions"}],"wp:featuredmedia":[{"embeddable":true,"href":"https:\/\/grandepremio.com\/br\/wp-json\/wp\/v2\/media\/1000814015"}],"wp:attachment":[{"href":"https:\/\/grandepremio.com\/br\/wp-json\/wp\/v2\/media?parent=77296"}],"wp:term":[{"taxonomy":"category","embeddable":true,"href":"https:\/\/grandepremio.com\/br\/wp-json\/wp\/v2\/categories?post=77296"},{"taxonomy":"post_tag","embeddable":true,"href":"https:\/\/grandepremio.com\/br\/wp-json\/wp\/v2\/tags?post=77296"},{"taxonomy":"42wp_author","embeddable":true,"href":"https:\/\/grandepremio.com\/br\/wp-json\/wp\/v2\/42wp_author?post=77296"}],"curies":[{"name":"wp","href":"https:\/\/api.w.org\/{rel}","templated":true}]}}