{"id":77329,"date":"2024-05-17T15:45:28","date_gmt":"2024-05-17T18:45:28","guid":{"rendered":"https:\/\/grandepremio.com\/br\/noticias\/pato-oward-aprova-potencia-extra-classificacao-indy-500-muro-proximo\/"},"modified":"2024-05-17T16:08:07","modified_gmt":"2024-05-17T19:08:07","slug":"pato-oward-aprova-potencia-extra-classificacao-indy-500-muro-proximo","status":"publish","type":"post","link":"https:\/\/grandepremio.com\/br\/indy\/pato-oward-aprova-potencia-extra-classificacao-indy-500-muro-proximo\/","title":{"rendered":"O&#8217;Ward aprova pot\u00eancia extra na classifica\u00e7\u00e3o da Indy 500: &#8220;Muro fica pr\u00f3ximo&#8221;"},"content":{"rendered":"\n<p class=\"wp-block-paragraph\"><strong>Pato O&#8217;Ward<\/strong> revelou que est\u00e1 perto de um dos momentos &#8220;mais legais&#8221; das <strong>500 Milhas de Indian\u00e1polis<\/strong>, que \u00e9 a classifica\u00e7\u00e3o, marcada para este <strong>s\u00e1bado (18)<\/strong> e <strong>domingo (19)<\/strong>. O mexicano destacou os 100 cv de pot\u00eancia adicionados ao motor para a atividade, assim como para o treino desta <strong>sexta-feira (17)<\/strong>, conhecido como <strong>Fast Friday<\/strong>. Ser\u00e3o nessas sess\u00f5es que os pilotos da <strong><a href=\"https:\/\/www.grandepremio.com\/br\/indy\/\">Indy<\/a><\/strong> alcan\u00e7ar\u00e3o as maiores velocidades de todo m\u00eas de maio \u2014 superando os 390 km\/h.<\/p>\n\n\n\n<p class=\"wp-block-paragraph\">Durante a ter\u00e7a (14), quarta (15) e quinta-feira (16) \u2014 <a href=\"https:\/\/www.grandepremio.com\/br\/indy\/noticias\/pato-oward-lidera-tl4-indy-500-marcado-pancadas-nova-intervencao-chuva\/\">quando foi l\u00edder do TL4<\/a> \u2014, os primeiros tr\u00eas dias de treinos livres em <strong>Indian\u00e1polis<\/strong>, os competidores foram \u00e0 pista com propulsores limitados a 550 cv, configura\u00e7\u00e3o que ser\u00e1 utilizada na corrida do dia 26 de maio.<\/p>\n\n\n\n<p class=\"wp-block-paragraph\">O&#8217;Ward quer aproveitar a sexta-feira e o treino livre da manh\u00e3 de s\u00e1bado para ajustar o carro, j\u00e1 que algumas coisas mudar\u00e3o, como o desgaste dos pneus \u2014 crucial para a classifica\u00e7\u00e3o da <strong>Indy 500<\/strong>, que exige do pilotos a m\u00e9dia de quatro voltas lan\u00e7adas. No \u00faltimo dos giros, com 650 cv no motor, os compostos estar\u00e3o mais gastos que o habitual.<\/p>\n\n\n\n<p class=\"wp-block-paragraph\">&#8220;Quando chega a pot\u00eancia extra [100 cv para a classifica\u00e7\u00e3o], \u00e9 muito diferente. \u00c9 legal. Voc\u00ea sente a altera\u00e7\u00e3o, se tem muito mais velocidade nas curvas&#8221;, disse O&#8217;Ward.<\/p>\n\n\n\n<figure class=\"wp-block-image size-large\"><img decoding=\"async\" src=\"https:\/\/www.grandepremio.com\/br\/wp-content\/uploads\/2024\/05\/Pato-O_Ward-Indianapolis-500-Practice-By_-Amber-Pietz_Large-Image-Without-Watermark_m103869-1200x800.jpg\" alt=\"\" class=\"wp-image-813676\"\/><figcaption class=\"wp-element-caption\">Pato O&#8217;Ward liderou a quinta-feira (Foto: Indycar)<\/figcaption><\/figure>\n\n\n\n<p class=\"wp-block-paragraph\">&#8220;Uma das coisas mais legais de todo o processo \u00e9 justamente completar as quatro voltas da classifica\u00e7\u00e3o, que podem ser muito agrad\u00e1veis ou miser\u00e1veis. A [parte] dianteira direita sofre um pouco mais, e \u00e9 ali que se decide como ser\u00e1 a ader\u00eancia da primeira \u00e0 quarta volta. O muro vem r\u00e1pido &#8211; muito r\u00e1pido&#8221;, completou.<\/p>\n\n\n\n<p class=\"wp-block-paragraph\">Antes de assumir o cockpit no Fast Friday, O&#8217;Ward pediu que 650 cv seja a configura\u00e7\u00e3o dos motores para as 500 Milhas de Indian\u00e1polis e outros etapas da Indy. \u201cOh, meu Deus, essa pot\u00eancia extra para corridas seria incr\u00edvel. Incr\u00edvel demais? Talvez, n\u00e3o. Por que n\u00e3o [correr com 100 cv a mais]?&#8221;, sugeriu.<\/p>\n\n\n\n<p class=\"wp-block-paragraph\">O&#8217;Ward continuou explicando as mudan\u00e7as que essa adi\u00e7\u00e3o causa ao set-up do carro, que podem mudar os ajustes feitos at\u00e9 ent\u00e3o. \u201cQuando o acerto n\u00e3o est\u00e1 tentando me matar, ele \u00e9 muito mais agrad\u00e1vel. Os caras podem estar parecendo confort\u00e1veis, mas o carro pode mudar totalmente de dire\u00e7\u00e3o ou ficar melhor quando tem a pot\u00eancia adicionada&#8221;, revelou.<\/p>\n\n\n\n<p class=\"wp-block-paragraph\">&#8220;Precisamos de algumas voltas com os 100 cv a mais. Por enquanto, todo mundo foi consistente, mas a simula\u00e7\u00e3o da classifica\u00e7\u00e3o ser\u00e1&#8230; bem, voc\u00ea sente isso. \u00c9 muito mais r\u00e1pido. O barulho do motor \u00e9 diferente. Vamos ver o trabalho que as equipes fizeram na pr\u00e9-temporada para ir o mais r\u00e1pido poss\u00edvel&#8221;, encerrou O&#8217;Ward.<\/p>\n\n\n\n<p class=\"wp-block-paragraph\">A\u00a0<a href=\"https:\/\/www.grandepremio.com\/formula-indy\/\" target=\"_blank\" rel=\"noreferrer noopener\">Indy<\/a>\u00a0retorna nesta sexta-feira com a tradicional\u00a0<strong>Fast Friday<\/strong>, o \u00faltimo treino livre antes da classifica\u00e7\u00e3o. As atividades come\u00e7am a partir de 13h00 (de Bras\u00edlia, GMT-3) e v\u00e3o at\u00e9 \u00e0s 19h00. Em seguida, acontece o sorteio que define a ordem de sa\u00edda para a pista no s\u00e1bado de classifica\u00e7\u00e3o.<\/p>\n\n\n\n<p class=\"wp-block-paragraph\"><strong><img loading=\"lazy\" decoding=\"async\" width=\"20\" height=\"20\" src=\"https:\/\/i0.wp.com\/a.slack-edge.com\/production-standard-emoji-assets\/14.0\/google-medium\/25b6-fe0f.png?ssl=1\" alt=\":seta_para_frente:\">&nbsp;Inscreva-se nos dois canais do GRANDE PR\u00caMIO no YouTube:&nbsp;<a href=\"https:\/\/www.youtube.com\/channel\/UC9OlHEgxoaY6QY6nWPoiqQg?sub_confirmation=1\" target=\"_blank\" rel=\"noreferrer noopener\">GP<\/a>&nbsp;|&nbsp;<a href=\"https:\/\/www.youtube.com\/channel\/UC9csiS6q_C3C0FYhyr1rnFA?sub_confirmation=1\" target=\"_blank\" rel=\"noreferrer noopener\">GP2<\/a><\/strong><br><strong><img loading=\"lazy\" decoding=\"async\" width=\"20\" height=\"20\" src=\"https:\/\/i0.wp.com\/a.slack-edge.com\/production-standard-emoji-assets\/14.0\/google-medium\/25b6-fe0f.png?ssl=1\" alt=\":seta_para_frente:\">&nbsp;<a href=\"https:\/\/www.twitch.tv\/grandepremio\" target=\"_blank\" rel=\"noreferrer noopener\">Conhe\u00e7a o canal do GRANDE PR\u00caMIO na Twitch clicando aqui!<\/a><\/strong><\/p>\n\n\n\n<figure class=\"wp-block-embed is-type-video is-provider-youtube wp-block-embed-youtube wp-embed-aspect-16-9 wp-has-aspect-ratio\"><div class=\"wp-block-embed__wrapper\">\n<iframe loading=\"lazy\" title=\"Por que INDY 500 tem LEQUE DE FAVORITOS em 2024? | GP \u00e0s 10\" width=\"500\" height=\"281\" src=\"https:\/\/www.youtube.com\/embed\/R-_1ljNzCvk?start=83&amp;feature=oembed\" frameborder=\"0\" allow=\"accelerometer; autoplay; clipboard-write; encrypted-media; gyroscope; picture-in-picture; web-share\" referrerpolicy=\"strict-origin-when-cross-origin\" allowfullscreen><\/iframe>\n<\/div><\/figure>\n","protected":false},"excerpt":{"rendered":"<p>Pato O&#8217;Ward destacou que adi\u00e7\u00e3o de 100 cv ao motor pode fazer acerto do carro &#8220;mudar de dire\u00e7\u00e3o ou ficar ainda melhor&#8221; na disputa pela pole-position das 500 Milhas de Indian\u00e1polis<\/p>\n","protected":false},"author":0,"featured_media":1000814138,"comment_status":"closed","ping_status":"closed","sticky":false,"template":"","format":"standard","meta":{"42wp_featured_image_caption":"","42wp_featured_image_credits":"","42wp_featured_video":"","42wp_featured_image_hidden":false,"42wp_authors_list":[],"footnotes":""},"categories":[3],"tags":[2980,28552,6133,1491,28285,35361,93,31011,232,90,307,29784,99,36027],"42wp_author":[47155],"class_list":["post-77329","post","type-post","status-publish","format-standard","has-post-thumbnail","hentry","category-indy","tag-500-milhas-indianapolis","tag-calendario-indy","tag-classificacao-indy","tag-grande-premio","tag-grandepremio","tag-horarios-indy","tag-indy","tag-indy-2024","tag-indy-500","tag-mclaren","tag-motor","tag-onde-assistir-indy","tag-pato-oward","tag-temporada-2024-da-indy","42wp_author-daniel-balsa"],"_links":{"self":[{"href":"https:\/\/grandepremio.com\/br\/wp-json\/wp\/v2\/posts\/77329","targetHints":{"allow":["GET"]}}],"collection":[{"href":"https:\/\/grandepremio.com\/br\/wp-json\/wp\/v2\/posts"}],"about":[{"href":"https:\/\/grandepremio.com\/br\/wp-json\/wp\/v2\/types\/post"}],"replies":[{"embeddable":true,"href":"https:\/\/grandepremio.com\/br\/wp-json\/wp\/v2\/comments?post=77329"}],"version-history":[{"count":0,"href":"https:\/\/grandepremio.com\/br\/wp-json\/wp\/v2\/posts\/77329\/revisions"}],"wp:featuredmedia":[{"embeddable":true,"href":"https:\/\/grandepremio.com\/br\/wp-json\/wp\/v2\/media\/1000814138"}],"wp:attachment":[{"href":"https:\/\/grandepremio.com\/br\/wp-json\/wp\/v2\/media?parent=77329"}],"wp:term":[{"taxonomy":"category","embeddable":true,"href":"https:\/\/grandepremio.com\/br\/wp-json\/wp\/v2\/categories?post=77329"},{"taxonomy":"post_tag","embeddable":true,"href":"https:\/\/grandepremio.com\/br\/wp-json\/wp\/v2\/tags?post=77329"},{"taxonomy":"42wp_author","embeddable":true,"href":"https:\/\/grandepremio.com\/br\/wp-json\/wp\/v2\/42wp_author?post=77329"}],"curies":[{"name":"wp","href":"https:\/\/api.w.org\/{rel}","templated":true}]}}