{"id":77333,"date":"2024-05-17T15:42:57","date_gmt":"2024-05-17T18:42:57","guid":{"rendered":"https:\/\/grandepremio.com\/br\/noticias\/oscar-piastri-destaca-mclaren-posicao-muito-boa-se-diz-confortavel-imola\/"},"modified":"2024-05-17T15:44:56","modified_gmt":"2024-05-17T18:44:56","slug":"oscar-piastri-destaca-mclaren-posicao-muito-boa-se-diz-confortavel-imola","status":"publish","type":"post","link":"https:\/\/grandepremio.com\/br\/f1\/oscar-piastri-destaca-mclaren-posicao-muito-boa-se-diz-confortavel-imola\/","title":{"rendered":"Piastri destaca McLaren &#8220;em posi\u00e7\u00e3o muito boa&#8221; e se diz &#8220;confort\u00e1vel&#8221; em \u00cdmola"},"content":{"rendered":"\n<p class=\"wp-block-paragraph\"><strong>Oscar Piastri <\/strong>foi um dos <a href=\"https:\/\/www.grandepremio.com\/br\/f1\/noticias\/charles-leclerc-se-impoe-lidera-tl2-emilia-romanha-max-verstappen-apanha-carro\/\">grandes destaques do primeiro dia <\/a>de atividades do <strong>GP da Em\u00edlia-Romanha<\/strong> Nesta sexta-feira (17), o australiano teve o melhor ritmo em stint longo com os pneus duros e foi o segundo mais veloz do <strong>TL2<\/strong>, virando menos de 0s2 acima da marca estabelecida pelo l\u00edder da sess\u00e3o, <strong>Charles Leclerc<\/strong>.<\/p>\n\n\n\n<p class=\"wp-block-paragraph\">Em <strong>\u00cdmola<\/strong>, Piastri carrega as atualiza\u00e7\u00f5es completas da <strong>McLaren <\/strong>pela primeira vez. Ou seja, o australiano, que j\u00e1 andou forte com o carro 50% atualizado no<strong> GP de Miami<\/strong> vencido por <strong>Lando Norris<\/strong>, agora tem as mesmas condi\u00e7\u00f5es que o ingl\u00eas teve nas ruas da <strong>Fl\u00f3rida<\/strong>.<\/p>\n\n\n\n<p class=\"wp-block-paragraph\">&#8220;Acho que foi uma das melhores sexta-feiras que tivemos, est\u00e1vamos em uma posi\u00e7\u00e3o muito boa. O pelot\u00e3o est\u00e1 apertado aqui, ent\u00e3o vai ser importante encontrar mais amanh\u00e3. De todo jeito, um dia que empolga&#8221;, disse.<\/p>\n\n\n\n<p class=\"wp-block-paragraph\">Oscar explicou que o carro estava se comportando bem desde o in\u00edcio do dia em \u00cdmola e avaliou positivamente a chegada das atualiza\u00e7\u00f5es completas.<\/p>\n\n\n\n<figure class=\"wp-block-image size-large\"><img decoding=\"async\" src=\"https:\/\/www.grandepremio.com\/br\/wp-content\/uploads\/2024\/05\/emilia-romanha-2024-f1-treinos-livres-mclaren-oscar-piastri-01-1200x800.jpg\" alt=\"\" class=\"wp-image-814015\"\/><figcaption class=\"wp-element-caption\">Oscar Piastri come\u00e7ou bem o fim de semana em \u00cdmola (Foto: McLaren)<\/figcaption><\/figure>\n\n\n\n<p class=\"wp-block-paragraph\">&#8220;Eu me senti muito confort\u00e1vel desde a primeira volta pela manh\u00e3, isso me deixa bem animado para amanh\u00e3. A equipe fez um \u00f3timo trabalho com as atualiza\u00e7\u00f5es que faltavam no meu carro&#8221;, completou.<\/p>\n\n\n\n<p class=\"wp-block-paragraph\">Piastri <a href=\"https:\/\/www.grandepremio.com\/br\/f1\/classificacao\/\">aparece na sexta posi\u00e7\u00e3o<\/a> no <strong>Mundial de Pilotos<\/strong>, com 41 pontos, apenas 4 a mais que <strong>George Russell<\/strong>, o s\u00e9timo.<\/p>\n\n\n\n<p class=\"wp-block-paragraph\">O&nbsp;<strong>GRANDE PR\u00caMIO<\/strong>&nbsp;acompanha&nbsp;<strong><a href=\"https:\/\/www.grandepremio.com\/br\/ao-vivo\/f1\/\" target=\"_blank\" rel=\"noreferrer noopener\">AO VIVO e EM&nbsp;<\/a><a href=\"https:\/\/www.grandepremio.com\/br\/ao-vivo\/\" target=\"_blank\" rel=\"noreferrer noopener\">TEMPO REAL<\/a><\/strong>&nbsp;todas as atividades do&nbsp;<strong>GP da Em\u00edlia-Romanha de&nbsp;<a href=\"https:\/\/www.grandepremio.com\/br\/f1\/\" target=\"_blank\" rel=\"noreferrer noopener\">F\u00f3rmula 1<\/a><\/strong>&nbsp;e transmite classifica\u00e7\u00e3o e corrida em segunda tela, em parceria com a Voz do Esporte, na&nbsp;<strong><a href=\"https:\/\/www.youtube.com\/c\/GrandePremioTV\/streams\" target=\"_blank\" rel=\"noreferrer noopener\">GPTV, o canal do GP no Youtube<\/a><\/strong>. Al\u00e9m disso, debate tudo que aconteceu na pista com o&nbsp;<strong>Briefing<\/strong>&nbsp;ap\u00f3s treinos livres e classifica\u00e7\u00e3o, al\u00e9m de antes e depois da corrida. No s\u00e1bado, o&nbsp;<strong>TL3<\/strong>&nbsp;ser\u00e1 \u00e0s 7h30 (de Bras\u00edlia, GMT-3), ao passo que a&nbsp;<strong>classifica\u00e7\u00e3o<\/strong>&nbsp;oficial est\u00e1 marcada para as 11h. Por fim,&nbsp;<strong>a largada<\/strong>&nbsp;est\u00e1 marcada para as 10h do domingo.&nbsp;<\/p>\n\n\n\n<p class=\"wp-block-paragraph\"><strong>&nbsp;Inscreva-se nos dois canais do GRANDE PR\u00caMIO no YouTube:&nbsp;<a href=\"https:\/\/www.youtube.com\/channel\/UC9OlHEgxoaY6QY6nWPoiqQg?sub_confirmation=1\" target=\"_blank\" rel=\"noreferrer noopener\">GP<\/a>&nbsp;|&nbsp;<a href=\"https:\/\/www.youtube.com\/channel\/UC9csiS6q_C3C0FYhyr1rnFA?sub_confirmation=1\" target=\"_blank\" rel=\"noreferrer noopener\">GP2<\/a><\/strong><br><strong><a href=\"https:\/\/www.twitch.tv\/grandepremio\" target=\"_blank\" rel=\"noreferrer noopener\">Conhe\u00e7a o canal do GRANDE PR\u00caMIO na Twitch clicando aqui!<\/a><\/strong><\/p>\n\n\n\n<figure class=\"wp-block-embed is-type-video is-provider-youtube wp-block-embed-youtube wp-embed-aspect-16-9 wp-has-aspect-ratio\"><div class=\"wp-block-embed__wrapper\">\n<iframe loading=\"lazy\" title=\"LECLERC DOMINA SEXTA, VERSTAPPEN FURIOSO: F1 em \u00cdMOLA MUDOU? Tudo sobre treinos livres | Briefing\" width=\"500\" height=\"281\" src=\"https:\/\/www.youtube.com\/embed\/A_y2WF94YRg?feature=oembed\" frameborder=\"0\" allow=\"accelerometer; autoplay; clipboard-write; encrypted-media; gyroscope; picture-in-picture; web-share\" referrerpolicy=\"strict-origin-when-cross-origin\" allowfullscreen><\/iframe>\n<\/div><\/figure>\n","protected":false},"excerpt":{"rendered":"<p>Oscar Piastri ficou em segundo no TL2 e elogiou o desempenho da McLaren no primeiro dia na Em\u00edlia-Romanha, destacando o carro agora 100% atualizado, como estava o de Lando Norris na vit\u00f3ria em Miami<\/p>\n","protected":false},"author":0,"featured_media":1000813802,"comment_status":"closed","ping_status":"closed","sticky":false,"template":"","format":"standard","meta":{"42wp_featured_image_caption":"","42wp_featured_image_credits":"","42wp_featured_video":"","42wp_featured_image_hidden":false,"42wp_authors_list":[],"footnotes":""},"categories":[2],"tags":[1417,457,524,20491,309,26271,546,209,5273,211,26134,39541,39550,302,147,3230,176,207,180,30909,800,25606,1491,28285,3746,119,30840,5386,39542,33974,117,485,547,87,25553,203,90,82,1521,35129,2916,676,204,3132,33301,612,215,597],"42wp_author":[47117],"class_list":["post-77333","post","type-post","status-publish","format-standard","has-post-thumbnail","hentry","category-f1","tag-alex-albon","tag-alfa-romeo","tag-alphatauri","tag-alpine","tag-aston-martin","tag-calendario-f1","tag-carlos-sainz","tag-charles-leclerc","tag-classificacao-f1","tag-daniel-ricciardo","tag-emilia-romanha","tag-emilia-romanha-2024","tag-emilia-romanha-f1","tag-esteban-ocon","tag-f1","tag-f1-2024","tag-fernando-alonso","tag-ferrari","tag-formula-1","tag-formula-1-2024","tag-george-russell","tag-gp-da-emilia-romanha","tag-grande-premio","tag-grandepremio","tag-guanyu-zhou","tag-haas","tag-horarios-f1","tag-imola","tag-imola-2024","tag-imola-f1","tag-kevin-magnussen","tag-lance-stroll","tag-lando-norris","tag-lewis-hamilton","tag-logan-sargeant","tag-max-verstappen","tag-mclaren","tag-mercedes","tag-nico-hulkenberg","tag-onde-assistir-f1","tag-oscar-piastri","tag-pierre-gasly","tag-red-bull","tag-sergio-perez","tag-temporada-2024-f1","tag-valtteri-bottas","tag-williams","tag-yuki-tsunoda","42wp_author-gabriel-curty"],"_links":{"self":[{"href":"https:\/\/grandepremio.com\/br\/wp-json\/wp\/v2\/posts\/77333","targetHints":{"allow":["GET"]}}],"collection":[{"href":"https:\/\/grandepremio.com\/br\/wp-json\/wp\/v2\/posts"}],"about":[{"href":"https:\/\/grandepremio.com\/br\/wp-json\/wp\/v2\/types\/post"}],"replies":[{"embeddable":true,"href":"https:\/\/grandepremio.com\/br\/wp-json\/wp\/v2\/comments?post=77333"}],"version-history":[{"count":0,"href":"https:\/\/grandepremio.com\/br\/wp-json\/wp\/v2\/posts\/77333\/revisions"}],"wp:featuredmedia":[{"embeddable":true,"href":"https:\/\/grandepremio.com\/br\/wp-json\/wp\/v2\/media\/1000813802"}],"wp:attachment":[{"href":"https:\/\/grandepremio.com\/br\/wp-json\/wp\/v2\/media?parent=77333"}],"wp:term":[{"taxonomy":"category","embeddable":true,"href":"https:\/\/grandepremio.com\/br\/wp-json\/wp\/v2\/categories?post=77333"},{"taxonomy":"post_tag","embeddable":true,"href":"https:\/\/grandepremio.com\/br\/wp-json\/wp\/v2\/tags?post=77333"},{"taxonomy":"42wp_author","embeddable":true,"href":"https:\/\/grandepremio.com\/br\/wp-json\/wp\/v2\/42wp_author?post=77333"}],"curies":[{"name":"wp","href":"https:\/\/api.w.org\/{rel}","templated":true}]}}