{"id":77414,"date":"2024-05-17T10:49:23","date_gmt":"2024-05-17T13:49:23","guid":{"rendered":"https:\/\/grandepremio.com\/br\/noticias\/santiago-ramos-conquista-1a-pole-position-carreira-f3-puxa-trinca-trident-emilia-romanha\/"},"modified":"2024-05-17T11:58:18","modified_gmt":"2024-05-17T14:58:18","slug":"santiago-ramos-conquista-1a-pole-position-carreira-f3-puxa-trinca-trident-emilia-romanha","status":"publish","type":"post","link":"https:\/\/grandepremio.com\/br\/f3\/santiago-ramos-conquista-1a-pole-position-carreira-f3-puxa-trinca-trident-emilia-romanha\/","title":{"rendered":"Ramos conquista 1\u00aa pole-position da carreira na F3 e puxa trinca da Trident na Em\u00edlia-Romanha"},"content":{"rendered":"\n<p class=\"wp-block-paragraph\"><strong>Santiago Ramos<\/strong> surpreendeu e conquistou a pole-position para a etapa da <strong>Em\u00edlia-Romanha<\/strong> da <strong>F\u00f3rmula 3 2024<\/strong>. O mexicano voou na parte final da classifica\u00e7\u00e3o desta sexta-feira (17) e desbancou o companheiro de equipe e um dos favoritos, <strong>Leonardo Fornaroli<\/strong>. <strong>Sami Meguetounif<\/strong> ficou em terceiro, fechando a trinca da <strong>Trident<\/strong> em casa.<\/p>\n\n\n\n<p class=\"wp-block-paragraph\">A classifica\u00e7\u00e3o contou com apenas uma paralisa\u00e7\u00e3o ainda na primeira metade. Nos minutos finais, o costumeiro engarrafamento tomou conta do circuito, obrigando os pilotos a terem de ser muito precisos para buscar a volta ideal no complicado tra\u00e7ado de <strong>\u00cdmola<\/strong>.<\/p>\n\n\n\n<p class=\"wp-block-paragraph\">Com uma briga acirrada entre <strong>Dino Beganovic<\/strong>, <strong>Oliver Goethe<\/strong> e Fornaroli durante boa parte da sess\u00e3o, eis que <strong>Arvid Lindblad<\/strong> surpreendeu a todos ao estabelecer 1min32s109 como tempo a ser batido a menos de tr\u00eas minutos para o final. S\u00f3 que o italiano da Trident aceitou o desafio e baixou em 0s2 a marca do novato da <strong>Prema <\/strong>no primeiro setor.<\/p>\n\n\n\n<p class=\"wp-block-paragraph\">Com mais um trecho veloz e agora em roxo, Fornaroli s\u00f3 teve de acertar a parte final para ser 0s289 mais r\u00e1pido que Lindblad, o primeiro a baixar de 1min32s. <\/p>\n\n\n\n<p class=\"wp-block-paragraph\">S\u00f3 que, mesmo com o cron\u00f4metro zerado, ainda vinha gente forte atr\u00e1s em busca da pole-position. Um deles foi <strong>Gabriele Min\u00ec<\/strong>, por\u00e9m errou em v\u00e1rios momentos e ficou apenas em s\u00e9timo. O outro foi Goethe, com os dos melhores setores da classifica\u00e7\u00e3o, mas o \u00faltimo trecho p\u00f4s tudo a perder, e o alem\u00e3o foi apenas o oitavo.<\/p>\n\n\n\n<p class=\"wp-block-paragraph\">Era, de fato, o dia da Trident, o dia de Ramos, que come\u00e7ou a cantarolar em espanhol pelo r\u00e1dio em comemora\u00e7\u00e3o ao resultado. Fornaroli e Meguetounif fecharam trio do time italiano. Lindblad ficou em quarto, com Alex Dunne, Beganovic, Min\u00ec, Laurens Van Hoepen, Luke Browning, Tim Tramnitz, Noel Le\u00f3n e Kacper Sztuka fechando o top-12, o que coloca o polon\u00eas da MP na pole da sprint.<\/p>\n\n\n\n<p class=\"wp-block-paragraph\">A F\u00f3rmula 3 retorna neste s\u00e1bado (18), a partir das <strong>5h05<\/strong>, para a largada da<strong> corrida sprint<\/strong>, a primeira da rodada da Em\u00edlia-Romanha. O <strong>GRANDE PR\u00caMIO<\/strong> acompanha todas as atividades da temporada 2024.<\/p>\n\n\n\n<p class=\"wp-block-paragraph\"><strong><img decoding=\"async\" src=\"https:\/\/a.slack-edge.com\/production-standard-emoji-assets\/14.0\/google-medium\/25b6-fe0f.png\" alt=\":seta_para_frente:\">&nbsp;Inscreva-se nos dois canais do GRANDE PR\u00caMIO no YouTube:&nbsp;<a href=\"https:\/\/www.youtube.com\/channel\/UC9OlHEgxoaY6QY6nWPoiqQg?sub_confirmation=1\" target=\"_blank\" rel=\"noreferrer noopener\">GP<\/a>&nbsp;|&nbsp;<a href=\"https:\/\/www.youtube.com\/channel\/UC9csiS6q_C3C0FYhyr1rnFA?sub_confirmation=1\" target=\"_blank\" rel=\"noreferrer noopener\">GP2<\/a><\/strong><br><strong><img decoding=\"async\" src=\"https:\/\/a.slack-edge.com\/production-standard-emoji-assets\/14.0\/google-medium\/25b6-fe0f.png\" alt=\":seta_para_frente:\">&nbsp;<a href=\"https:\/\/www.twitch.tv\/grandepremio\" target=\"_blank\" rel=\"noreferrer noopener\">Conhe\u00e7a o canal do GRANDE PR\u00caMIO na Twitch clicando aqui!<\/a><\/strong><\/p>\n\n\n\n<figure class=\"wp-block-image size-large\"><img decoding=\"async\" src=\"https:\/\/www.grandepremio.com\/br\/wp-content\/uploads\/2024\/05\/F3-em-Imola-1200x675.jpg\" alt=\"\" class=\"wp-image-813841\"\/><figcaption class=\"wp-element-caption\">Boxes liberados para a classifica\u00e7\u00e3o da F3 em \u00cdmola (Foto: reprodu\u00e7\u00e3o\/F1 TV)<\/figcaption><\/figure>\n\n\n\n<p class=\"wp-block-paragraph\"><strong>Confira como foi a classifica\u00e7\u00e3o da F3 em \u00cdmola:<\/strong><\/p>\n\n\n\n<p class=\"wp-block-paragraph\">Enfim de volta \u00e0 a\u00e7\u00e3o \u2014 a \u00faltima etapa da F3 2024 aconteceu na <strong>Austr\u00e1lia <\/strong>\u2014, os pilotos partiram para a disputa da primeira pole-position da aguardada perna europeia, que traz os circuitos permanentes e j\u00e1 conhecidos por boa parte do grid, como o <strong>Aut\u00f3dromo Enzo e Dino Ferrari<\/strong>. A preocupa\u00e7\u00e3o, no entanto, era especial com os ventos, mas tamb\u00e9m com a proximidade das caixas de brita, prontas para punir qualquer m\u00ednimo erro que acontecesse.<\/p>\n\n\n\n<p class=\"wp-block-paragraph\">Sem tempo a perder, todos foram \u00e0 pista com cuidado em busca da janela ideal de performance dos pneus. O asfalto j\u00e1 vinha em quase 44\u00b0C, com os term\u00f4metros em 24,7\u00b0C de temperatura ambiente. E passados cerca de sete minutos, os primeiros tempos r\u00e1pidos come\u00e7aram a aparecer, com os pilotos j\u00e1 virando na casa de 1min33s.<\/p>\n\n\n\n<p class=\"wp-block-paragraph\">Na primeira tentativa, Min\u00ec estabeleceu 1min32s598 como volta a ser batida. Mais um giro, e Fornaroli buscou o tempo do italiano ao ser o mais r\u00e1pido no primeiro setor, por\u00e9m a bandeira vermelha causada por rodada de <strong>Callum Voisin <\/strong>na sa\u00edda da Tamburello atrapalhou a tentativa do piloto da <strong>Trident<\/strong>.<\/p>\n\n\n\n<p class=\"wp-block-paragraph\">Sess\u00e3o paralisada com mais 20 minutos pela frente. Min\u00ec, Fornaroli, Van Hoepen, Beganovic, Goethe, Ramos, Voisin, Dunne, Meguetounif, Wurz, Boya e Stenshorne formavam o top-12 \u2014 o grupo que inverte as posi\u00e7\u00f5es para a sprint.<\/p>\n\n\n\n<p class=\"wp-block-paragraph\">Pista novamente liberada, e Beganovic puxou a fila, j\u00e1 passando a 0s017 abaixo da marca de Min\u00ec. O problema era que muitos carros ainda vinham lentos na volta de aquecimento de pneus, o que o fez j\u00e1 perder tempo no trecho intermedi\u00e1rio, passando 0s141 acima do companheiro de equipe. <\/p>\n\n\n\n<p class=\"wp-block-paragraph\">Mesmo assim, o sueco fez o seu melhor terceiro setor, fechando em quarto, a 0s2 do tempo do italiano. S\u00f3 que, logo atr\u00e1s, Browning desbancou Beganovic. E Goethe pegou os dois trechos finais do circuito de \u00cdmola, fechando o giro em 1min32s517.<\/p>\n\n\n\n<p class=\"wp-block-paragraph\">Com metade da sess\u00e3o completada, os pilotos fizeram mais uma parada nos boxes. Poucos retornaram imediatamente, mas Fornaroli aproveitou a pista mais vazia para colocar 0s3 sobre Goethe, muito em fun\u00e7\u00e3o do \u00f3timo primeiro setor alcan\u00e7ado pelo italiano. Dunne, ent\u00e3o, pulou para segundo, jogando o representante da Campos para terceiro.<\/p>\n\n\n\n<p class=\"wp-block-paragraph\">Menos de dez minutos, e foi a vez de o restante tentar a sorte. Enquanto isso, os ponteiros ainda aguardavam para buscar a investida final em busca da pole-position. Quando todos foram para a pista, a disputa ficou intensa, e o primeiro a querer estragar a festa foi Lindblad. Mas era dia da It\u00e1lia, e Ramos tratou de fazer a alegria da Trident nos boxes.<\/p>\n\n\n\n<h2 class=\"wp-block-heading\" id=\"h-formula-3-2024-gp-da-emilia-romanha-imola-grid-de-largada\"><strong>F\u00f3rmula 3 2024, GP da Em\u00edlia-Romanha, \u00cdmola, Grid de largada:<\/strong><\/h2>\n\n\n\n<figure class=\"wp-block-table\"><table><tbody><tr><td>1<\/td><td>S RAMOS<\/td><td>Trident<\/td><td>1:31.767<\/td><td>&nbsp;<\/td><\/tr><tr><td>2<\/td><td>L FORNAROLI<\/td><td>Trident<\/td><td>1:31.820<\/td><td>+0.053<\/td><\/tr><tr><td>3<\/td><td>S MEGUETOUNIF<\/td><td>Trident<\/td><td>1:32.019<\/td><td>+0.252<\/td><\/tr><tr><td>4<\/td><td>A LINDBLAD<\/td><td>Prema<\/td><td>1:32.109<\/td><td>+0.342<\/td><\/tr><tr><td>5<\/td><td>A DUNNE<\/td><td>MP Motorsport<\/td><td>1:32.121<\/td><td>+0.354<\/td><\/tr><tr><td>6<\/td><td>D BEGANOVIC<\/td><td>Prema<\/td><td>1:32.156<\/td><td>+0.389<\/td><\/tr><tr><td>7<\/td><td>G MINI<\/td><td>Prema<\/td><td>1:32.178<\/td><td>+0.411<\/td><\/tr><tr><td>8<\/td><td>O GOETHE<\/td><td>Campos<\/td><td>1:32.254<\/td><td>+0.487<\/td><\/tr><tr><td>9<\/td><td>L VAN HOEPEN<\/td><td>ART<\/td><td>1:32.422<\/td><td>+0.655<\/td><\/tr><tr><td>10<\/td><td>L BROWNING<\/td><td>Hitech<\/td><td>1:32.429<\/td><td>+0.662<\/td><\/tr><tr><td>11<\/td><td>T TRAMNITZ<\/td><td>MP Motorsport<\/td><td>1:32.499<\/td><td>+0.732<\/td><\/tr><tr><td>12<\/td><td>N LE\u00d3N<\/td><td>Van Amersfoort<\/td><td>1:32.513<\/td><td>+0.746<\/td><\/tr><tr><td>13<\/td><td>K SZTUKA<\/td><td>MP Motorsport<\/td><td>1:32.515<\/td><td>+0.748<\/td><\/tr><tr><td>14<\/td><td>M BOYA<\/td><td>Campos<\/td><td>1:32.517<\/td><td>+0.750<\/td><\/tr><tr><td>15<\/td><td>N BEDRIN<\/td><td>PHM AIX<\/td><td>1:32.641<\/td><td>+0.874<\/td><\/tr><tr><td>16<\/td><td>N TSOLOV<\/td><td>ART<\/td><td>1:32.709<\/td><td>+0.942<\/td><\/tr><tr><td>17<\/td><td>C WURZ<\/td><td>Jenzer<\/td><td>1:32.761<\/td><td>+0.994<\/td><\/tr><tr><td>18<\/td><td>C MANSELL<\/td><td>ART<\/td><td>1:32.787<\/td><td>+1.020<\/td><\/tr><tr><td>19<\/td><td>M ZAGAZETA<\/td><td>Jenzer<\/td><td>1:32.838<\/td><td>+1.071<\/td><\/tr><tr><td>20<\/td><td>M STENSHORNE<\/td><td>Hitech<\/td><td>1:32.869<\/td><td>+1.102<\/td><\/tr><tr><td>21<\/td><td>C VOISIN<\/td><td>Rodin&nbsp;<\/td><td>1:33.005<\/td><td>+1.238<\/td><\/tr><tr><td>22<\/td><td>S FL\u00d6RSCH<\/td><td>Van Amersfoort<\/td><td>1:33.046<\/td><td>+1.279<\/td><\/tr><tr><td>23<\/td><td>J LOAKE<\/td><td>Rodin&nbsp;<\/td><td>1:33.069<\/td><td>+1.302<\/td><\/tr><tr><td>24<\/td><td>M ESTERTON<\/td><td>Jenzer<\/td><td>1:33.085<\/td><td>+1.318<\/td><\/tr><tr><td>25<\/td><td>S MONTOYA<\/td><td>Campos<\/td><td>1:33.105<\/td><td>+1.338<\/td><\/tr><tr><td>26<\/td><td>C SHIELDS<\/td><td>Hitech<\/td><td>1:33.135<\/td><td>+1.368<\/td><\/tr><tr><td>27<\/td><td>T SMITH<\/td><td>Van Amersfoort<\/td><td>1:33.136<\/td><td>+1.369<\/td><\/tr><tr><td>28<\/td><td>P WISNICKI<\/td><td>Rodin&nbsp;<\/td><td>1:33.217<\/td><td>+1.450<\/td><\/tr><tr><td>29<\/td><td>T INTHRAPHUVASAK<\/td><td>PHM AIX<\/td><td>1:33.241<\/td><td>+1.474<\/td><\/tr><tr><td>30<\/td><td>J DUFEK<\/td><td>PHM AIX<\/td><td>1:33.436<\/td><td>+1.669<\/td><\/tr><\/tbody><\/table><\/figure>\n","protected":false},"excerpt":{"rendered":"<p>A Trident fez a festa em casa e colocou os tr\u00eas carros nas primeiras tr\u00eas coloca\u00e7\u00f5es do grid da corrida principal da rodada da Em\u00edlia-Romanha da F3, com Santiago Ramos na pole-position<\/p>\n","protected":false},"author":0,"featured_media":1000813855,"comment_status":"closed","ping_status":"closed","sticky":false,"template":"","format":"standard","meta":{"42wp_featured_image_caption":"","42wp_featured_image_credits":"","42wp_featured_video":"","42wp_featured_image_hidden":false,"42wp_authors_list":[],"footnotes":""},"categories":[10],"tags":[29655,31948,26134,39541,1008,35968,8057,35975,1491,28285,35181,5386,39542,35651,39539,36972],"42wp_author":[47147],"class_list":["post-77414","post","type-post","status-publish","format-standard","has-post-thumbnail","hentry","category-f3","tag-calendario-f3","tag-classificacao-f3","tag-emilia-romanha","tag-emilia-romanha-2024","tag-f3","tag-f3-2024","tag-formula-3","tag-formula-3-2024","tag-grande-premio","tag-grandepremio","tag-horarios-f3","tag-imola","tag-imola-2024","tag-onde-assistir-f3","tag-rodada-da-emilia-romanha","tag-temporada-2024-f3","42wp_author-luana-marino"],"_links":{"self":[{"href":"https:\/\/grandepremio.com\/br\/wp-json\/wp\/v2\/posts\/77414","targetHints":{"allow":["GET"]}}],"collection":[{"href":"https:\/\/grandepremio.com\/br\/wp-json\/wp\/v2\/posts"}],"about":[{"href":"https:\/\/grandepremio.com\/br\/wp-json\/wp\/v2\/types\/post"}],"replies":[{"embeddable":true,"href":"https:\/\/grandepremio.com\/br\/wp-json\/wp\/v2\/comments?post=77414"}],"version-history":[{"count":0,"href":"https:\/\/grandepremio.com\/br\/wp-json\/wp\/v2\/posts\/77414\/revisions"}],"wp:featuredmedia":[{"embeddable":true,"href":"https:\/\/grandepremio.com\/br\/wp-json\/wp\/v2\/media\/1000813855"}],"wp:attachment":[{"href":"https:\/\/grandepremio.com\/br\/wp-json\/wp\/v2\/media?parent=77414"}],"wp:term":[{"taxonomy":"category","embeddable":true,"href":"https:\/\/grandepremio.com\/br\/wp-json\/wp\/v2\/categories?post=77414"},{"taxonomy":"post_tag","embeddable":true,"href":"https:\/\/grandepremio.com\/br\/wp-json\/wp\/v2\/tags?post=77414"},{"taxonomy":"42wp_author","embeddable":true,"href":"https:\/\/grandepremio.com\/br\/wp-json\/wp\/v2\/42wp_author?post=77414"}],"curies":[{"name":"wp","href":"https:\/\/api.w.org\/{rel}","templated":true}]}}