{"id":77467,"date":"2024-05-17T02:30:00","date_gmt":"2024-05-17T05:30:00","guid":{"rendered":"https:\/\/grandepremio.com\/br\/noticias\/formula-2-passar-tv-hoje-onde-assistir-vivo-rodada-emilia-romanha-2024\/"},"modified":"2024-05-17T16:46:04","modified_gmt":"2024-05-17T19:46:04","slug":"formula-2-passar-tv-hoje-onde-assistir-vivo-rodada-emilia-romanha-2024","status":"publish","type":"post","link":"https:\/\/grandepremio.com\/br\/f2\/formula-2-passar-tv-hoje-onde-assistir-vivo-rodada-emilia-romanha-2024\/","title":{"rendered":"F\u00f3rmula 2 vai passar na TV hoje? Onde assistir ao vivo a rodada da Em\u00edlia-Romanha de 2024"},"content":{"rendered":"\n<p class=\"wp-block-paragraph\">Depois de um longo per\u00edodo sem corridas, a <strong>F\u00f3rmula 2<\/strong> retorna \u00e0s pistas neste final de semana, na <strong>Em\u00edlia-Romanha<\/strong>, em <strong>\u00cdmola<\/strong>. \u00c9 a quarta rodada da temporada e a primeira da perna europeia, fase sempre muito aguardada por conta dos circuitos permanentes. Confira a programa\u00e7\u00e3o completa desta sexta-feira (17).<\/p>\n\n\n\n<p class=\"wp-block-paragraph\">O dia da F2 come\u00e7a \u00e0s <strong>5h05 <\/strong>(de Bras\u00edlia, GMT-3), com o treino livre. Depois, \u00e0s <strong>11h<\/strong>, os pilotos retornam para a defini\u00e7\u00e3o do grid de largada, que vale tanto para a sprint quanto para a corrida principal.<\/p>\n\n\n\n<p class=\"wp-block-paragraph\">O torcedor poder\u00e1 acompanhar todas as atividades pelo streaming oficial da F1, o <strong>F1 TV<\/strong>, e tamb\u00e9m o canal fechado <strong>BandSports<\/strong>.<\/p>\n\n\n\n<p class=\"wp-block-paragraph\"><strong><img decoding=\"async\" src=\"https:\/\/a.slack-edge.com\/production-standard-emoji-assets\/14.0\/google-medium\/25b6-fe0f.png\" alt=\":seta_para_frente:\">&nbsp;Inscreva-se nos dois canais do GRANDE PR\u00caMIO no YouTube:&nbsp;<a href=\"https:\/\/www.youtube.com\/channel\/UC9OlHEgxoaY6QY6nWPoiqQg?sub_confirmation=1\" target=\"_blank\" rel=\"noreferrer noopener\">GP<\/a>&nbsp;|&nbsp;<a href=\"https:\/\/www.youtube.com\/channel\/UC9csiS6q_C3C0FYhyr1rnFA?sub_confirmation=1\" target=\"_blank\" rel=\"noreferrer noopener\">GP2<\/a><\/strong><br><strong><img decoding=\"async\" src=\"https:\/\/a.slack-edge.com\/production-standard-emoji-assets\/14.0\/google-medium\/25b6-fe0f.png\" alt=\":seta_para_frente:\">&nbsp;<a href=\"https:\/\/www.twitch.tv\/grandepremio\" target=\"_blank\" rel=\"noreferrer noopener\">Conhe\u00e7a o canal do GRANDE PR\u00caMIO na Twitch clicando aqui!<\/a><\/strong><\/p>\n\n\n\n<figure class=\"wp-block-embed is-type-video is-provider-youtube wp-block-embed-youtube wp-embed-aspect-16-9 wp-has-aspect-ratio\"><div class=\"wp-block-embed__wrapper\">\n<iframe loading=\"lazy\" title=\"BORTOLETO vem ai\u0301? ANTONELLI desencanta? F2 tem HORA DA VERDADE na Europa | GP a\u0300s 10\" width=\"500\" height=\"281\" src=\"https:\/\/www.youtube.com\/embed\/KqFCaFYM6d4?feature=oembed\" frameborder=\"0\" allow=\"accelerometer; autoplay; clipboard-write; encrypted-media; gyroscope; picture-in-picture; web-share\" referrerpolicy=\"strict-origin-when-cross-origin\" allowfullscreen><\/iframe>\n<\/div><\/figure>\n","protected":false},"excerpt":{"rendered":"<p>Hoje tem treino livre e classifica\u00e7\u00e3o para a rodada da Em\u00edlia-Romanha da F2. Confira a programa\u00e7\u00e3o completa<\/p>\n","protected":false},"author":0,"featured_media":1000790368,"comment_status":"closed","ping_status":"closed","sticky":false,"template":"","format":"standard","meta":{"42wp_featured_image_caption":"","42wp_featured_image_credits":"","42wp_featured_video":"","42wp_featured_image_hidden":false,"42wp_authors_list":[],"footnotes":""},"categories":[9],"tags":[29654,30246,26134,111,32189,2208,35969,1491,28285,35029,5386,39542,35030,39539,32190],"42wp_author":[47147],"class_list":["post-77467","post","type-post","status-publish","format-standard","has-post-thumbnail","hentry","category-f2","tag-calendario-f2","tag-classificacao-f2","tag-emilia-romanha","tag-f2","tag-f2-2024","tag-formula-2","tag-formula-2-2024","tag-grande-premio","tag-grandepremio","tag-horarios-f2","tag-imola","tag-imola-2024","tag-onde-assistir-f2","tag-rodada-da-emilia-romanha","tag-temporada-2024-f2","42wp_author-luana-marino"],"_links":{"self":[{"href":"https:\/\/grandepremio.com\/br\/wp-json\/wp\/v2\/posts\/77467","targetHints":{"allow":["GET"]}}],"collection":[{"href":"https:\/\/grandepremio.com\/br\/wp-json\/wp\/v2\/posts"}],"about":[{"href":"https:\/\/grandepremio.com\/br\/wp-json\/wp\/v2\/types\/post"}],"replies":[{"embeddable":true,"href":"https:\/\/grandepremio.com\/br\/wp-json\/wp\/v2\/comments?post=77467"}],"version-history":[{"count":0,"href":"https:\/\/grandepremio.com\/br\/wp-json\/wp\/v2\/posts\/77467\/revisions"}],"wp:featuredmedia":[{"embeddable":true,"href":"https:\/\/grandepremio.com\/br\/wp-json\/wp\/v2\/media\/1000790368"}],"wp:attachment":[{"href":"https:\/\/grandepremio.com\/br\/wp-json\/wp\/v2\/media?parent=77467"}],"wp:term":[{"taxonomy":"category","embeddable":true,"href":"https:\/\/grandepremio.com\/br\/wp-json\/wp\/v2\/categories?post=77467"},{"taxonomy":"post_tag","embeddable":true,"href":"https:\/\/grandepremio.com\/br\/wp-json\/wp\/v2\/tags?post=77467"},{"taxonomy":"42wp_author","embeddable":true,"href":"https:\/\/grandepremio.com\/br\/wp-json\/wp\/v2\/42wp_author?post=77467"}],"curies":[{"name":"wp","href":"https:\/\/api.w.org\/{rel}","templated":true}]}}