{"id":77621,"date":"2024-05-15T12:59:05","date_gmt":"2024-05-15T15:59:05","guid":{"rendered":"https:\/\/grandepremio.com\/br\/noticias\/sergio-perez-nega-pressa-negociacao-contrato-red-bull-vai-se-resolver-naturalmente\/"},"modified":"2024-05-15T14:31:41","modified_gmt":"2024-05-15T17:31:41","slug":"sergio-perez-nega-pressa-negociacao-contrato-red-bull-vai-se-resolver-naturalmente","status":"publish","type":"post","link":"https:\/\/grandepremio.com\/br\/f1\/sergio-perez-nega-pressa-negociacao-contrato-red-bull-vai-se-resolver-naturalmente\/","title":{"rendered":"P\u00e9rez nega pressa por negocia\u00e7\u00e3o de contrato com Red Bull: \u201cVai se resolver naturalmente\u201d"},"content":{"rendered":"\n<p class=\"wp-block-paragraph\"><strong>Sergio P\u00e9rez<\/strong> conseguiu apresentar um come\u00e7o de temporada s\u00f3lido em 2024 e se colocou em boa posi\u00e7\u00e3o para negociar uma renova\u00e7\u00e3o com a <strong>Red Bull<\/strong>. O mexicano, no entanto, negou ter pressa para assinar a extens\u00e3o do v\u00ednculo e disse estar focado em entregar um bom resultado para a equipe. Caso isso seja feito com \u00eaxito, a perman\u00eancia em <strong>Milton Keynes<\/strong> \u00e9 algo que deve acontecer \u201cnaturalmente\u201d.<\/p>\n\n\n\n<p class=\"wp-block-paragraph\">P\u00e9rez viu sua posi\u00e7\u00e3o na Red Bull amea\u00e7ada na segunda metade do ano passado quando <a href=\"https:\/\/www.grandepremio.com\/br\/f1\/noticias\/sergio-perez-faz-quina-silverstone-supera-pior-marca-red-bull-fora-top-10-f1\/\">sofreu com resultados ruins nas classifica\u00e7\u00f5es<\/a> e teve dificuldades para escalar o grid durante as corridas. O chefe <strong>Christian Horner, <\/strong>no entanto, sempre refor\u00e7ou que a perman\u00eancia do mexicano dependia exclusivamente de uma melhora na performance.<\/p>\n\n\n\n<p class=\"wp-block-paragraph\">E o #11 at\u00e9 conseguiu essa melhora no in\u00edcio de 2024 e entregou tr\u00eas dobradinhas para a equipe nas primeiras seis corridas do ano. Inclusive, algumas conversas com o time j\u00e1 come\u00e7aram e o mexicano <a href=\"https:\/\/www.grandepremio.com\/br\/f1\/noticias\/sergio-perez-quer-tres-anos-contrato-red-bull-desconversa-vamos-encontrar-solucao\/\">pediu um acordo de tr\u00eas anos de dura\u00e7\u00e3o<\/a>.<\/p>\n\n\n\n<p class=\"wp-block-paragraph\">Apesar de as negocia\u00e7\u00f5es j\u00e1 terem come\u00e7ado, e P\u00e9rez ter apresentado uma clara evolu\u00e7\u00e3o em rela\u00e7\u00e3o ao que foi visto em meados da \u00faltima temporada, o mexicano afirmou que n\u00e3o quer pular etapas e est\u00e1 concentrado em entregar bons resultados para o time.<\/p>\n\n\n\n<figure class=\"wp-block-image size-large\"><img decoding=\"async\" src=\"https:\/\/www.grandepremio.com\/br\/wp-content\/uploads\/2024\/04\/china-2024-f1-corrida-red-bull-sergioperez-afp-06-1024x683.jpg\" alt=\"\" class=\"wp-image-804152\"\/><figcaption class=\"wp-element-caption\">Sergio P\u00e9rez j\u00e1 conseguiu quatro p\u00f3dios em 2024 (Foto: AFP) <\/figcaption><\/figure>\n\n\n\n<p class=\"wp-block-paragraph\">\u201cPara todo mundo que ainda n\u00e3o assinou um contrato, at\u00e9 que voc\u00ea tenha tudo garantido no papel, tudo permanece como uma op\u00e7\u00e3o. Mas, neste momento [negociar outro contrato] n\u00e3o \u00e9 a prioridade\u201d, revelou \u2018Checo\u2019.<\/p>\n\n\n\n<p class=\"wp-block-paragraph\">\u201cAs coisas est\u00e3o acontecendo muito cedo no mercado de pilotos por causa do an\u00fancio da ida de Lewis [Hamilton] para a Ferrari no in\u00edcio do ano. Ent\u00e3o todos est\u00e3o procurando a melhor op\u00e7\u00e3o poss\u00edvel. Mas \u00e9 s\u00f3 uma quest\u00e3o de tempo. Mas no momento, a prioridade est\u00e1 na temporada, nas corridas e na forma como trabalho com a equipe. O resto vai se resolver naturalmente\u201d, finalizou P\u00e9rez.<\/p>\n\n\n\n<p class=\"wp-block-paragraph\">A&nbsp;<a href=\"https:\/\/www.grandepremio.com\/br\/f1\/\" target=\"_blank\" rel=\"noreferrer noopener\"><\/a><a href=\"https:\/\/www.grandepremio.com\/br\/f1\/\" target=\"_blank\" rel=\"noreferrer noopener\">F\u00f3rmula 1<\/a>&nbsp;retorna neste fim de semana, de 17 a 19 de maio, em&nbsp;<strong>\u00cdmola<\/strong>, para o&nbsp;<strong>GP da Em\u00edlia-<a href=\"https:\/\/www.grandepremio.com\/br\/circuito\/roma\/\" target=\"_blank\" rel=\"noreferrer noopener\">Roma<\/a>nha<\/strong>. E o&nbsp;<strong>GRANDE PR\u00caMIO<\/strong>&nbsp;acompanha todas as atividades&nbsp;<strong>AO VIVO&nbsp;<\/strong>e&nbsp;<strong>EM&nbsp;<a href=\"https:\/\/www.grandepremio.com\/br\/ao-vivo\/\" target=\"_blank\" rel=\"noreferrer noopener\">TEMPO REAL<\/a><\/strong>.<\/p>\n\n\n\n<p class=\"wp-block-paragraph\"><strong>\u25b6\ufe0f Inscreva-se nos dois canais do&nbsp;GRANDE PR\u00caMIO&nbsp;no YouTube:&nbsp;<a href=\"https:\/\/www.youtube.com\/channel\/UC9OlHEgxoaY6QY6nWPoiqQg?sub_confirmation=1\">GP<\/a>&nbsp;|&nbsp;<a href=\"https:\/\/www.youtube.com\/channel\/UC9csiS6q_C3C0FYhyr1rnFA?sub_confirmation=1\">GP2<\/a><br>\u25b6\ufe0f&nbsp;<a href=\"https:\/\/www.twitch.tv\/grandepremio\">Conhe\u00e7a o canal do&nbsp;GRANDE PR\u00caMIO&nbsp;na Twitch clicando aqui!<\/a><\/strong><\/p>\n\n\n\n<figure class=\"wp-block-embed is-type-video is-provider-youtube wp-block-embed-youtube wp-embed-aspect-16-9 wp-has-aspect-ratio\"><div class=\"wp-block-embed__wrapper\">\n<iframe loading=\"lazy\" title=\"Williams DEFINE FUTURO de Albon! + Mercedes AINDA SONHA com Verstappen | TTGP #135\" width=\"500\" height=\"281\" src=\"https:\/\/www.youtube.com\/embed\/ESEXXGh65-k?feature=oembed\" frameborder=\"0\" allow=\"accelerometer; autoplay; clipboard-write; encrypted-media; gyroscope; picture-in-picture; web-share\" referrerpolicy=\"strict-origin-when-cross-origin\" allowfullscreen><\/iframe>\n<\/div><\/figure>\n","protected":false},"excerpt":{"rendered":"<p>Sergio P\u00e9rez disse que a renova\u00e7\u00e3o do contrato com a Red Bull vai acontecer de forma natural \u00e0 medida que conseguir entregar bons resultados para a equipe<\/p>\n","protected":false},"author":0,"featured_media":1000808221,"comment_status":"closed","ping_status":"closed","sticky":false,"template":"","format":"standard","meta":{"42wp_featured_image_caption":"","42wp_featured_image_credits":"","42wp_featured_video":"","42wp_featured_image_hidden":false,"42wp_authors_list":[],"footnotes":""},"categories":[2],"tags":[655,1491,28285,13887,27382,28012,37834,204,27332,3132],"42wp_author":[47149],"class_list":["post-77621","post","type-post","status-publish","format-standard","has-post-thumbnail","hentry","category-f1","tag-christian-horner","tag-grande-premio","tag-grandepremio","tag-horner","tag-perez","tag-perez-na-red-bull","tag-pilotos-red-bull","tag-red-bull","tag-red-bull-f1","tag-sergio-perez","42wp_author-bernardo-castro"],"_links":{"self":[{"href":"https:\/\/grandepremio.com\/br\/wp-json\/wp\/v2\/posts\/77621","targetHints":{"allow":["GET"]}}],"collection":[{"href":"https:\/\/grandepremio.com\/br\/wp-json\/wp\/v2\/posts"}],"about":[{"href":"https:\/\/grandepremio.com\/br\/wp-json\/wp\/v2\/types\/post"}],"replies":[{"embeddable":true,"href":"https:\/\/grandepremio.com\/br\/wp-json\/wp\/v2\/comments?post=77621"}],"version-history":[{"count":0,"href":"https:\/\/grandepremio.com\/br\/wp-json\/wp\/v2\/posts\/77621\/revisions"}],"wp:featuredmedia":[{"embeddable":true,"href":"https:\/\/grandepremio.com\/br\/wp-json\/wp\/v2\/media\/1000808221"}],"wp:attachment":[{"href":"https:\/\/grandepremio.com\/br\/wp-json\/wp\/v2\/media?parent=77621"}],"wp:term":[{"taxonomy":"category","embeddable":true,"href":"https:\/\/grandepremio.com\/br\/wp-json\/wp\/v2\/categories?post=77621"},{"taxonomy":"post_tag","embeddable":true,"href":"https:\/\/grandepremio.com\/br\/wp-json\/wp\/v2\/tags?post=77621"},{"taxonomy":"42wp_author","embeddable":true,"href":"https:\/\/grandepremio.com\/br\/wp-json\/wp\/v2\/42wp_author?post=77621"}],"curies":[{"name":"wp","href":"https:\/\/api.w.org\/{rel}","templated":true}]}}