{"id":77646,"date":"2024-05-15T08:14:08","date_gmt":"2024-05-15T11:14:08","guid":{"rendered":"https:\/\/grandepremio.com\/br\/noticias\/williams-explica-renovacao-alexander-albon-na-f1-importante-para-nos-levar-ao-topo\/"},"modified":"2024-05-15T08:14:25","modified_gmt":"2024-05-15T11:14:25","slug":"williams-explica-renovacao-alexander-albon-na-f1-importante-para-nos-levar-ao-topo","status":"publish","type":"post","link":"https:\/\/grandepremio.com\/br\/f1\/williams-explica-renovacao-alexander-albon-na-f1-importante-para-nos-levar-ao-topo\/","title":{"rendered":"Williams explica renova\u00e7\u00e3o com Albon na F1: \u201cImportante para nos levar ao topo\u201d"},"content":{"rendered":"\n<p class=\"wp-block-paragraph\">A <strong>Williams <\/strong>confirmou o que se esperava e anunciou, na manh\u00e3 desta quarta-feira (15), que <strong>Alexander Albon<\/strong> <a href=\"https:\/\/www.grandepremio.com\/br\/f1\/noticias\/williams-confirma-expectativa-renova-contrato-alexander-albon-acordo-plurianual-f1\/\">teve seu contrato renovado em um acordo plurianual<\/a>. O chefe James Vowles explicou que o piloto anglo-tailand\u00eas \u00e9 uma pe\u00e7a fundamental no processo de reestrutura\u00e7\u00e3o da equipe e ser\u00e1 um dos respons\u00e1veis por direcionar o time de Grove de volta ao topo da <strong>F\u00f3rmula 1<\/strong>.<\/p>\n\n\n\n<p class=\"wp-block-paragraph\">Albon se juntou \u00e0 Williams em 2022 e se tornou um nome importante no processo de reestrutura\u00e7\u00e3o da equipe. Naquele ano, embora o time brit\u00e2nico tenha sido o \u00faltimo no <strong>Mundial de Construtores<\/strong>, o anglo-tailand\u00eas anotou quatro dos oito pontos somados. Em 2023, marcou 27 dos 28 tentos da escudeira e foi o respons\u00e1vel por coloc\u00e1-la na s\u00e9tima posi\u00e7\u00e3o entre os construtores.<\/p>\n\n\n\n<p class=\"wp-block-paragraph\">Por isso, a Williams nunca escondeu que tinha o desejo de seguir com Albon e lhe ofereceu um contrato de \u201cv\u00e1rios anos\u201d. A validade do v\u00ednculo, no entanto, n\u00e3o foi divulgada.<\/p>\n\n\n\n<p class=\"wp-block-paragraph\">\u201cEstamos muito satisfeitos em garantir o futuro de longo prazo de Alex na Williams. Ele tem um talento excepcional, e \u00e9 muito importante na contribui\u00e7\u00e3o t\u00e9cnica. Este \u00e9 um grande voto de confian\u00e7a na Williams e na jornada de volta \u00e0 competitividade em que estamos\u201d, apontou Vowles.<\/p>\n\n\n\n<figure class=\"wp-block-image size-large\"><img decoding=\"async\" src=\"https:\/\/www.grandepremio.com\/br\/wp-content\/uploads\/2024\/05\/miami-2024-f1-sprint-williams-alexander-albon-01-1024x683.jpeg\" alt=\"\" class=\"wp-image-808961\"\/><figcaption class=\"wp-element-caption\">Alexander Albon segue com a Williams por mais alguns anos na F\u00f3rmula 1 (Foto: Williams)<\/figcaption><\/figure>\n\n\n\n<p class=\"wp-block-paragraph\">\u201cDesde que chegou, Alex demonstrou consistentemente sua capacidade de atuar sob press\u00e3o, e contrat\u00e1-lo por um longo prazo \u00e9 uma pe\u00e7a importante para nos levar para o topo do grid\u201d, finalizou o chefe da Williams.<\/p>\n\n\n\n<p class=\"wp-block-paragraph\">Apesar de Albon ter confiado no projeto de longo prazo da equipe, a Williams n\u00e3o vive bom momento na F\u00f3rmula 1 e segue zerada no Mundial de Construtores.<\/p>\n\n\n\n<p class=\"wp-block-paragraph\">A\u00a0<a href=\"https:\/\/www.grandepremio.com\/br\/f1\/\" target=\"_blank\" rel=\"noreferrer noopener\"><\/a><a href=\"https:\/\/www.grandepremio.com\/br\/f1\/\" target=\"_blank\" rel=\"noreferrer noopener\">F\u00f3rmula 1<\/a>\u00a0retorna neste fim de semana, de 17 a 19 de maio, em\u00a0<strong>\u00cdmola<\/strong>, para o\u00a0<strong>GP da Em\u00edlia-<a href=\"https:\/\/www.grandepremio.com\/br\/circuito\/roma\/\" target=\"_blank\" rel=\"noreferrer noopener\">Roma<\/a>nha<\/strong>. E o\u00a0<strong>GRANDE PR\u00caMIO<\/strong>\u00a0acompanha todas as atividades\u00a0<strong>AO VIVO\u00a0<\/strong>e\u00a0<strong>EM\u00a0<a href=\"https:\/\/www.grandepremio.com\/br\/ao-vivo\/\" target=\"_blank\" rel=\"noreferrer noopener\">TEMPO REAL<\/a><\/strong>.<\/p>\n\n\n\n<p class=\"wp-block-paragraph\"><strong>\u25b6\ufe0f Inscreva-se nos dois canais do\u00a0GRANDE PR\u00caMIO\u00a0no YouTube:\u00a0<a href=\"https:\/\/www.youtube.com\/channel\/UC9OlHEgxoaY6QY6nWPoiqQg?sub_confirmation=1\">GP<\/a>\u00a0|\u00a0<a href=\"https:\/\/www.youtube.com\/channel\/UC9csiS6q_C3C0FYhyr1rnFA?sub_confirmation=1\">GP2<\/a><br>\u25b6\ufe0f\u00a0<a href=\"https:\/\/www.twitch.tv\/grandepremio\">Conhe\u00e7a o canal do\u00a0GRANDE PR\u00caMIO\u00a0na Twitch clicando aqui!<\/a><\/strong><\/p>\n\n\n\n<figure class=\"wp-block-embed is-type-video is-provider-youtube wp-block-embed-youtube wp-embed-aspect-16-9 wp-has-aspect-ratio\"><div class=\"wp-block-embed__wrapper\">\n<iframe loading=\"lazy\" title=\"FERRARI TIRA MAIS GENTE DA MERCEDES + F1 EM \u00cdMOLA | Paddock GP #371\" width=\"500\" height=\"281\" src=\"https:\/\/www.youtube.com\/embed\/sps8Sk--ANM?feature=oembed\" frameborder=\"0\" allow=\"accelerometer; autoplay; clipboard-write; encrypted-media; gyroscope; picture-in-picture; web-share\" referrerpolicy=\"strict-origin-when-cross-origin\" allowfullscreen><\/iframe>\n<\/div><\/figure>\n","protected":false},"excerpt":{"rendered":"<p>Alexander Albon se mostrou uma pe\u00e7a fundamental para o processo de reestrutura\u00e7\u00e3o da Williams e recebeu um acordo plurianual com a equipe de Grove<\/p>\n","protected":false},"author":0,"featured_media":1000683169,"comment_status":"closed","ping_status":"closed","sticky":false,"template":"","format":"standard","meta":{"42wp_featured_image_caption":"","42wp_featured_image_credits":"","42wp_featured_video":"","42wp_featured_image_hidden":false,"42wp_authors_list":[],"footnotes":""},"categories":[2],"tags":[654,147,3230,1491,28285,4149,32945,215,25011,33777],"42wp_author":[47149],"class_list":["post-77646","post","type-post","status-publish","format-standard","has-post-thumbnail","hentry","category-f1","tag-alexander-albon","tag-f1","tag-f1-2024","tag-grande-premio","tag-grandepremio","tag-james-vowles","tag-vowles","tag-williams","tag-williams-f1","tag-williams-formula-1","42wp_author-bernardo-castro"],"_links":{"self":[{"href":"https:\/\/grandepremio.com\/br\/wp-json\/wp\/v2\/posts\/77646","targetHints":{"allow":["GET"]}}],"collection":[{"href":"https:\/\/grandepremio.com\/br\/wp-json\/wp\/v2\/posts"}],"about":[{"href":"https:\/\/grandepremio.com\/br\/wp-json\/wp\/v2\/types\/post"}],"replies":[{"embeddable":true,"href":"https:\/\/grandepremio.com\/br\/wp-json\/wp\/v2\/comments?post=77646"}],"version-history":[{"count":0,"href":"https:\/\/grandepremio.com\/br\/wp-json\/wp\/v2\/posts\/77646\/revisions"}],"wp:featuredmedia":[{"embeddable":true,"href":"https:\/\/grandepremio.com\/br\/wp-json\/wp\/v2\/media\/1000683169"}],"wp:attachment":[{"href":"https:\/\/grandepremio.com\/br\/wp-json\/wp\/v2\/media?parent=77646"}],"wp:term":[{"taxonomy":"category","embeddable":true,"href":"https:\/\/grandepremio.com\/br\/wp-json\/wp\/v2\/categories?post=77646"},{"taxonomy":"post_tag","embeddable":true,"href":"https:\/\/grandepremio.com\/br\/wp-json\/wp\/v2\/tags?post=77646"},{"taxonomy":"42wp_author","embeddable":true,"href":"https:\/\/grandepremio.com\/br\/wp-json\/wp\/v2\/42wp_author?post=77646"}],"curies":[{"name":"wp","href":"https:\/\/api.w.org\/{rel}","templated":true}]}}