{"id":77685,"date":"2024-05-14T15:28:15","date_gmt":"2024-05-14T18:28:15","guid":{"rendered":"https:\/\/grandepremio.com\/br\/noticias\/sacha-fenestraz-critica-norman-nato-por-acidente-ep-de-berlim-2-acabou-com-minha-corrida\/"},"modified":"2024-05-14T15:29:04","modified_gmt":"2024-05-14T18:29:04","slug":"sacha-fenestraz-critica-norman-nato-por-acidente-ep-de-berlim-2-acabou-com-minha-corrida","status":"publish","type":"post","link":"https:\/\/grandepremio.com\/br\/formula-e\/sacha-fenestraz-critica-norman-nato-por-acidente-ep-de-berlim-2-acabou-com-minha-corrida\/","title":{"rendered":"Fenestraz\u00a0critica\u00a0Nato por acidente no eP de Berlim 2: &#8220;Acabou com a minha corrida&#8221;"},"content":{"rendered":"\n<p class=\"wp-block-paragraph\"><strong>Sacha Fenestraz<\/strong>\u00a0ainda n\u00e3o engoliu o acidente em que se envolveu no <strong>eP de Berlim<\/strong> <strong>2<\/strong> da <strong>F\u00f3rmula E<\/strong>, no \u00faltimo domingo (12). O piloto da <strong>Nissan<\/strong> tentava escalar o pelot\u00e3o intermedi\u00e1rio, mas, na entrada da <strong>curva 3<\/strong>, durante a <strong>volta 25<\/strong>, foi atingido por <strong>Norman Nato<\/strong>, da <strong>Andretti<\/strong>. Resultado: os dois foram da corrida. Antes da batida, os dois j\u00e1 vinham duelando e trocando pancadas na pista de <strong>Tempelhof<\/strong>. Ap\u00f3s o acidente, a c\u00e2mera onboard do carro da Nissan registrou Fenestraz\u00a0batendo palmas ir\u00f4nicas para o piloto da Andretti.<\/p>\n\n\n\n<p class=\"wp-block-paragraph\">&#8220;O que Norman tentou fazer ali estava longe de ser algo que se possa fazer naquela curva&#8221;, disse o franco-argentino. &#8220;Eu o vi. Estava na linha interna, dei um pouco de espa\u00e7o, mas ele freou tarde demais e acabou com minha corrida sem nenhuma necessidade. Ainda faltavam muitas voltas. Era absolutamente \u00f3bvio que a dist\u00e2ncia n\u00e3o era grande o suficiente (para um ataque)&#8221;, continuou o piloto.<\/p>\n\n\n\n<p class=\"wp-block-paragraph\">Fenestraz e Nato foram companheiros de equipe na Nissan na <strong>temporada 2022-23<\/strong>, mas n\u00e3o conseguiram resultados expressivos no ano passado. Nato terminou o <strong>Mundial de Pilotos<\/strong> em d\u00e9cimo e Fenestraz foi apenas o 16\u00ba.<\/p>\n\n\n\n<p class=\"wp-block-paragraph\">Neste ano, ambos vem fazendo uma temporada muito aqu\u00e9m dos resultados obtidos pelos seus companheiros. <strong>Oliver Rowland<\/strong>, da Nissan, e <strong>Jake Dennis<\/strong>, da Andretti, brigam pelo t\u00edtulo da <strong>temporada 2023-24<\/strong>, enquanto Fenestraz \u00e9 o 11\u00ba e Nato \u00e9 apenas o 13\u00ba.<\/p>\n\n\n\n<figure class=\"wp-block-video\"><video class=\"video-js vjs-big-play-centered\" data-gp-vjs=\"1\" controls poster=\"https:\/\/www.grandepremio.com\/br\/cdn-cgi\/image\/width=1200,height=675,fit=contain,gravity=0.5x0.5,quality=75,format=webp\/wp-content\/uploads\/2024\/05\/Nato-Fenestraz-eP-de-Berlim-2-poster.jpeg\" src=\"https:\/\/www.grandepremio.com\/br\/wp-content\/uploads\/2024\/05\/Nato-Fenestraz-eP-de-Berlim-2.mp4\"><\/video><figcaption class=\"wp-element-caption\">Nato finaliza empurra-empurra e joga Nato no muro durante eP de Berlim 2 da F\u00f3rmula E (V\u00eddeo: GRANDE PR\u00caMIO)<\/figcaption><\/figure>\n\n\n\n<p class=\"wp-block-paragraph\">&#8220;Estou extremamente desapontado com o que aconteceu. Fizemos uma corrida muito boa e poder\u00edamos ter terminado entre os cinco primeiros, mas estou com muito azar no momento&#8221;, lamentou o corredor da marca japonesa.<\/p>\n\n\n\n<p class=\"wp-block-paragraph\">Pelo acidente,\u00a0Nato recebeu uma penalidade <strong>10s<\/strong>, que foi aplicada quando cruzou a linha de chegada. Como resultado, ele caiu do 14\u00ba para o 19\u00ba lugar na corrida e foi penalizado em dois pontos na carteira.\u00a0<\/p>\n\n\n\n<p class=\"wp-block-paragraph\">&#8220;Eu assumo a culpa, porque foi uma manobra relativamente tardia. Mas eu j\u00e1 disse ao Sacha [Fenestraz] que ele n\u00e3o me deu espa\u00e7o algum. J\u00e1 assisti aos v\u00eddeos&#8221;, justificou o piloto da Andretti.<\/p>\n\n\n\n<figure class=\"wp-block-image size-large\"><img decoding=\"async\" src=\"https:\/\/www.grandepremio.com\/br\/wp-content\/uploads\/2024\/05\/EPS1009_164034SB1_6115-2048x2048-1-1200x800.jpg\" alt=\"\" class=\"wp-image-811760\"\/><figcaption class=\"wp-element-caption\">Sacha Fenestraz criticou Norman Nato por acidente em Berlim (Foto: F\u00f3rmula E)<\/figcaption><\/figure>\n\n\n\n<p class=\"wp-block-paragraph\"><strong>\u25b6\ufe0f Inscreva-se nos dois canais do\u00a0GRANDE PR\u00caMIO\u00a0no YouTube:\u00a0<a href=\"https:\/\/www.youtube.com\/channel\/UC9OlHEgxoaY6QY6nWPoiqQg?sub_confirmation=1\">GP<\/a>\u00a0|\u00a0<a href=\"https:\/\/www.youtube.com\/channel\/UC9csiS6q_C3C0FYhyr1rnFA?sub_confirmation=1\">GP2<\/a><br>\u25b6\ufe0f\u00a0<a href=\"https:\/\/www.twitch.tv\/grandepremio\">Conhe\u00e7a o canal do\u00a0GRANDE PR\u00caMIO\u00a0na Twitch clicando aqui!<\/a><\/strong><\/p>\n\n\n\n<p class=\"wp-block-paragraph\">A\u00a0<a href=\"https:\/\/www.grandepremio.com\/br\/formula-e\/\" target=\"_blank\" rel=\"noreferrer noopener\"><\/a><a href=\"https:\/\/www.grandepremio.com\/br\/formula-e\/\" target=\"_blank\" rel=\"noreferrer noopener\">F\u00f3rmula E<\/a>\u00a0retorna para a rodada dupla do\u00a0<strong>eP de\u00a0<a href=\"https:\/\/www.grandepremio.com\/br\/circuito\/xangai\/\" target=\"_blank\" rel=\"noreferrer noopener\">Xangai<\/a><\/strong>, na\u00a0<strong>China<\/strong>, entre os dias\u00a0<strong>25 e 26 de maio<\/strong>. Todas as sess\u00f5es de pista ter\u00e3o\u00a0transmiss\u00e3o\u00a0<strong>AO VIVO e COM IMAGENS<\/strong>\u00a0nos canais do\u00a0<strong>GRANDE PR\u00caMIO<\/strong>\u00a0no\u00a0<strong><a href=\"https:\/\/www.youtube.com\/c\/GrandePremioTV\" target=\"_blank\" rel=\"noreferrer noopener\">YouTube<\/a><\/strong>\u00a0e no\u00a0<strong><a href=\"https:\/\/m.kwai.com\/user\/@grandepremio\" target=\"_blank\" rel=\"noreferrer noopener\">Kwai<\/a><\/strong>, assim como todo o restante da temporada.<\/p>\n\n\n\n<figure class=\"wp-block-embed is-type-video is-provider-youtube wp-block-embed-youtube wp-embed-aspect-16-9 wp-has-aspect-ratio\"><div class=\"wp-block-embed__wrapper\">\n<iframe loading=\"lazy\" title=\"REDEN\u00c7\u00c3O de Da Costa \u00e9 gosto especial em F\u00f3rmula E 2024 ENLOUQUECIDA | GP \u00e0s 10\" width=\"500\" height=\"281\" src=\"https:\/\/www.youtube.com\/embed\/ZhQwZD4ln0k?start=240&amp;feature=oembed\" frameborder=\"0\" allow=\"accelerometer; autoplay; clipboard-write; encrypted-media; gyroscope; picture-in-picture; web-share\" referrerpolicy=\"strict-origin-when-cross-origin\" allowfullscreen><\/iframe>\n<\/div><\/figure>\n","protected":false},"excerpt":{"rendered":"<p>Sacha Fenestraz tentava escalar o pelot\u00e3o intermedi\u00e1rio, mas, na entrada da curva 3, durante a volta 25, foi atingido por Norman Nato e os dois abandonaram a disputa<\/p>\n","protected":false},"author":0,"featured_media":1000772621,"comment_status":"closed","ping_status":"closed","sticky":false,"template":"","format":"standard","meta":{"42wp_featured_image_caption":"","42wp_featured_image_credits":"","42wp_featured_video":"","42wp_featured_image_hidden":false,"42wp_authors_list":[],"footnotes":""},"categories":[19],"tags":[417,28679,6853,840,35967,1491,28285,35442,894,1722,36219,7539,37653],"42wp_author":[47161],"class_list":["post-77685","post","type-post","status-publish","format-standard","has-post-thumbnail","hentry","category-formula-e","tag-andretti","tag-calendario-formula-e","tag-classificacao-formula-e","tag-formula-e","tag-formula-e-2024","tag-grande-premio","tag-grandepremio","tag-horarios-formula-e","tag-nissan","tag-norman-nato","tag-onde-assistir-formula-e","tag-sacha-fenestraz","tag-temporada-2024-da-formula-e","42wp_author-kaio-esteves"],"_links":{"self":[{"href":"https:\/\/grandepremio.com\/br\/wp-json\/wp\/v2\/posts\/77685","targetHints":{"allow":["GET"]}}],"collection":[{"href":"https:\/\/grandepremio.com\/br\/wp-json\/wp\/v2\/posts"}],"about":[{"href":"https:\/\/grandepremio.com\/br\/wp-json\/wp\/v2\/types\/post"}],"replies":[{"embeddable":true,"href":"https:\/\/grandepremio.com\/br\/wp-json\/wp\/v2\/comments?post=77685"}],"version-history":[{"count":0,"href":"https:\/\/grandepremio.com\/br\/wp-json\/wp\/v2\/posts\/77685\/revisions"}],"wp:featuredmedia":[{"embeddable":true,"href":"https:\/\/grandepremio.com\/br\/wp-json\/wp\/v2\/media\/1000772621"}],"wp:attachment":[{"href":"https:\/\/grandepremio.com\/br\/wp-json\/wp\/v2\/media?parent=77685"}],"wp:term":[{"taxonomy":"category","embeddable":true,"href":"https:\/\/grandepremio.com\/br\/wp-json\/wp\/v2\/categories?post=77685"},{"taxonomy":"post_tag","embeddable":true,"href":"https:\/\/grandepremio.com\/br\/wp-json\/wp\/v2\/tags?post=77685"},{"taxonomy":"42wp_author","embeddable":true,"href":"https:\/\/grandepremio.com\/br\/wp-json\/wp\/v2\/42wp_author?post=77685"}],"curies":[{"name":"wp","href":"https:\/\/api.w.org\/{rel}","templated":true}]}}