{"id":77848,"date":"2024-05-13T11:26:01","date_gmt":"2024-05-13T14:26:01","guid":{"rendered":"https:\/\/grandepremio.com\/br\/noticias\/porsche-cita-decisao-correta-equipes-clientes-wec-jota-vencer-spa\/"},"modified":"2024-05-14T10:24:39","modified_gmt":"2024-05-14T13:24:39","slug":"porsche-cita-decisao-correta-equipes-clientes-wec-jota-vencer-spa","status":"publish","type":"post","link":"https:\/\/grandepremio.com\/br\/endurance\/wec\/porsche-cita-decisao-correta-equipes-clientes-wec-jota-vencer-spa\/","title":{"rendered":"Porsche cita \u201cdecis\u00e3o correta\u201d em ter equipes-clientes no WEC ap\u00f3s Jota vencer em Spa"},"content":{"rendered":"\n<p class=\"wp-block-paragraph\">Com a dupla <strong>Callum Ilott<\/strong> e <strong>Will Stevens<\/strong> no <strong>#12<\/strong>, <a href=\"https:\/\/www.grandepremio.com\/br\/endurance\/wec\/noticias\/jota-12-surpreende-vence-6h-spa-bandeira-vermelha-duas-horas\/\">a <strong>Jota<\/strong> venceu as<\/a> <strong>6h de Spa-Francorchamps<\/strong> depois de superar o <strong>Porsche Penske<\/strong> #6, com o trio <strong>K\u00e9vin Estre<\/strong>, <strong>Andr\u00e9 Lotterer<\/strong> e <strong>Laurens Vanthoor<\/strong>. Apesar do time independente desbancar a equipe de f\u00e1brica na terceira etapa da temporada 2024 do <strong><a href=\"https:\/\/www.grandepremio.com\/br\/endurance\/wec\/\">Mundial de Endurance [WEC]<\/a><\/strong>, a marca alem\u00e3 celebrou a conquista. Para <strong>Urs Kuratle<\/strong>, diretor do programa <strong>LMDh<\/strong> da Porsche, o resultado provou que foi um acerto a decis\u00e3o de produzir hipercarros para equipes-clientes.<\/p>\n\n\n\n<p class=\"wp-block-paragraph\">O WEC tem oito montadoras por tr\u00e1s dos 19 hipercarros que alinharam no circuito belga. Al\u00e9m da Porsche, <strong>Ferrari<\/strong>, <strong>Cadillac<\/strong>, <strong>Toyota<\/strong>, <strong>Alpine<\/strong>, <strong>Peugeot<\/strong>, <strong>BMW<\/strong> e <strong>Isotta Fraschini<\/strong> competem no Mundial de Endurance. De todos estes, apenas a Porsche tem um programa de equipes-clientes, produzindo dois modelos <strong>963<\/strong> para a Jota e um para a <strong>Proton<\/strong>.<\/p>\n\n\n\n<p class=\"wp-block-paragraph\">Na pista, h\u00e1 tamb\u00e9m uma Ferrari que n\u00e3o possui apoio de f\u00e1brica, mas o time que opera o <strong>#83<\/strong>, que corre com a cor amarela e o trio <strong>Robert Shwartzman<\/strong>, <strong>Robert Kubica<\/strong> e <strong>Yifei Ye<\/strong>, \u00e9 a <strong>AF Corse<\/strong>, mesma equipe oficial da marca italiana. <\/p>\n\n\n\n<p class=\"wp-block-paragraph\">&nbsp;&#8220;Isso prova o 963 e a nossa decis\u00e3o de ter carros para equipes-clientes&#8221;, disse Kuratle ao site brit\u00e2nico Autosport.<\/p>\n\n\n\n<figure class=\"wp-block-image size-large\"><img decoding=\"async\" src=\"https:\/\/www.grandepremio.com\/br\/wp-content\/uploads\/2024\/05\/M23_0297_fine-1200x675.jpg\" alt=\"\" class=\"wp-image-812580\"\/><figcaption class=\"wp-element-caption\">Urs Kuratle (Foto: Porsche)<\/figcaption><\/figure>\n\n\n\n<p class=\"wp-block-paragraph\">&#8220;Foi muito bom ver o desempenho das equipes-clientes aqui em Spa. Isso \u00e9 bom para a Porsche, o WEC e para o esporte. Tamb\u00e9m \u00e9 bom para a Porsche Penske, porque esse tipo de exibi\u00e7\u00e3o dos clientes d\u00e1 um empurr\u00e3o para a equipe de f\u00e1brica&#8221;, completou.<\/p>\n\n\n\n<p class=\"wp-block-paragraph\">O dirigente fez quest\u00e3o de destacar o desempenho do <strong>Porsche 963<\/strong> da Proton, que teve <strong>Neel Jani<\/strong> e <strong>Julien Andlauer<\/strong> ao volante. O conjunto liderou mais voltas que o <strong>#5<\/strong> e #6 da Porsche Penske, mas que tiveram azar em decorr\u00eancia da bandeira vermelha que durou quase duas horas, <a href=\"https:\/\/www.grandepremio.com\/br\/video\/endurance\/wec\/cadillac-earl-bamber-bmw-sean-gelael-acidente-bandeira-vermelha-6-horas-spa-francorchamps\/\">ap\u00f3s acidente entre<\/a> <strong>Earl Bamber<\/strong>, do Cadillac <strong>#2<\/strong>, e <strong>Sean Gelael<\/strong>, da BMW #31. Terminaram somente em quinto.<\/p>\n\n\n\n<p class=\"wp-block-paragraph\">A paraliza\u00e7\u00e3o foi tamanha que o WEC decidiu retornar o cronometro para 1h44min para o fim na relargada, o que prejudicou a Proton, al\u00e9m da Ferrari, que fazia dobradinha com o <strong>#51<\/strong> e <strong>#50<\/strong>. Estes hipercarros precisaram ir aos boxes pouco depois da bandeira verde, enquanto a Jota e os conjuntos da Porsche Penske tinham feito as paradas antes da corrida ter sido neutralizada.<\/p>\n\n\n\n<p class=\"wp-block-paragraph\">Assim como destacou o azar da Proton, Kuratle admitiu que a sorte esteve ao lado dos demais hipercarros Porsche 963. \u201cA Ferrari teve melhor desempenho, depois veio Cadillac, nossas equipes-clientes e, ent\u00e3o, a Porsche Penske. Tivemos sorte, pois n\u00e3o t\u00ednhamos ritmo para superar a Ferrari, mas conseguimos. A Proton esteve incr\u00edvel, mas tiveram azar\u201d, finalizou.<\/p>\n\n\n\n<p class=\"wp-block-paragraph\">O&nbsp;<strong>Mundial de Endurance [WEC]<\/strong>&nbsp;retorna entre os dias&nbsp;<strong>12 e 16 de junho<\/strong>, quando ser\u00e1 realizada a quarta etapa da temporada, as lend\u00e1rias&nbsp;<strong>24 Horas de Le Mans<\/strong>, com&nbsp;<a href=\"https:\/\/formula1aovivo.com\/\" target=\"_blank\" rel=\"noreferrer noopener\">transmiss\u00e3o<\/a>&nbsp;do&nbsp;<strong>GRANDE PR\u00caMIO<\/strong>.<\/p>\n\n\n\n<p class=\"wp-block-paragraph\"><strong><img loading=\"lazy\" decoding=\"async\" width=\"20\" height=\"20\" src=\"https:\/\/i0.wp.com\/a.slack-edge.com\/production-standard-emoji-assets\/14.0\/google-medium\/25b6-fe0f.png?ssl=1\" alt=\":seta_para_frente:\">&nbsp;Inscreva-se nos dois canais do GRANDE PR\u00caMIO no YouTube:&nbsp;<a href=\"https:\/\/www.youtube.com\/channel\/UC9OlHEgxoaY6QY6nWPoiqQg?sub_confirmation=1\" target=\"_blank\" rel=\"noreferrer noopener\">GP<\/a>&nbsp;|&nbsp;<a href=\"https:\/\/www.youtube.com\/channel\/UC9csiS6q_C3C0FYhyr1rnFA?sub_confirmation=1\" target=\"_blank\" rel=\"noreferrer noopener\">GP2<\/a><\/strong><br><strong><img loading=\"lazy\" decoding=\"async\" width=\"20\" height=\"20\" src=\"https:\/\/i0.wp.com\/a.slack-edge.com\/production-standard-emoji-assets\/14.0\/google-medium\/25b6-fe0f.png?ssl=1\" alt=\":seta_para_frente:\">&nbsp;<a href=\"https:\/\/www.twitch.tv\/grandepremio\" target=\"_blank\" rel=\"noreferrer noopener\">Conhe\u00e7a o canal do GRANDE PR\u00caMIO na Twitch clicando aqui!<\/a><\/strong><\/p>\n\n\n\n<figure class=\"wp-block-embed is-type-video is-provider-youtube wp-block-embed-youtube wp-embed-aspect-16-9 wp-has-aspect-ratio\"><div class=\"wp-block-embed__wrapper\">\n<iframe loading=\"lazy\" title=\"WEC 2024 COM IMAGENS | 6H DE SPA-FRANCORCHAMPS | 3\u00aa etapa | Corrida\" width=\"500\" height=\"281\" src=\"https:\/\/www.youtube.com\/embed\/qCqV3zXes3Y?feature=oembed\" frameborder=\"0\" allow=\"accelerometer; autoplay; clipboard-write; encrypted-media; gyroscope; picture-in-picture; web-share\" referrerpolicy=\"strict-origin-when-cross-origin\" allowfullscreen><\/iframe>\n<\/div><\/figure>\n","protected":false},"excerpt":{"rendered":"<p>Marca alem\u00e3 \u00e9 a \u00fanica montadora com equipes-clientes na categoria dos hipercarros, fabricando tr\u00eas Porsche 963 para Jota e Proton<\/p>\n","protected":false},"author":0,"featured_media":1000812579,"comment_status":"closed","ping_status":"closed","sticky":false,"template":"","format":"standard","meta":{"42wp_featured_image_caption":"","42wp_featured_image_credits":"","42wp_featured_video":"","42wp_featured_image_hidden":false,"42wp_authors_list":[],"footnotes":""},"categories":[52],"tags":[20491,707,36399,36401,1848,36398,36400,427,207,1491,28285,28013,9048,26913,357,32068,736,35235,33679,37799,37800,356,29560,20453],"42wp_author":[47155],"class_list":["post-77848","post","type-post","status-publish","format-standard","has-post-thumbnail","hentry","category-wec","tag-alpine","tag-bmw","tag-calendario-mundial-de-endurance","tag-calendario-wec","tag-callum-ilott","tag-classificacao-mundial-de-endurance","tag-classificacao-wec","tag-endurance","tag-ferrari","tag-grande-premio","tag-grandepremio","tag-hypercar","tag-jota","tag-lmdh","tag-mundial-de-endurance","tag-mundial-de-endurance-2024","tag-porsche","tag-porsche-penske","tag-proton","tag-temporada-2024-do-mundial-de-endurance","tag-temporada-2024-do-wec","tag-wec","tag-wec-2024","tag-will-stevens","42wp_author-daniel-balsa"],"_links":{"self":[{"href":"https:\/\/grandepremio.com\/br\/wp-json\/wp\/v2\/posts\/77848","targetHints":{"allow":["GET"]}}],"collection":[{"href":"https:\/\/grandepremio.com\/br\/wp-json\/wp\/v2\/posts"}],"about":[{"href":"https:\/\/grandepremio.com\/br\/wp-json\/wp\/v2\/types\/post"}],"replies":[{"embeddable":true,"href":"https:\/\/grandepremio.com\/br\/wp-json\/wp\/v2\/comments?post=77848"}],"version-history":[{"count":0,"href":"https:\/\/grandepremio.com\/br\/wp-json\/wp\/v2\/posts\/77848\/revisions"}],"wp:featuredmedia":[{"embeddable":true,"href":"https:\/\/grandepremio.com\/br\/wp-json\/wp\/v2\/media\/1000812579"}],"wp:attachment":[{"href":"https:\/\/grandepremio.com\/br\/wp-json\/wp\/v2\/media?parent=77848"}],"wp:term":[{"taxonomy":"category","embeddable":true,"href":"https:\/\/grandepremio.com\/br\/wp-json\/wp\/v2\/categories?post=77848"},{"taxonomy":"post_tag","embeddable":true,"href":"https:\/\/grandepremio.com\/br\/wp-json\/wp\/v2\/tags?post=77848"},{"taxonomy":"42wp_author","embeddable":true,"href":"https:\/\/grandepremio.com\/br\/wp-json\/wp\/v2\/42wp_author?post=77848"}],"curies":[{"name":"wp","href":"https:\/\/api.w.org\/{rel}","templated":true}]}}