{"id":77911,"date":"2024-05-12T14:35:59","date_gmt":"2024-05-12T17:35:59","guid":{"rendered":"https:\/\/grandepremio.com\/br\/noticias\/lucas-di-grassi-revolta-zerado-ep-de-berlim-rival-roubou-recompensa\/"},"modified":"2024-05-13T11:14:13","modified_gmt":"2024-05-13T14:14:13","slug":"lucas-di-grassi-revolta-zerado-ep-de-berlim-rival-roubou-recompensa","status":"publish","type":"post","link":"https:\/\/grandepremio.com\/br\/formula-e\/lucas-di-grassi-revolta-zerado-ep-de-berlim-rival-roubou-recompensa\/","title":{"rendered":"Di Grassi se revolta ap\u00f3s sair zerado do eP de Berlim: &#8220;Rival roubou nossa recompensa&#8221;"},"content":{"rendered":"\n<p class=\"wp-block-paragraph\">Depois de finalizar o <strong><a href=\"https:\/\/www.youtube.com\/watch?v=_5nbHS_kTIg\" target=\"_blank\" rel=\"noreferrer noopener\">eP de Berlim 2<\/a><\/strong> da <strong>F\u00f3rmula E<\/strong> em <strong>11\u00ba lugar <\/strong>neste domingo (12), mais uma vez perto da zona de pontua\u00e7\u00e3o, <strong>Lucas Di Grassi <\/strong>deixou o Aeroporto de Tempelhof bastante irritado com a falta de pontos da <strong>ABT Cupra <\/strong>na etapa alem\u00e3. O inc\u00f4modo do brasileiro, entretanto, n\u00e3o tem a ver com o desempenho da equipe, mas com a falta de recompensa por uma evolu\u00e7\u00e3o do carro que j\u00e1 ficou clara no campeonato.<\/p>\n\n\n\n<p class=\"wp-block-paragraph\">Di Grassi, que foi acertado por <strong>Dan Ticktum<\/strong> quando caminhava para pontar na corrida 1, terminou em 11\u00ba na corrida 2 e saiu zerado de uma rodada dupla que indicava chances de pontuar. O brasileiro foi bem nas duas classifica\u00e7\u00f5es, mas sofreu com o azar durante as provas \u2014 principalmente na primeira \u2014 e n\u00e3o economizou nas palavras ao se dizer &#8220;roubado&#8221;.<\/p>\n\n\n\n<p class=\"wp-block-paragraph\">&#8220;Estamos trabalhando duro&#8221;, disse Di Grassi. &#8220;Estou muito feliz com nossa performance nos treinos livres e na classifica\u00e7\u00e3o. N\u00e3o estamos indo apenas para o pelot\u00e3o intermedi\u00e1rio, andamos tamb\u00e9m na frente&#8221;, elogiou.<\/p>\n\n\n\n<p class=\"wp-block-paragraph\">&#8220;Infelizmente, um rival roubou nossa merecida recompensa no s\u00e1bado e tamb\u00e9m ficamos fora dos pontos no domingo&#8221;, disparou. &#8220;Foi nosso quarto 11\u00ba lugar na temporada. Estamos no caminho certo, voltaremos a somar pontos em breve&#8221;, completou Di Grassi.<\/p>\n\n\n\n<figure class=\"wp-block-video\"><video class=\"video-js vjs-big-play-centered\" data-gp-vjs=\"1\" controls src=\"https:\/\/www.grandepremio.com\/br\/wp-content\/uploads\/2024\/05\/Acidente-Di-Grassi-Berlim.mp4\"><\/video><figcaption class=\"wp-element-caption\">Di Grassi foi abalroado por Ticktum durante corrida 1 da F\u00f3rmula E em Berlim (V\u00eddeo: GRANDE PR\u00caMIO)<\/figcaption><\/figure>\n\n\n\n<p class=\"wp-block-paragraph\">Ap\u00f3s a rodada dupla do eP de Berlim, Di Grassi \u00e9 o <strong>23\u00ba colocado <\/strong>do Mundial de Pilotos da F\u00f3rmula E, com <strong>um ponto <\/strong>conquistado. Apesar de contar com 22 titulares, a categoria tamb\u00e9m inclui os substitutos <strong>Taylor Barnard<\/strong>, <strong>Joel Eriksson<\/strong>, <strong>Kelvin van der Linde<\/strong>, <strong>Jordan<\/strong> <strong>King<\/strong> e <strong>Paul Aron <\/strong>na classifica\u00e7\u00e3o, o que eleva a tabela para <strong>27 <\/strong>pilotos.<\/p>\n\n\n\n<p class=\"wp-block-paragraph\">A pr\u00f3xima etapa da&nbsp;<a href=\"https:\/\/www.grandepremio.com\/br\/formula-e\/\" target=\"_blank\" rel=\"noreferrer noopener\">F\u00f3rmula E<\/a>&nbsp;acontece entre os dias 24 e 26 de maio, com o aguardado retorno da categoria \u00e0 China. Pela primeira vez na hist\u00f3ria, a prova ser\u00e1 disputada em Xangai. Todas as sess\u00f5es de pista ter\u00e3o&nbsp;<a href=\"https:\/\/formula1aovivo.com\/\" target=\"_blank\" rel=\"noreferrer noopener\">transmiss\u00e3o<\/a>&nbsp;<strong>AO VIVO e COM IMAGENS<\/strong>&nbsp;nos canais do&nbsp;<strong>GRANDE PR\u00caMIO<\/strong>&nbsp;no&nbsp;<strong><a href=\"https:\/\/www.youtube.com\/c\/GrandePremioTV\" target=\"_blank\" rel=\"noreferrer noopener\">YouTube<\/a><\/strong>&nbsp;e no&nbsp;<strong><a href=\"https:\/\/m.kwai.com\/user\/@grandepremio\" target=\"_blank\" rel=\"noreferrer noopener\">Kwai<\/a><\/strong>, assim como todo o restante da temporada.<\/p>\n\n\n\n<figure class=\"wp-block-image size-large\"><img decoding=\"async\" src=\"https:\/\/www.grandepremio.com\/br\/wp-content\/uploads\/2024\/05\/EPS1009_070133DSC_1006-2048x2048-1-1200x800.jpg\" alt=\"\" class=\"wp-image-811737\"\/><figcaption class=\"wp-element-caption\">Di Grassi tinha ritmo para pontuar em Berlim, mas sofreu com o azar (Foto: F\u00f3rmula E)<\/figcaption><\/figure>\n\n\n\n<p class=\"wp-block-paragraph\"><strong><img decoding=\"async\" src=\"https:\/\/s.w.org\/images\/core\/emoji\/14.0.0\/svg\/25b6.svg\" alt=\"\u25b6\ufe0f\" style=\"width: 20px;\">\u00a0Inscreva-se nos dois canais do GRANDE PR\u00caMIO no YouTube:\u00a0<a href=\"https:\/\/www.youtube.com\/channel\/UC9OlHEgxoaY6QY6nWPoiqQg?sub_confirmation=1\" target=\"_blank\" rel=\"noreferrer noopener\">GP<\/a>\u00a0|\u00a0<a href=\"https:\/\/www.youtube.com\/channel\/UC9csiS6q_C3C0FYhyr1rnFA?sub_confirmation=1\" target=\"_blank\" rel=\"noreferrer noopener\">GP2<\/a><\/strong><br><strong><img decoding=\"async\" src=\"https:\/\/s.w.org\/images\/core\/emoji\/14.0.0\/svg\/25b6.svg\" alt=\"\u25b6\ufe0f\" style=\"width: 20px;\">\u00a0<a href=\"https:\/\/www.twitch.tv\/grandepremio\" target=\"_blank\" rel=\"noreferrer noopener\">Conhe\u00e7a o canal do GRANDE PR\u00caMIO na Twitch clicando aqui!<\/a><\/strong><\/p>\n\n\n\n<figure class=\"wp-block-embed is-type-video is-provider-youtube wp-block-embed-youtube wp-embed-aspect-4-3 wp-has-aspect-ratio\"><div class=\"wp-block-embed__wrapper\">\n<iframe loading=\"lazy\" title=\"F\u00d3RMULA E 2024 COM IMAGENS | eP DE BERLIM | 10\u00aa etapa | Corrida\" width=\"500\" height=\"281\" src=\"https:\/\/www.youtube.com\/embed\/_5nbHS_kTIg?feature=oembed\" frameborder=\"0\" allow=\"accelerometer; autoplay; clipboard-write; encrypted-media; gyroscope; picture-in-picture; web-share\" referrerpolicy=\"strict-origin-when-cross-origin\" allowfullscreen><\/iframe>\n<\/div><\/figure>\n","protected":false},"excerpt":{"rendered":"<p>Lucas Di Grassi mostrou desempenho para pontuar em Berlim, mas foi abalroado por Dan Ticktum na corrida 1 e deixou a Alemanha revoltado com a falta de pontos da ABT Cupra<\/p>\n","protected":false},"author":0,"featured_media":1000812062,"comment_status":"closed","ping_status":"closed","sticky":false,"template":"","format":"standard","meta":{"42wp_featured_image_caption":"","42wp_featured_image_credits":"","42wp_featured_video":"","42wp_featured_image_hidden":false,"42wp_authors_list":[],"footnotes":""},"categories":[19],"tags":[33642,39342,33214,28679,6853,985,4981,36858,379,36881,840,35967,39341,1601,1491,30103,28285,966,36219,14976],"42wp_author":[47142],"class_list":["post-77911","post","type-post","status-publish","format-standard","has-post-thumbnail","hentry","category-formula-e","tag-abt-cupra","tag-berlin-eprix","tag-calendario-fe","tag-calendario-formula-e","tag-classificacao-formula-e","tag-dan-ticktum","tag-ep-de-berlim","tag-ert","tag-fe","tag-fe-2024","tag-formula-e","tag-formula-e-2024","tag-formula-e-berlin","tag-gen3","tag-grande-premio","tag-grande-premio-f1","tag-grandepremio","tag-lucas-di-grassi","tag-onde-assistir-formula-e","tag-rookie-test","42wp_author-jp-nascimento"],"_links":{"self":[{"href":"https:\/\/grandepremio.com\/br\/wp-json\/wp\/v2\/posts\/77911","targetHints":{"allow":["GET"]}}],"collection":[{"href":"https:\/\/grandepremio.com\/br\/wp-json\/wp\/v2\/posts"}],"about":[{"href":"https:\/\/grandepremio.com\/br\/wp-json\/wp\/v2\/types\/post"}],"replies":[{"embeddable":true,"href":"https:\/\/grandepremio.com\/br\/wp-json\/wp\/v2\/comments?post=77911"}],"version-history":[{"count":0,"href":"https:\/\/grandepremio.com\/br\/wp-json\/wp\/v2\/posts\/77911\/revisions"}],"wp:featuredmedia":[{"embeddable":true,"href":"https:\/\/grandepremio.com\/br\/wp-json\/wp\/v2\/media\/1000812062"}],"wp:attachment":[{"href":"https:\/\/grandepremio.com\/br\/wp-json\/wp\/v2\/media?parent=77911"}],"wp:term":[{"taxonomy":"category","embeddable":true,"href":"https:\/\/grandepremio.com\/br\/wp-json\/wp\/v2\/categories?post=77911"},{"taxonomy":"post_tag","embeddable":true,"href":"https:\/\/grandepremio.com\/br\/wp-json\/wp\/v2\/tags?post=77911"},{"taxonomy":"42wp_author","embeddable":true,"href":"https:\/\/grandepremio.com\/br\/wp-json\/wp\/v2\/42wp_author?post=77911"}],"curies":[{"name":"wp","href":"https:\/\/api.w.org\/{rel}","templated":true}]}}