{"id":78155,"date":"2024-05-10T12:47:22","date_gmt":"2024-05-10T15:47:22","guid":{"rendered":"https:\/\/grandepremio.com\/br\/noticias\/hector-garzo-supera-nicholas-spinelli-crava-pole-motoe-franca-eric-granado-3o\/"},"modified":"2024-05-10T12:58:30","modified_gmt":"2024-05-10T15:58:30","slug":"hector-garzo-supera-nicholas-spinelli-crava-pole-motoe-franca-eric-granado-3o","status":"publish","type":"post","link":"https:\/\/grandepremio.com\/br\/motogp\/hector-garzo-supera-nicholas-spinelli-crava-pole-motoe-franca-eric-granado-3o\/","title":{"rendered":"Garz\u00f3 supera Spinelli e crava pole da MotoE na Fran\u00e7a. Granado \u00e9 3\u00ba"},"content":{"rendered":"\n<p class=\"wp-block-paragraph\"><strong>Hector Garz\u00f3<\/strong> cravou a pole-position nesta sexta-feira (10) em <strong>Le Mans<\/strong>. O piloto da <strong>IntactGP<\/strong> bateu <strong>Nicholas Spinelli<\/strong> e larga na frente na segunda etapa da temporada 2024 da <strong>MotoE<\/strong> foi o \u00fanico a andar na casa dos 99s, com 1min39s995.<\/p>\n\n\n\n<p class=\"wp-block-paragraph\">O brasileiro <strong>Eric Granado<\/strong> fecha a primeira fila com o terceiro tempo, 1min40s126. Seu companheiro de <strong>LCR Honda<\/strong>, <strong>Mattia Casadei,<\/strong> ficou na quarta coloca\u00e7\u00e3o, 1min40s195. <strong>Oscar Gutierrez<\/strong> e <strong>Jordi Torres <\/strong>fecham os seis primeiros.<\/p>\n\n\n\n<p class=\"wp-block-paragraph\">A classifica\u00e7\u00e3o francesa teve um acidente impressionante ainda no Q1, com <strong>Alessio Finello<\/strong> caindo e sua moto acertando <strong>Kevin Zannoli<\/strong> nos segundos finais de atividade.<\/p>\n\n\n\n<p class=\"wp-block-paragraph\">A&nbsp;<strong>MotoE<\/strong> volta a acelerar neste s\u00e1bado (11) em <strong>Le Mans<\/strong>. O&nbsp;<strong>GRANDE PR\u00caMIO&nbsp;<\/strong>faz a cobertura completa do evento, assim como das outras classes do&nbsp;<strong>Mundial de&nbsp;<a href=\"https:\/\/www.grandepremio.com\/motovelocidade\/\" target=\"_blank\" rel=\"noreferrer noopener\">Motovelocidade<\/a><\/strong>&nbsp;durante todo o ano.<\/p>\n\n\n\n<figure class=\"wp-block-image size-large\"><img decoding=\"async\" src=\"https:\/\/www.grandepremio.com\/br\/wp-content\/uploads\/2024\/05\/gra-01-1200x800.jpg\" alt=\"\" class=\"wp-image-811414\"\/><figcaption class=\"wp-element-caption\">Eric Granado larga na primeira fila em Le Mans (Foto: LCR)<\/figcaption><\/figure>\n\n\n\n<p class=\"wp-block-paragraph\"><em><strong>Saiba como foi a classifica\u00e7\u00e3o em Le Mans:<\/strong><\/em><\/p>\n\n\n\n<p class=\"wp-block-paragraph\">Dez pilotos partiram para conquistar duas vagas para o Q2 na Fran\u00e7a: Marta Herrera, Chaz Davies, Andrea Mantovani, Matteo Ferrari, Kevin Zannoni, Kevin Manfredi, Mattia Casadei, Massimo Roccoli, Alessio Finello e Armando Pontone.<\/p>\n\n\n\n<p class=\"wp-block-paragraph\">Mantovani foi o primeiro a cravar tempo, 1min40s692, logo superado por Casadei, com 1min40s347. Na sequ\u00eancia, Manfredi encaixou-se na segunda coloca\u00e7\u00e3o, marcando 1min40s512. A briga era acirrada e logo, Andrea voltou a ficar entre os que avan\u00e7ariam ao Q2.<\/p>\n\n\n\n<p class=\"wp-block-paragraph\">Zannoni teve uma excelente performance e tomou a lideran\u00e7a do companheiro de Eric Granado, tempo de 1min40s091. A dois minutos do fim, a dupla \u00e9 quem se colocaria na disputa pela pole. N\u00e3o sem antes haver uma queda feia: um choque entre Zannoni e Finello encerrou a sess\u00e3o.<\/p>\n\n\n\n<figure class=\"wp-block-video\"><video class=\"video-js vjs-big-play-centered\" data-gp-vjs=\"1\" controls src=\"https:\/\/www.grandepremio.com\/br\/wp-content\/uploads\/2024\/05\/motoe-class-franca-finello-zannoni.mp4\"><\/video><figcaption class=\"wp-element-caption\">Alessio Finello perdeu o controle da moto e acertou Kevin Zannoni (V\u00eddeo: MotoE)<\/figcaption><\/figure>\n\n\n\n<p class=\"wp-block-paragraph\">O Q2 come\u00e7ou um pouco mais morno, mas Granado logo deu as caras na atividade, cravando 1min40s577 e despontando na lideran\u00e7a. Nicholas Spinelli viria logo a seguir, com 1min40s615 e segunda posi\u00e7\u00e3o.<\/p>\n\n\n\n<p class=\"wp-block-paragraph\">A quatro minutos do fim, H\u00e9ctor Garzo superou o brasileiro da LCR, baixando para a casa dos 99s, marcando 1min39s995. Spinelli tamb\u00e9m melhorou, 1min40s026. Por fim, pole-position para o representante da IntactGP, a primeira da temporada 2024 da categoria el\u00e9trica. <\/p>\n\n\n\n<p class=\"wp-block-paragraph\"><strong>Inscreva-se nos dois canais do\u00a0GRANDE PR\u00caMIO\u00a0no YouTube:\u00a0<a href=\"https:\/\/www.youtube.com\/channel\/UC9OlHEgxoaY6QY6nWPoiqQg?sub_confirmation=1\">GP<\/a>\u00a0|\u00a0<a href=\"https:\/\/www.youtube.com\/channel\/UC9csiS6q_C3C0FYhyr1rnFA?sub_confirmation=1\">GP2<\/a><br><a href=\"https:\/\/www.twitch.tv\/grandepremio\">Conhe\u00e7a o canal do\u00a0GRANDE PR\u00caMIO\u00a0na Twitch clicando aqui!<\/a><\/strong><\/p>\n\n\n\n<h2 class=\"wp-block-heading\" id=\"h-motoe-2024-gp-da-franca-le-mans-grid-de-largada\"><strong>MotoE 2024, GP da Fran\u00e7a, Le Mans, Grid de largada:<\/strong><\/h2>\n\n\n\n<figure class=\"wp-block-table\"><table><tbody><tr><td>1<\/td><td>H GARZ\u00d3<\/td><td>Intact GP<\/td><td>1:39.995<\/td><td>&nbsp;<\/td><\/tr><tr><td>2<\/td><td>N SPINELLI<\/td><td>Tech3<\/td><td>1:40.023<\/td><td>+0.028<\/td><\/tr><tr><td>3<\/td><td>E GRANADO<\/td><td>LCR<\/td><td>1:40.126<\/td><td>+0.131<\/td><\/tr><tr><td>4<\/td><td>M CASADEI<\/td><td>LCR<\/td><td>1:40.195<\/td><td>+0.200<\/td><\/tr><tr><td>5<\/td><td>O GUTIERREZ<\/td><td>MSi<\/td><td>1:40.301<\/td><td>+0.306<\/td><\/tr><tr><td>6<\/td><td>J TORRES<\/td><td>Aspar<\/td><td>1:40.307<\/td><td>+0.312<\/td><\/tr><tr><td>7<\/td><td>A ZACCONE<\/td><td>Tech3<\/td><td>1:40.316<\/td><td>+0.321<\/td><\/tr><tr><td>8<\/td><td>M PONS<\/td><td>MSi<\/td><td>1:40.600<\/td><td>+0.605<\/td><\/tr><tr><td>9<\/td><td>L TULOVIC<\/td><td>Intact GP<\/td><td>1:40.841<\/td><td>+0.846<\/td><\/tr><tr><td>10<\/td><td>K ZANNONI<\/td><td>Aspar<\/td><td>&nbsp;<\/td><td>#######<\/td><\/tr><tr><td>11<\/td><td>A MANTOVANI<\/td><td>Forward<\/td><td>1:40.374<\/td><td>+0.379<\/td><\/tr><tr><td>12<\/td><td>A FINELLO<\/td><td>Gresini<\/td><td>1:40.393<\/td><td>+0.398<\/td><\/tr><tr><td>13<\/td><td>K MANFREDI<\/td><td>Sic58<\/td><td>1:40.512<\/td><td>+0.517<\/td><\/tr><tr><td>14<\/td><td>M FERRARI<\/td><td>Gresini<\/td><td>1:40.647<\/td><td>+0.652<\/td><\/tr><tr><td>15<\/td><td>M ROCCOLI<\/td><td>Sic58<\/td><td>1:40.935<\/td><td>+0.940<\/td><\/tr><tr><td>16<\/td><td>C DAVIES<\/td><td>Aruba Cloud<\/td><td>1:41.642<\/td><td>+1.647<\/td><\/tr><tr><td>17<\/td><td>M HERRERA<\/td><td>Forward<\/td><td>1:42.461<\/td><td>+2.466<\/td><\/tr><tr><td>18<\/td><td>A PONTONE<\/td><td>Aruba Cloud<\/td><td>1:42.488<\/td><td>+2.493<\/td><\/tr><\/tbody><\/table><\/figure>\n\n\n\n<figure class=\"wp-block-embed is-type-video is-provider-youtube wp-block-embed-youtube wp-embed-aspect-16-9 wp-has-aspect-ratio\"><div class=\"wp-block-embed__wrapper\">\n<iframe loading=\"lazy\" title=\"MOTOGP altera REGULAMENTO e fica mais ATRAENTE para entrada de montadoras em 2027 | GP \u00e0s 10\" width=\"500\" height=\"281\" src=\"https:\/\/www.youtube.com\/embed\/4S78BAcZcVY?start=12&amp;feature=oembed\" frameborder=\"0\" allow=\"accelerometer; autoplay; clipboard-write; encrypted-media; gyroscope; picture-in-picture; web-share\" referrerpolicy=\"strict-origin-when-cross-origin\" allowfullscreen><\/iframe>\n<\/div><\/figure>\n","protected":false},"excerpt":{"rendered":"<p>Espanhol da IntactGP juntou for\u00e7as nos minutos finais da classifica\u00e7\u00e3o e cravou a primeira pole em 2024. Eric Granado fechou em terceiro em Le Mans<\/p>\n","protected":false},"author":0,"featured_media":1000811411,"comment_status":"closed","ping_status":"closed","sticky":false,"template":"","format":"standard","meta":{"42wp_featured_image_caption":"","42wp_featured_image_credits":"","42wp_featured_video":"","42wp_featured_image_hidden":false,"42wp_authors_list":[],"footnotes":""},"categories":[8],"tags":[25056,31628,286,24979,25050,1491,28285,38826,1208,280,847,38825,38824],"42wp_author":[47128],"class_list":["post-78155","post","type-post","status-publish","format-standard","has-post-thumbnail","hentry","category-motogp","tag-calendario-motoe","tag-classificacao-motoe","tag-eric-granado","tag-franca","tag-gp-da-franca","tag-grande-premio","tag-grandepremio","tag-horarios-motoe","tag-le-mans","tag-motoe","tag-mundial-de-motovelocidade","tag-onde-assistir-motoe","tag-temporada-2024-da-motoe","42wp_author-guilherme-bloisi"],"_links":{"self":[{"href":"https:\/\/grandepremio.com\/br\/wp-json\/wp\/v2\/posts\/78155","targetHints":{"allow":["GET"]}}],"collection":[{"href":"https:\/\/grandepremio.com\/br\/wp-json\/wp\/v2\/posts"}],"about":[{"href":"https:\/\/grandepremio.com\/br\/wp-json\/wp\/v2\/types\/post"}],"replies":[{"embeddable":true,"href":"https:\/\/grandepremio.com\/br\/wp-json\/wp\/v2\/comments?post=78155"}],"version-history":[{"count":0,"href":"https:\/\/grandepremio.com\/br\/wp-json\/wp\/v2\/posts\/78155\/revisions"}],"wp:featuredmedia":[{"embeddable":true,"href":"https:\/\/grandepremio.com\/br\/wp-json\/wp\/v2\/media\/1000811411"}],"wp:attachment":[{"href":"https:\/\/grandepremio.com\/br\/wp-json\/wp\/v2\/media?parent=78155"}],"wp:term":[{"taxonomy":"category","embeddable":true,"href":"https:\/\/grandepremio.com\/br\/wp-json\/wp\/v2\/categories?post=78155"},{"taxonomy":"post_tag","embeddable":true,"href":"https:\/\/grandepremio.com\/br\/wp-json\/wp\/v2\/tags?post=78155"},{"taxonomy":"42wp_author","embeddable":true,"href":"https:\/\/grandepremio.com\/br\/wp-json\/wp\/v2\/42wp_author?post=78155"}],"curies":[{"name":"wp","href":"https:\/\/api.w.org\/{rel}","templated":true}]}}