{"id":78240,"date":"2024-05-09T15:23:40","date_gmt":"2024-05-09T18:23:40","guid":{"rendered":"https:\/\/grandepremio.com\/br\/noticias\/diretor-tecnico-f2-testes-barcelona-fim-entendimento-novo-carro\/"},"modified":"2024-05-09T15:33:24","modified_gmt":"2024-05-09T18:33:24","slug":"diretor-tecnico-f2-testes-barcelona-fim-entendimento-novo-carro","status":"publish","type":"post","link":"https:\/\/grandepremio.com\/br\/f2\/diretor-tecnico-f2-testes-barcelona-fim-entendimento-novo-carro\/","title":{"rendered":"Diretor-t\u00e9cnico da F2 v\u00ea testes de Barcelona como &#8220;fim do entendimento sobre novo carro&#8221;"},"content":{"rendered":"\n<p class=\"wp-block-paragraph\">Os testes coletivos realizados em <strong>Barcelona<\/strong> h\u00e1 duas semanas colocaram um fim na fase de aprendizado das equipes da <strong>F\u00f3rmula 2<\/strong> quanto ao entendimento do novo carro. Esta \u00e9 a an\u00e1lise o diretor-t\u00e9cnico da categoria, <strong>Pierre-Alain Michot<\/strong>, ressaltando ainda que a busca pelo desempenho &#8220;est\u00e1 indo na dire\u00e7\u00e3o certa&#8221;.<\/p>\n\n\n\n<p class=\"wp-block-paragraph\">Foram tr\u00eas dias de atividades no circuito da <strong>Catalunha <\/strong>com turnos pela manh\u00e3 e \u00e0 tarde. No primeiro, <strong>Gabriel Bortoleto<\/strong> <a href=\"https:\/\/www.grandepremio.com\/br\/f2\/noticias\/gabriel-bortoleto-desbanca-jak-crawford-lidera-dia-1-testes-formula-2-barcelona\/\">foi o mais r\u00e1pido<\/a> com a <strong>Invicta<\/strong>, <a href=\"https:\/\/www.grandepremio.com\/br\/f2\/noticias\/isack-hadjar-lidera-1-2-campos-dia-3-testes-formula-2-barcelona\/\">enquanto os pilotos da <strong>Campos<\/strong><\/a><strong> <\/strong>comandaram dias 2 e 3, com<strong> Josep Mar\u00eda Mart\u00ed<\/strong> e <strong>Isack Hadjar<\/strong>, respectivamente.<\/p>\n\n\n\n<p class=\"wp-block-paragraph\">As sess\u00f5es aconteceram no longo intervalo entre as rodadas da <strong>Austr\u00e1lia<\/strong>, \u00faltima realizada at\u00e9 ent\u00e3o, e <strong>Em\u00edlia-Romanha<\/strong>, que acontece no pr\u00f3ximo final de semana, em <strong>\u00cdmola<\/strong>. Diferente do que aconteceu no <strong>Bahrein<\/strong>, na pr\u00e9-temporada, as equipes puderam estudar os dados coletados na pr\u00e1tica nas seis corridas j\u00e1 disputadas.<\/p>\n\n\n\n<p class=\"wp-block-paragraph\">Michot explicou ao site oficial da F2 que &#8220;o novo carro tem a mesma geometria traseira do carro anterior, mas a frente mudou bastante&#8221;. &#8220;Al\u00e9m disso, por conta do novo requisito aerodin\u00e2mico, as equipes t\u00eam um pouco mais a entender em termos de como o carro se comporta linkado ao novo pacote, com o visual da F1&#8221;, salientou.<\/p>\n\n\n\n<figure class=\"wp-block-image size-large\"><img decoding=\"async\" src=\"https:\/\/www.grandepremio.com\/br\/wp-content\/uploads\/2024\/04\/pepe-marti-1024x683.jpg\" alt=\"\" class=\"wp-image-805394\"\/><figcaption class=\"wp-element-caption\">Pepe Mart\u00ed foi o mais r\u00e1pido do dia 2 de testes da F2 em Barcelona (Foto: Getty Images)<\/figcaption><\/figure>\n\n\n\n<p class=\"wp-block-paragraph\">&#8220;Pode ser algo mais complicado para alguns pilotos se acostumarem e para algumas equipes encontrarem um bom acerto para explorar o melhor do carro. Essa \u00e9 a principal raz\u00e3o para algumas diferen\u00e7as de performances este ano&#8221;, completou.<\/p>\n\n\n\n<p class=\"wp-block-paragraph\">Ao todo, foram mais de 4 mil voltas completadas em Barcelona \u2014 teste &#8220;mais importante que os do Bahrein&#8221;, na vis\u00e3o do diretor. &#8220;As equipes t\u00eam todos os dados das tr\u00eas primeiras rodadas, juntamente com os da pr\u00e9-temporada. Em Sakhir, foi a primeira vez que puderam realmente compreender o comportamento do carro.&#8221;<\/p>\n\n\n\n<p class=\"wp-block-paragraph\">&#8220;Elas agora conseguiram trabalhar no carro nas tr\u00eas primeiras rodadas, usando corretamente os dados que coletaram at\u00e9 agora e vieram para Barcelona com o intuito de entender melhor o que est\u00e1 certo e talvez o que n\u00e3o esteja na temporada. S\u00e3o muito mais dados para trabalhar agora no que diz respeito \u00e0 compreens\u00e3o do carro, executando ideias que poder\u00e3o ser exploradas na pista&#8221;, frisou.<\/p>\n\n\n\n<p class=\"wp-block-paragraph\">&#8220;Talvez elas quisessem explorar algumas maneiras diferentes de trabalhar ou apenas ajustar o que j\u00e1 descobriram e acabou sendo eficiente. \u00c9 por isso que esse teste feito durante a temporada foi t\u00e3o importante, porque \u00e9 o fim da compreens\u00e3o do novo carro&#8221;, completou Michot.<\/p>\n\n\n\n<p class=\"wp-block-paragraph\">O diretor-t\u00e9cnico tamb\u00e9m enfatizou que os tempos de volta obtidos pelos pilotos com o carro novo comparados com os do ano passado mostram que &#8220;estamos indo na dire\u00e7\u00e3o que quer\u00edamos&#8221;. &#8220;Todos est\u00e3o tentando entender como funciona o novo beb\u00ea, e, para isso, ter dados do in\u00edcio do campeonato \u00e9 muito importante&#8221;, concluiu.<\/p>\n\n\n\n<p class=\"wp-block-paragraph\">A<strong>\u00a0<a href=\"https:\/\/www.grandepremio.com\/br\/f2\/\" target=\"_blank\" rel=\"noreferrer noopener\"><\/a><a href=\"https:\/\/www.grandepremio.com\/br\/f2\/\" target=\"_blank\" rel=\"noreferrer noopener\">F\u00f3rmula 2<\/a>\u00a0<\/strong>retorna em maio, dos dias\u00a0<strong>17 a 19<\/strong>, com a rodada da\u00a0<strong>Em\u00edlia-<a href=\"https:\/\/www.grandepremio.com\/br\/circuito\/roma\/\" target=\"_blank\" rel=\"noreferrer noopener\">Roma<\/a>nha<\/strong>, a primeira da perna europeia da competi\u00e7\u00e3o.<\/p>\n\n\n\n<p class=\"wp-block-paragraph\"><strong><img decoding=\"async\" src=\"https:\/\/a.slack-edge.com\/production-standard-emoji-assets\/14.0\/google-medium\/25b6-fe0f.png\" alt=\":seta_para_frente:\">&nbsp;Inscreva-se nos dois canais do GRANDE PR\u00caMIO no YouTube:&nbsp;<a href=\"https:\/\/www.youtube.com\/channel\/UC9OlHEgxoaY6QY6nWPoiqQg?sub_confirmation=1\" target=\"_blank\" rel=\"noreferrer noopener\">GP<\/a>&nbsp;|&nbsp;<a href=\"https:\/\/www.youtube.com\/channel\/UC9csiS6q_C3C0FYhyr1rnFA?sub_confirmation=1\" target=\"_blank\" rel=\"noreferrer noopener\">GP2<\/a><\/strong><br><strong><img decoding=\"async\" src=\"https:\/\/a.slack-edge.com\/production-standard-emoji-assets\/14.0\/google-medium\/25b6-fe0f.png\" alt=\":seta_para_frente:\">&nbsp;<a href=\"https:\/\/www.twitch.tv\/grandepremio\" target=\"_blank\" rel=\"noreferrer noopener\">Conhe\u00e7a o canal do GRANDE PR\u00caMIO na Twitch clicando aqui!<\/a><\/strong><\/p>\n\n\n\n<figure class=\"wp-block-embed is-type-video is-provider-youtube wp-block-embed-youtube wp-embed-aspect-16-9 wp-has-aspect-ratio\"><div class=\"wp-block-embed__wrapper\">\n<iframe loading=\"lazy\" title=\"MERCEDES subir ANTONELLI para F1 em 2024 passa mensagem ERRADA sobre F2 | GP \u00e0s 10\" width=\"500\" height=\"281\" src=\"https:\/\/www.youtube.com\/embed\/64PMOIwJwkA?feature=oembed\" frameborder=\"0\" allow=\"accelerometer; autoplay; clipboard-write; encrypted-media; gyroscope; picture-in-picture; web-share\" referrerpolicy=\"strict-origin-when-cross-origin\" allowfullscreen><\/iframe>\n<\/div><\/figure>\n","protected":false},"excerpt":{"rendered":"<p>Os testes em Barcelona foram cruciais para o resto do ano, na vis\u00e3o de Pierre-Alain Michot, j\u00e1 que as equipes puderam trabalhar com os dados da pr\u00e9-temporada e tamb\u00e9m das primeiras rodadas<\/p>\n","protected":false},"author":0,"featured_media":1000796179,"comment_status":"closed","ping_status":"closed","sticky":false,"template":"","format":"standard","meta":{"42wp_featured_image_caption":"","42wp_featured_image_credits":"","42wp_featured_video":"","42wp_featured_image_hidden":false,"42wp_authors_list":[],"footnotes":""},"categories":[9],"tags":[29654,30246,111,32189,2208,35969,350,1491,28285,35029,28104,33971,35030,32190,30588],"42wp_author":[47147],"class_list":["post-78240","post","type-post","status-publish","format-standard","has-post-thumbnail","hentry","category-f2","tag-calendario-f2","tag-classificacao-f2","tag-f2","tag-f2-2024","tag-formula-2","tag-formula-2-2024","tag-gabriel-bortoleto","tag-grande-premio","tag-grandepremio","tag-horarios-f2","tag-isack-hadjar","tag-josep-maria-marti","tag-onde-assistir-f2","tag-temporada-2024-f2","tag-testes-barcelona","42wp_author-luana-marino"],"_links":{"self":[{"href":"https:\/\/grandepremio.com\/br\/wp-json\/wp\/v2\/posts\/78240","targetHints":{"allow":["GET"]}}],"collection":[{"href":"https:\/\/grandepremio.com\/br\/wp-json\/wp\/v2\/posts"}],"about":[{"href":"https:\/\/grandepremio.com\/br\/wp-json\/wp\/v2\/types\/post"}],"replies":[{"embeddable":true,"href":"https:\/\/grandepremio.com\/br\/wp-json\/wp\/v2\/comments?post=78240"}],"version-history":[{"count":0,"href":"https:\/\/grandepremio.com\/br\/wp-json\/wp\/v2\/posts\/78240\/revisions"}],"wp:featuredmedia":[{"embeddable":true,"href":"https:\/\/grandepremio.com\/br\/wp-json\/wp\/v2\/media\/1000796179"}],"wp:attachment":[{"href":"https:\/\/grandepremio.com\/br\/wp-json\/wp\/v2\/media?parent=78240"}],"wp:term":[{"taxonomy":"category","embeddable":true,"href":"https:\/\/grandepremio.com\/br\/wp-json\/wp\/v2\/categories?post=78240"},{"taxonomy":"post_tag","embeddable":true,"href":"https:\/\/grandepremio.com\/br\/wp-json\/wp\/v2\/tags?post=78240"},{"taxonomy":"42wp_author","embeddable":true,"href":"https:\/\/grandepremio.com\/br\/wp-json\/wp\/v2\/42wp_author?post=78240"}],"curies":[{"name":"wp","href":"https:\/\/api.w.org\/{rel}","templated":true}]}}