{"id":78248,"date":"2024-05-09T14:50:17","date_gmt":"2024-05-09T17:50:17","guid":{"rendered":"https:\/\/grandepremio.com\/br\/noticias\/ceo-f2-diz-lidar-pressao-pode-ser-grande-trunfo-andrea-kimi-antonelli\/"},"modified":"2024-05-09T14:54:41","modified_gmt":"2024-05-09T17:54:41","slug":"ceo-f2-diz-lidar-pressao-pode-ser-grande-trunfo-andrea-kimi-antonelli","status":"publish","type":"post","link":"https:\/\/grandepremio.com\/br\/f2\/ceo-f2-diz-lidar-pressao-pode-ser-grande-trunfo-andrea-kimi-antonelli\/","title":{"rendered":"CEO da F2 diz que &#8220;lidar com press\u00e3o&#8221; pode ser &#8220;grande trunfo&#8221; para Antonelli"},"content":{"rendered":"\n<p class=\"wp-block-paragraph\">Embora esteja fazendo a sua temporada de estreia na <strong>F\u00f3rmula 2<\/strong>, <strong>Andrea Kimi Antonelli<\/strong> j\u00e1 teve seu nome ligado \u00e0 uma poss\u00edvel vaga na <strong>Williams<\/strong> ainda em 2024, al\u00e9m de ser visto pela <strong>Mercedes<\/strong> como um dos poss\u00edveis candidatos para substituir <strong>Lewis Hamilton<\/strong> no ano que vem. CEO da principal categoria de acesso, <strong>Bruno Michel<\/strong> falou sobre as expectativas depositadas em cima do italiano, e disse que ser\u00e1 um &#8220;grande trunfo&#8221; para a carreira do jovem de 17 anos se ele conseguir lidar com essa press\u00e3o.<\/p>\n\n\n\n<p class=\"wp-block-paragraph\">Ap\u00f3s se sagrar campe\u00e3o da <strong>FRECA<\/strong> em 2023, o time comandado por <strong>Toto Wolff<\/strong> resolveu colocar o pupilo diretamente na <strong>F2<\/strong>, pulando a <strong>F\u00f3rmula 3<\/strong>, que seria o caminho natural para qualquer piloto. Com tr\u00eas etapas realizadas at\u00e9 aqui, Antonelli <a href=\"https:\/\/www.grandepremio.com\/br\/f2\/classificacao\">somou 24 pontos e ocupa a nona posi\u00e7\u00e3o no certame<\/a>, ficando abaixo das expectativas que muitos depositaram nele, embora a <strong>Prema<\/strong> tamb\u00e9m n\u00e3o tenha come\u00e7ado o ano com o p\u00e9 direito.<\/p>\n\n\n\n<p class=\"wp-block-paragraph\">De qualquer forma, surpreendido pelo <a href=\"https:\/\/www.grandepremio.com\/br\/f1\/noticias\/lewis-hamilton-sacramenta-fim-era-f1-troca-mercedes-por-ferrari-2025\/\">an\u00fancio inesperado da sa\u00edda de Hamilton<\/a> para a <strong>Ferrari<\/strong> em 2025, Wolff tem cogitado seriamente escolher o italiano para formar dupla com <strong>George Russell<\/strong>. O primeiro passo, no entanto, seria <a href=\"https:\/\/www.grandepremio.com\/br\/f1\/noticias\/williams-despista-sobre-andrea-kimi-antonelli-lugar-logan-sargeant-nao-ha-nada-no-radar\/\">passar por um per\u00edodo de aprendizagem na<\/a> <strong>Williams<\/strong>, ocupando a vaga de <strong>Logan Sargeant<\/strong>, j\u00e1 que o mesmo est\u00e1 cada vez mais pr\u00f3ximo de deixar a <strong>F\u00f3rmula 1<\/strong>. Kimi, inclusive, j\u00e1 <a href=\"https:\/\/www.grandepremio.com\/br\/f1\/noticias\/andrea-kimi-antonelli-impressiona-mercedes-teste-particular-problematico-w13-imola\/\">participou de alguns testes<\/a> com os carros da Mercedes de 2021 e 2022 \u2014 <strong>W12<\/strong> e <strong>W13<\/strong>, respectivamente.<\/p>\n\n\n\n<p class=\"wp-block-paragraph\">Em conversa com o portal neerland\u00eas <em>RacingNews365<\/em>, Michel deu sua opini\u00e3o sobre os \u00faltimos rumores envolvendo Antonelli. &#8220;\u00c9 bom por um lado e \u00e9 uma press\u00e3o adicional por outro, mas acho que tamb\u00e9m faz parte do seu processo de aprendizagem&#8221;, disse o dirigente, citando os muitos holofotes que est\u00e3o em cima do companheiro de equipe de <strong>Oliver Bearman<\/strong>.<\/p>\n\n\n\n<figure class=\"wp-block-image size-large\"><img decoding=\"async\" src=\"https:\/\/www.grandepremio.com\/br\/wp-content\/uploads\/2024\/03\/Andrea-Kimi-Antonelli-Australia4-1024x683.jpg\" alt=\"\" class=\"wp-image-794078\"\/><figcaption class=\"wp-element-caption\">Andrea Kimi Antonelli saltou da FRECA direto para a F2 em 2024 (Foto: Prema)<\/figcaption><\/figure>\n\n\n\n<p class=\"wp-block-paragraph\"><strong><img decoding=\"async\" src=\"https:\/\/a.slack-edge.com\/production-standard-emoji-assets\/14.0\/google-medium\/25b6-fe0f.png\" alt=\":seta_para_frente:\">&nbsp;Inscreva-se nos dois canais do GRANDE PR\u00caMIO no YouTube:&nbsp;<a href=\"https:\/\/www.youtube.com\/channel\/UC9OlHEgxoaY6QY6nWPoiqQg?sub_confirmation=1\" target=\"_blank\" rel=\"noreferrer noopener\">GP<\/a>&nbsp;|&nbsp;<a href=\"https:\/\/www.youtube.com\/channel\/UC9csiS6q_C3C0FYhyr1rnFA?sub_confirmation=1\" target=\"_blank\" rel=\"noreferrer noopener\">GP2<\/a><\/strong><br><strong><img decoding=\"async\" src=\"https:\/\/a.slack-edge.com\/production-standard-emoji-assets\/14.0\/google-medium\/25b6-fe0f.png\" alt=\":seta_para_frente:\">&nbsp;<a href=\"https:\/\/www.twitch.tv\/grandepremio\" target=\"_blank\" rel=\"noreferrer noopener\">Conhe\u00e7a o canal do GRANDE PR\u00caMIO na Twitch clicando aqui!<\/a><\/strong><\/p>\n\n\n\n<p class=\"wp-block-paragraph\">&#8220;\u00c0s vezes, ele provavelmente esperaria ser um pouco mais esquecido, mas n\u00e3o \u00e9 isso que acontece. Faz parte do jogo e ele tem de lidar com isso. Se ele conseguir lidar da maneira certa, com certeza \u00e9 um grande trunfo para ele no futuro&#8221;, continuou.<\/p>\n\n\n\n<p class=\"wp-block-paragraph\">De acordo com Bruno, a pr\u00f3pria F2 vem recebendo mais aten\u00e7\u00e3o nesta temporada por causa da presen\u00e7a de v\u00e1rios pilotos talentosos, e, como consequ\u00eancia, todos esperam que Antonelli entregue bons resultados. &#8220;\u00c9 sempre bom quando temos pilotos chegando [na F2 e F3] com muitas expectativas, e as pessoas est\u00e3o olhando para isso e colocando muita esperan\u00e7a nele&#8221;, revelou.<\/p>\n\n\n\n<p class=\"wp-block-paragraph\">&#8220;Acho que \u00e9 importante, e, obviamente, Kimi \u00e9 muito talentoso, n\u00e3o h\u00e1 d\u00favidas quanto a isso&#8221;, destacou Michel, que tamb\u00e9m n\u00e3o gostaria de ver os jovens sofrendo com tanta press\u00e3o, embora entenda que seja algo natural do esporte.<\/p>\n\n\n\n<p class=\"wp-block-paragraph\">&#8220;Mas acho importante tamb\u00e9m deixar o piloto se desenvolvendo sem colocar nenhuma press\u00e3o externa sobre ele \u2014 o que sabemos que \u00e9 muito te\u00f3rico, porque no final das contas, estamos em um esporte muito ampliado, e mesmo que n\u00e3o sejamos a <strong>F1<\/strong>, ainda somos grandes. Ent\u00e3o, sim, Kimi tem de lidar com isso&#8221;, finalizou o CEO da F2.<\/p>\n\n\n\n<p class=\"wp-block-paragraph\">A<strong>\u00a0<a href=\"https:\/\/www.grandepremio.com\/br\/f2\/\" target=\"_blank\" rel=\"noreferrer noopener\"><\/a><a href=\"https:\/\/www.grandepremio.com\/br\/f2\/\" target=\"_blank\" rel=\"noreferrer noopener\">F\u00f3rmula 2<\/a>\u00a0<\/strong>retorna em maio, dos dias\u00a0<strong>17 a 19<\/strong>, com a rodada da\u00a0<strong>Em\u00edlia-<a href=\"https:\/\/www.grandepremio.com\/br\/circuito\/roma\/\" target=\"_blank\" rel=\"noreferrer noopener\">Roma<\/a>nha<\/strong>, a primeira da perna europeia da competi\u00e7\u00e3o.<\/p>\n\n\n\n<figure class=\"wp-block-embed is-type-video is-provider-youtube wp-block-embed-youtube wp-embed-aspect-16-9 wp-has-aspect-ratio\"><div class=\"wp-block-embed__wrapper\">\n<iframe loading=\"lazy\" title=\"MERCEDES subir ANTONELLI para F1 em 2024 passa mensagem ERRADA sobre F2 | GP \u00e0s 10\" width=\"500\" height=\"281\" src=\"https:\/\/www.youtube.com\/embed\/64PMOIwJwkA?feature=oembed\" frameborder=\"0\" allow=\"accelerometer; autoplay; clipboard-write; encrypted-media; gyroscope; picture-in-picture; web-share\" referrerpolicy=\"strict-origin-when-cross-origin\" allowfullscreen><\/iframe>\n<\/div><\/figure>\n","protected":false},"excerpt":{"rendered":"<p>De acordo com Bruno Michel, Andrea Kimi Antonelli \u00e9 &#8220;muito talentoso&#8221; e, por isso, precisa &#8220;aprender a lidar com a press\u00e3o&#8221; de ser cogitado para uma vaga na F\u00f3rmula 1<\/p>\n","protected":false},"author":0,"featured_media":1000801730,"comment_status":"closed","ping_status":"closed","sticky":false,"template":"","format":"standard","meta":{"42wp_featured_image_caption":"","42wp_featured_image_credits":"","42wp_featured_video":"","42wp_featured_image_hidden":false,"42wp_authors_list":[],"footnotes":""},"categories":[9],"tags":[27861,934,29654,30246,111,32189,2208,35969,1491,28285,35029,82,35030,349,32190,215],"42wp_author":[47160],"class_list":["post-78248","post","type-post","status-publish","format-standard","has-post-thumbnail","hentry","category-f2","tag-andrea-kimi-antonelli","tag-bruno-michel","tag-calendario-f2","tag-classificacao-f2","tag-f2","tag-f2-2024","tag-formula-2","tag-formula-2-2024","tag-grande-premio","tag-grandepremio","tag-horarios-f2","tag-mercedes","tag-onde-assistir-f2","tag-prema","tag-temporada-2024-f2","tag-williams","42wp_author-vicente-soella"],"_links":{"self":[{"href":"https:\/\/grandepremio.com\/br\/wp-json\/wp\/v2\/posts\/78248","targetHints":{"allow":["GET"]}}],"collection":[{"href":"https:\/\/grandepremio.com\/br\/wp-json\/wp\/v2\/posts"}],"about":[{"href":"https:\/\/grandepremio.com\/br\/wp-json\/wp\/v2\/types\/post"}],"replies":[{"embeddable":true,"href":"https:\/\/grandepremio.com\/br\/wp-json\/wp\/v2\/comments?post=78248"}],"version-history":[{"count":0,"href":"https:\/\/grandepremio.com\/br\/wp-json\/wp\/v2\/posts\/78248\/revisions"}],"wp:featuredmedia":[{"embeddable":true,"href":"https:\/\/grandepremio.com\/br\/wp-json\/wp\/v2\/media\/1000801730"}],"wp:attachment":[{"href":"https:\/\/grandepremio.com\/br\/wp-json\/wp\/v2\/media?parent=78248"}],"wp:term":[{"taxonomy":"category","embeddable":true,"href":"https:\/\/grandepremio.com\/br\/wp-json\/wp\/v2\/categories?post=78248"},{"taxonomy":"post_tag","embeddable":true,"href":"https:\/\/grandepremio.com\/br\/wp-json\/wp\/v2\/tags?post=78248"},{"taxonomy":"42wp_author","embeddable":true,"href":"https:\/\/grandepremio.com\/br\/wp-json\/wp\/v2\/42wp_author?post=78248"}],"curies":[{"name":"wp","href":"https:\/\/api.w.org\/{rel}","templated":true}]}}