{"id":78316,"date":"2024-05-09T09:47:41","date_gmt":"2024-05-09T12:47:41","guid":{"rendered":"https:\/\/grandepremio.com\/br\/noticias\/andretti-renova-acordo-continua-equipe-cliente-porsche-formula-e-2026\/"},"modified":"2024-05-10T17:28:17","modified_gmt":"2024-05-10T20:28:17","slug":"andretti-renova-acordo-continua-equipe-cliente-porsche-formula-e-2026","status":"publish","type":"post","link":"https:\/\/grandepremio.com\/br\/formula-e\/andretti-renova-acordo-continua-equipe-cliente-porsche-formula-e-2026\/","title":{"rendered":"Andretti renova acordo e continua como equipe cliente da Porsche at\u00e9 12\u00aa temporada"},"content":{"rendered":"\n<p class=\"wp-block-paragraph\">\u00c9 semana de corridas da <strong><a href=\"https:\/\/www.grandepremio.com\/br\/formula-e\/\">F\u00f3rmula E<\/a><\/strong>, a rodada dupla do <strong>eP de Berlim<\/strong>, no aeroporto desativado de <strong>Tempelhof<\/strong>. Antes que os carros v\u00e3o \u00e0 pista, contudo, tamb\u00e9m \u00e9 tempo de an\u00fancio: <strong>Andretti<\/strong> e <strong>Porsche<\/strong> chegaram a acordo e continuar\u00e3o como parceiras na categoria ao menos por mais duas temporada, at\u00e9 o fim da 12\u00aa temporada da categoria, em 2026. A equipe de origem estadunidense vai continuar a utilizar trens de for\u00e7a da companhia alem\u00e3.<\/p>\n\n\n\n<p class=\"wp-block-paragraph\">A Andretti acertou para ser equipe cliente e trabalhar junto \u00e0 Porsche para o come\u00e7o da temporada passada, para abrir a era Gen3. Logo no primeiro ano da parceria, <strong>Jake Dennis<\/strong> <strong><a href=\"https:\/\/www.grandepremio.com\/br\/formula-e\/noticias\/sou-campeao-mundial-incrivel-jake-dennis-emociona-titulo-formula-e-londres\/\">conquistou o Mundial de Pilotos para a Andretti<\/a><\/strong>. A Porsche brigou at\u00e9 o fim pelo Mundial de Equipes, mas viu a Envision &#8211; cliente da Jaguar &#8211; conquistar o caneco. Apesar de um pequeno desentendimento na \u00faltima rodada dupla de 2023, quando Dennis e <strong>Pascal Wehrlein<\/strong> se desentenderam, as duas marcas sempre fizeram quest\u00e3o de se elogiar publicamente.<\/p>\n\n\n\n<p class=\"wp-block-paragraph\">Desde o come\u00e7o da era Gen3, na \u00faltima temporada e meia, o trem de for\u00e7a <strong>Porsche 99X Electric<\/strong> usado por Andretti e Porsche conquistou nove vit\u00f3rias, 24 p\u00f3dios, al\u00e9m do t\u00edtulo de Dennis.<\/p>\n\n\n\n<p class=\"wp-block-paragraph\">&#8220;\u00c9 um momento animador para ser parte da F\u00f3rmula E! Estamos confiantes em nossa posi\u00e7\u00e3o na categoria muito por conta da nossa parceria com a Porsche&#8221;, afirmou o presidente da Andretti, <strong>Michael Andretti<\/strong>.<\/p>\n\n\n\n<figure class=\"wp-block-image size-full\"><img decoding=\"async\" src=\"https:\/\/www.grandepremio.com\/br\/wp-content\/uploads\/2023\/07\/F2OWJPqWoAA9G2-.jpg\" alt=\"\" class=\"wp-image-713111\"\/><figcaption class=\"wp-element-caption\">Implac\u00e1vel, Jake Dennis conquistou a F\u00f3rmula E 2022\/23 com m\u00e9ritos (Foto: Andretti)<\/figcaption><\/figure>\n\n\n\n<p class=\"wp-block-paragraph\">&#8220;Desde o come\u00e7o, nossa meta tem sido vencer corridas e conquistar campeonatos, e a Porsche nos ajudou a alcan\u00e7ar os dois desde que juntamos for\u00e7a, na nona temporada da categoria. Com todo o nosso sucesso na era Gen3, mal posso esperar para ver o que faremos na era Gen3 Evo&#8221;, seguiu.<\/p>\n\n\n\n<p class=\"wp-block-paragraph\">&#8220;Estamos muito felizes por anunciar a extens\u00e3o do acordo entre Andretti e Porsche para o trabalho em conjunto por mais duas temporadas&#8221;, disse o chefe da Andretti, <strong>Roger Griffiths<\/strong>. &#8220;N\u00e3o h\u00e1 qualquer d\u00favida sobre com quem queremos trabalhar. Temos uma rela\u00e7\u00e3o muito especial com a Porsche, tanto dentro quanto fora da pista, e vimos enorme sucesso juntos. Espero que possamos dividir mais sucesso no futuro&#8221;, completou.<\/p>\n\n\n\n<p class=\"wp-block-paragraph\">&#8220;Estamos obviamente contentes com a continuidade da parceria. A Andretti \u00e9 um dos nomes mais renomados do esporte a motor mundial, ent\u00e3o o acordo \u00e9 muito importante para nosso lado. Andretti e a equipe de f\u00e1brica da Porsche trabalham juntos em muitas \u00e1reas na F\u00f3rmula E&#8221;, comentou <strong>Thomas Laudenbach<\/strong>, vice-presidente de esportes da Porsche.<\/p>\n\n\n\n<p class=\"wp-block-paragraph\">&#8220;Apoiamos os melhores desempenhos uma da outra. A classifica\u00e7\u00e3o do campeonato na marca de metade do campeonato prova isso: ambas as equipes est\u00e3o no top-3, bem como dois dos quatro pilotos. Al\u00e9m disso, lideramos juntos o campeonato de F\u00e1bricas para a Porsche&#8221;, destacou.<\/p>\n\n\n\n<figure class=\"wp-block-image size-large\"><img decoding=\"async\" src=\"https:\/\/www.grandepremio.com\/br\/wp-content\/uploads\/2024\/04\/EPS1008_074446SB1_0141-2048x2048-1-1024x683.jpg\" alt=\"\" class=\"wp-image-807333\"\/><figcaption class=\"wp-element-caption\">Pascal Wehrlein \u00e9 l\u00edder da F\u00f3rmula E 2024 ap\u00f3s 50% do campeonato (Foto: F\u00f3rmula E)<\/figcaption><\/figure>\n\n\n\n<p class=\"wp-block-paragraph\">&#8220;Gostamos de trabalhar com a Andretti desde o come\u00e7o da era Gen3 e estamos felizes em continuar para a era Gen3 Evo&#8221;, disse <strong>Florian Modlinger<\/strong>, diretor da f\u00e1brica e chefe efetivo da equipe oficial da Porsche. &#8220;E tamb\u00e9m \u00e9 gra\u00e7as a Andretti que o Porsche 99X Electric tem tido \u00f3timos resultados nas \u00faltima temporada e meia, incluindo o t\u00edtulo de Jake Dennis&#8221;, seguiu.<\/p>\n\n\n\n<p class=\"wp-block-paragraph\">&#8220;A troca entre as duas equipes contribuem para a performance do carro, e isso \u00e9 exatamente o que todos estamos procurando. Entrar na era Gen3 Evo numa parceria que funciona bem me deixa muito otimista para as temporadas 11 e 12 da hist\u00f3ria da F\u00f3rmula E&#8221;, finalizou.<\/p>\n\n\n\n<p class=\"wp-block-paragraph\">Na atual temporada, <strong>a Porsche lidera o Mundial de Pilotos<\/strong>, com Wehrlein, e o <strong><a href=\"https:\/\/www.grandepremio.com\/br\/formula-e\/noticias\/jaguar-aproxima-porsche-briga-trofeu-de-fabricantes-formula-e-monaco\/\">novo Mundial de F\u00e1bricas<\/a><\/strong>, esse com pontos tanto da equipe de f\u00e1brica quanto da Andretti.<\/p>\n\n\n\n<p class=\"wp-block-paragraph\">A pr\u00f3xima etapa da&nbsp;<a href=\"https:\/\/www.grandepremio.com\/br\/formula-e\/\" target=\"_blank\" rel=\"noreferrer noopener\">F\u00f3rmula E<\/a>, que abre a segunda metade da temporada 2023\/24, acontece entre os dias&nbsp;<strong>10 e 12 de maio<\/strong>, na rodada dupla do&nbsp;<strong>eP de&nbsp;<a href=\"https:\/\/www.grandepremio.com\/br\/circuito\/berlim\/\" target=\"_blank\" rel=\"noreferrer noopener\">Berlim<\/a><\/strong>. O&nbsp;<strong>GRANDE<\/strong>&nbsp;<strong>PR\u00caMIO&nbsp;<\/strong>transmite todas as atividades de pista&nbsp;<strong>AO VIVO&nbsp;<\/strong>e&nbsp;<strong>COM<\/strong>&nbsp;<strong>IMAGENS<\/strong>. O teste de novatos ser\u00e1 realizado na segunda-feira.<\/p>\n\n\n\n<p class=\"wp-block-paragraph\"><strong>\u00a0Inscreva-se nos dois canais do GRANDE PR\u00caMIO no YouTube:\u00a0<a href=\"https:\/\/www.youtube.com\/channel\/UC9OlHEgxoaY6QY6nWPoiqQg?sub_confirmation=1\" target=\"_blank\" rel=\"noreferrer noopener\">GP<\/a>\u00a0|\u00a0<a href=\"https:\/\/www.youtube.com\/channel\/UC9csiS6q_C3C0FYhyr1rnFA?sub_confirmation=1\" target=\"_blank\" rel=\"noreferrer noopener\">GP2<\/a><\/strong><br><strong>\u00a0<a href=\"https:\/\/www.twitch.tv\/grandepremio\" target=\"_blank\" rel=\"noreferrer noopener\">Conhe\u00e7a o canal do GRANDE PR\u00caMIO na Twitch clicando aqui!<\/a><\/strong><\/p>\n\n\n\n<figure class=\"wp-block-embed is-type-video is-provider-youtube wp-block-embed-youtube wp-embed-aspect-16-9 wp-has-aspect-ratio\"><div class=\"wp-block-embed__wrapper\">\n<iframe loading=\"lazy\" title=\"ACABOU O REINADO DA RED BULL NA F1? + DRUGOVICH NA F\u00d3RMULA E | Paddock Sprint\" width=\"500\" height=\"281\" src=\"https:\/\/www.youtube.com\/embed\/8C2p3fpdE2s?feature=oembed\" frameborder=\"0\" allow=\"accelerometer; autoplay; clipboard-write; encrypted-media; gyroscope; picture-in-picture; web-share\" referrerpolicy=\"strict-origin-when-cross-origin\" allowfullscreen><\/iframe>\n<\/div><figcaption class=\"wp-element-caption\">ACABOU O REINADO DA RED BULL NA F1? + DRUGOVICH NA F\u00d3RMULA E | Paddock Sprint<\/figcaption><\/figure>\n","protected":false},"excerpt":{"rendered":"<p>Andretti e Porsche anunciaram renova\u00e7\u00e3o do acordo por mais duas temporadas. Assim, as marcas estar\u00e3o juntas na F\u00f3rmula E por pelo menos quatro temporadas<\/p>\n","protected":false},"author":0,"featured_media":1000713782,"comment_status":"closed","ping_status":"closed","sticky":false,"template":"","format":"standard","meta":{"42wp_featured_image_caption":"","42wp_featured_image_credits":"","42wp_featured_video":"","42wp_featured_image_hidden":false,"42wp_authors_list":[],"footnotes":""},"categories":[19],"tags":[417,5660,35967,34647,37545,33841,37745,8928,736],"42wp_author":[47120],"class_list":["post-78316","post","type-post","status-publish","format-standard","has-post-thumbnail","hentry","category-formula-e","tag-andretti","tag-classificacao","tag-formula-e-2024","tag-formula-e-ao-vivo","tag-formula-e-live","tag-formula-e-no-grande-premio","tag-formula-e-tv-2024","tag-jake-dennis","tag-porsche","42wp_author-pedro-henrique-marum"],"_links":{"self":[{"href":"https:\/\/grandepremio.com\/br\/wp-json\/wp\/v2\/posts\/78316","targetHints":{"allow":["GET"]}}],"collection":[{"href":"https:\/\/grandepremio.com\/br\/wp-json\/wp\/v2\/posts"}],"about":[{"href":"https:\/\/grandepremio.com\/br\/wp-json\/wp\/v2\/types\/post"}],"replies":[{"embeddable":true,"href":"https:\/\/grandepremio.com\/br\/wp-json\/wp\/v2\/comments?post=78316"}],"version-history":[{"count":0,"href":"https:\/\/grandepremio.com\/br\/wp-json\/wp\/v2\/posts\/78316\/revisions"}],"wp:featuredmedia":[{"embeddable":true,"href":"https:\/\/grandepremio.com\/br\/wp-json\/wp\/v2\/media\/1000713782"}],"wp:attachment":[{"href":"https:\/\/grandepremio.com\/br\/wp-json\/wp\/v2\/media?parent=78316"}],"wp:term":[{"taxonomy":"category","embeddable":true,"href":"https:\/\/grandepremio.com\/br\/wp-json\/wp\/v2\/categories?post=78316"},{"taxonomy":"post_tag","embeddable":true,"href":"https:\/\/grandepremio.com\/br\/wp-json\/wp\/v2\/tags?post=78316"},{"taxonomy":"42wp_author","embeddable":true,"href":"https:\/\/grandepremio.com\/br\/wp-json\/wp\/v2\/42wp_author?post=78316"}],"curies":[{"name":"wp","href":"https:\/\/api.w.org\/{rel}","templated":true}]}}