{"id":78430,"date":"2024-05-08T09:42:32","date_gmt":"2024-05-08T12:42:32","guid":{"rendered":"https:\/\/grandepremio.com\/br\/noticias\/felipe-drugovich-enzo-fittipaldi-caio-collet-quem-e-quem-teste-de-novatos-formula-e\/"},"modified":"2024-05-08T10:26:48","modified_gmt":"2024-05-08T13:26:48","slug":"felipe-drugovich-enzo-fittipaldi-caio-collet-quem-e-quem-teste-de-novatos-formula-e","status":"publish","type":"post","link":"https:\/\/grandepremio.com\/br\/formula-e\/felipe-drugovich-enzo-fittipaldi-caio-collet-quem-e-quem-teste-de-novatos-formula-e\/","title":{"rendered":"Drugovich, Fittipaldi e Collet na pista: quem \u00e9 quem no teste de novatos da F\u00f3rmula E"},"content":{"rendered":"\n<p class=\"wp-block-paragraph\">A <strong><a href=\"https:\/\/www.grandepremio.com\/br\/formula-e\/\" target=\"_blank\" rel=\"noreferrer noopener\">F\u00f3rmula E<\/a><\/strong> n\u00e3o prepara apenas mais uma corrida no tradicional <strong>eP de Berlim <\/strong>para o pr\u00f3ximo fim de semana, entre os dias <strong>10 e 12 de maio<\/strong>, mas tamb\u00e9m uma sess\u00e3o especial: o teste de novatos, que ter\u00e1 <strong>seis <\/strong>horas de dura\u00e7\u00e3o \u2014 tr\u00eas de manh\u00e3 e tr\u00eas \u00e0 tarde \u2014 na segunda-feira (13) e vai contar com tr\u00eas brasileiros: <strong>Felipe Drugovich<\/strong>, <strong>Enzo Fittipaldi<\/strong> e <strong>Caio Collet<\/strong>. A atividade \u00e9 exclusiva para pilotos que n\u00e3o tenham disputado nenhuma corrida na categoria. <strong>Confira a lista completa de todos os 22 participantes!<\/strong><\/p>\n\n\n\n<p class=\"wp-block-paragraph\">Em ordem alfab\u00e9tica por equipes, a <strong>ABT Cupra <\/strong>inicia a lista com o alem\u00e3o <strong>Tim Tramnitz<\/strong>, da F\u00f3rmula 3, e o su\u00ed\u00e7o <strong>Ricardo Feller<\/strong>, do DTM. A <strong>Andretti <\/strong>escolheu o reserva e barbadense <strong>Zane Maloney<\/strong>, da F\u00f3rmula 2, al\u00e9m de <strong>Jak Crawford <\/strong>\u2014 que compete na mesma categoria. A <strong>DS Penske<\/strong>, por sua vez, vai com <strong>Robert Shwartzman<\/strong>, reserva da <strong>Ferrari <\/strong>na F\u00f3rmula 1 e que disputa o WEC, e <strong>Jonny Edgar<\/strong>, do IMSA SportsCar.<\/p>\n\n\n\n<p class=\"wp-block-paragraph\">A <strong>Envision<\/strong> ter\u00e1 <strong>Alice<\/strong> <strong>Powell<\/strong>, ex-W Series, e <strong>Dries Vanthoor<\/strong>, que disputa categorias de endurance como WEC, SportsCar e GT Challenge. A <strong>ERT <\/strong>vai de <strong>Mikel Azcona<\/strong>, de largo hist\u00f3rico no TCR, e <strong>Marta Garc\u00eda<\/strong>, atual campe\u00e3 da F1 Academy e prestes a disputar a FRECA. L\u00edder do Mundial de Equipes, a <strong>Jaguar <\/strong>escolheu <strong>Enzo Fittipaldi<\/strong>, da F\u00f3rmula 2, e <strong>Sheldon van<\/strong> <strong>der Linde<\/strong>, do DTM.<\/p>\n\n\n\n<p class=\"wp-block-paragraph\">\u00danica equipe que ainda n\u00e3o pontuou em 2024, a <strong>Mahindra <\/strong>parte para o teste de novatos com <strong>Kush Maini<\/strong>, da F\u00f3rmula 2, e <strong>Frederik Vesti<\/strong>, vice da mesma categoria em 2023 e reserva da <strong>Mercedes <\/strong>na F\u00f3rmula 1, al\u00e9m de titular na European Le Mans Series. A <strong>Maserati <\/strong>ter\u00e1 <strong>Felipe Drugovich<\/strong>, tamb\u00e9m da ELMS e prestes a estrear nas 24 Horas de Le Mans, al\u00e9m de <strong>Nico Pino<\/strong>, tamb\u00e9m do WEC e do SportsCar.<\/p>\n\n\n\n<figure class=\"wp-block-image size-large\"><img decoding=\"async\" src=\"https:\/\/www.grandepremio.com\/br\/wp-content\/uploads\/2024\/03\/Enzo-Fittipaldi-em-Jeda-1024x683.jpg\" alt=\"\" class=\"wp-image-787035\"\/><figcaption class=\"wp-element-caption\">Enzo Fittipaldi ter\u00e1 primeira oportunidade de andar na F\u00f3rmula E (Foto: Van Amersfoort)<\/figcaption><\/figure>\n\n\n\n<p class=\"wp-block-paragraph\">A <strong>McLaren <\/strong>escalou <strong>Ugo Ugochukwu<\/strong>, que disputa FRECA e algumas rodadas da F3 Brit\u00e2nica, e <strong>Gr\u00e9goire Saucy<\/strong>, campe\u00e3o da F\u00f3rmula Regional em 2021 e atualmente no WEC e na ELMS. A <strong>Nissan <\/strong>optou pelo reserva <strong>Caio Collet<\/strong>, da Indy NXT, ao lado de <strong>Gabriele Min\u00ec<\/strong>, da F\u00f3rmula 3, enquanto a <strong>Porsche <\/strong>fecha a lista com <strong>Dennis Hauger<\/strong>, da F2, e <strong>Thomas Preining<\/strong>, atual campe\u00e3o do DTM.<\/p>\n\n\n\n<p class=\"wp-block-paragraph\">No ano passado, as duas sess\u00f5es de novatos terminaram com lideran\u00e7a de Drugovich \u2014 que tamb\u00e9m participou pela Maserati. Em abril, Felipe <a href=\"https:\/\/www.grandepremio.com\/br\/formula-e\/noticias\/felipe-drugovich-victor-martins-fim-lidera-teste-novatos-formula-e-berlim\/\" target=\"_blank\" rel=\"noreferrer noopener\">liderou em Berlim<\/a> com <strong>1min05s509<\/strong>, <strong>0s1 <\/strong>\u00e0 frente de <strong>Victor Martins<\/strong>. Maloney, que vai correr novamente em 2024, fechou o top-3. No <a href=\"https:\/\/www.grandepremio.com\/br\/formula-e\/noticias\/felipe-drugovich-surge-no-fim-lidera-treino-livre-novatos-formula-e-roma\/\" target=\"_blank\" rel=\"noreferrer noopener\">TL0 de Roma<\/a>, o brasileiro anotou <strong>1min43s736<\/strong>, <strong>0s3 <\/strong>mais r\u00e1pido que Van der Linde \u2014 j\u00e1 com presen\u00e7a confirmada na Alemanha. <strong>Luca Ghiotto <\/strong>completou os tr\u00eas primeiros.<\/p>\n\n\n\n<p class=\"wp-block-paragraph\"><strong><img decoding=\"async\" src=\"https:\/\/s.w.org\/images\/core\/emoji\/14.0.0\/svg\/25b6.svg\" alt=\"\u25b6\ufe0f\" style=\"width: 20px;\">\u00a0Inscreva-se nos dois canais do GRANDE PR\u00caMIO no YouTube:\u00a0<a href=\"https:\/\/www.youtube.com\/channel\/UC9OlHEgxoaY6QY6nWPoiqQg?sub_confirmation=1\" target=\"_blank\" rel=\"noreferrer noopener\">GP<\/a>\u00a0|\u00a0<a href=\"https:\/\/www.youtube.com\/channel\/UC9csiS6q_C3C0FYhyr1rnFA?sub_confirmation=1\" target=\"_blank\" rel=\"noreferrer noopener\">GP2<\/a><\/strong><br><strong><img decoding=\"async\" src=\"https:\/\/s.w.org\/images\/core\/emoji\/14.0.0\/svg\/25b6.svg\" alt=\"\u25b6\ufe0f\" style=\"width: 20px;\">\u00a0<a href=\"https:\/\/www.twitch.tv\/grandepremio\" target=\"_blank\" rel=\"noreferrer noopener\">Conhe\u00e7a o canal do GRANDE PR\u00caMIO na Twitch clicando aqui!<\/a><\/strong><\/p>\n\n\n\n<h2 class=\"wp-block-heading\" id=\"h-formula-e-2024-lista-do-teste-de-novatos-de-berlim\">F\u00f3rmula E 2024, Lista do Teste de Novatos de Berlim:<\/h2>\n\n\n\n<figure class=\"wp-block-table\"><table><tbody><tr><td>ABT Cupra<\/td><td>TIM TRAMNITZ<\/td><td>RICARDO FELLER<\/td><\/tr><tr><td>Andretti<\/td><td>ZANE MALONEY<\/td><td>JAK CRAWFORD<\/td><\/tr><tr><td>DS Penske<\/td><td>ROBERT SHWARTZMAN<\/td><td>JONNY EDGAR<\/td><\/tr><tr><td>Envision<\/td><td>ALICE POWELL<\/td><td>DRIES VANTHOOR<\/td><\/tr><tr><td>ERT<\/td><td>MIKEL AZCONA<\/td><td>MARTA GARC\u00cdA<\/td><\/tr><tr><td>Jaguar<\/td><td>ENZO FITTIPALDI<\/td><td>SHELDON VAN DER LINDE<\/td><\/tr><tr><td>Mahindra<\/td><td>KUSH MAINI<\/td><td>FREDERIK VESTI<\/td><\/tr><tr><td>Maserati<\/td><td>FELIPE DRUGOVICH<\/td><td>NICO PINO<\/td><\/tr><tr><td>McLaren<\/td><td>UGO UGOCHUKWU<\/td><td>GR\u00c9GOIRE SAUCY<\/td><\/tr><tr><td>Nissan<\/td><td>CAIO COLLET<\/td><td>GABRIELE MIN\u00cc<\/td><\/tr><tr><td>Porsche<\/td><td>DENNIS HAUGER<\/td><td>THOMAS PREINING<\/td><\/tr><\/tbody><\/table><\/figure>\n\n\n\n<figure class=\"wp-block-embed is-type-video is-provider-youtube wp-block-embed-youtube wp-embed-aspect-16-9 wp-has-aspect-ratio\"><div class=\"wp-block-embed__wrapper\">\n<iframe loading=\"lazy\" title=\"F\u00d3RMULA E 2024 COM IMAGENS - eP DE M\u00d4NACO | 8\u00aa etapa | Corrida\" width=\"500\" height=\"281\" src=\"https:\/\/www.youtube.com\/embed\/wPtoSGoDGG0?feature=oembed\" frameborder=\"0\" allow=\"accelerometer; autoplay; clipboard-write; encrypted-media; gyroscope; picture-in-picture; web-share\" referrerpolicy=\"strict-origin-when-cross-origin\" allowfullscreen><\/iframe>\n<\/div><\/figure>\n","protected":false},"excerpt":{"rendered":"<p>Com tr\u00eas brasileiros na pista \u2014 Felipe Drugovich, Enzo Fittipaldi e Caio Collet \u2014 a F\u00f3rmula E prepara o teste de novatos de Berlim para a pr\u00f3xima segunda-feira (13). Confira a lista completa e saiba quem \u00e9 quem na atividade<\/p>\n","protected":false},"author":0,"featured_media":1000750607,"comment_status":"closed","ping_status":"closed","sticky":false,"template":"","format":"standard","meta":{"42wp_featured_image_caption":"","42wp_featured_image_credits":"","42wp_featured_video":"","42wp_featured_image_hidden":false,"42wp_authors_list":[],"footnotes":""},"categories":[19],"tags":[2145,39342,448,33214,28679,6853,1581,409,4981,379,36881,1024,840,35967,39341,28373,1601,1491,30103,28285,910,598,8870,894,36219,1869,14976,25924,3330,28107],"42wp_author":[47142],"class_list":["post-78430","post","type-post","status-publish","format-standard","has-post-thumbnail","hentry","category-formula-e","tag-alice-powell","tag-berlin-eprix","tag-caio-collet","tag-calendario-fe","tag-calendario-formula-e","tag-classificacao-formula-e","tag-dennis-hauger","tag-enzo-fittipaldi","tag-ep-de-berlim","tag-fe","tag-fe-2024","tag-felipe-drugovich","tag-formula-e","tag-formula-e-2024","tag-formula-e-berlin","tag-gabriele-mini","tag-gen3","tag-grande-premio","tag-grande-premio-f1","tag-grandepremio","tag-jaguar","tag-jak-crawford","tag-maserati","tag-nissan","tag-onde-assistir-formula-e","tag-robert-shwartzman","tag-rookie-test","tag-sheldon-van-der-linde","tag-thomas-preining","tag-zane-maloney","42wp_author-jp-nascimento"],"_links":{"self":[{"href":"https:\/\/grandepremio.com\/br\/wp-json\/wp\/v2\/posts\/78430","targetHints":{"allow":["GET"]}}],"collection":[{"href":"https:\/\/grandepremio.com\/br\/wp-json\/wp\/v2\/posts"}],"about":[{"href":"https:\/\/grandepremio.com\/br\/wp-json\/wp\/v2\/types\/post"}],"replies":[{"embeddable":true,"href":"https:\/\/grandepremio.com\/br\/wp-json\/wp\/v2\/comments?post=78430"}],"version-history":[{"count":0,"href":"https:\/\/grandepremio.com\/br\/wp-json\/wp\/v2\/posts\/78430\/revisions"}],"wp:featuredmedia":[{"embeddable":true,"href":"https:\/\/grandepremio.com\/br\/wp-json\/wp\/v2\/media\/1000750607"}],"wp:attachment":[{"href":"https:\/\/grandepremio.com\/br\/wp-json\/wp\/v2\/media?parent=78430"}],"wp:term":[{"taxonomy":"category","embeddable":true,"href":"https:\/\/grandepremio.com\/br\/wp-json\/wp\/v2\/categories?post=78430"},{"taxonomy":"post_tag","embeddable":true,"href":"https:\/\/grandepremio.com\/br\/wp-json\/wp\/v2\/tags?post=78430"},{"taxonomy":"42wp_author","embeddable":true,"href":"https:\/\/grandepremio.com\/br\/wp-json\/wp\/v2\/42wp_author?post=78430"}],"curies":[{"name":"wp","href":"https:\/\/api.w.org\/{rel}","templated":true}]}}