{"id":78483,"date":"2024-05-07T16:48:34","date_gmt":"2024-05-07T19:48:34","guid":{"rendered":"https:\/\/grandepremio.com\/br\/noticias\/michael-andretti-participa-muitas-reunioes-miami-espera-algumas-respostas-em-breve\/"},"modified":"2024-05-07T17:02:17","modified_gmt":"2024-05-07T20:02:17","slug":"michael-andretti-participa-muitas-reunioes-miami-espera-algumas-respostas-em-breve","status":"publish","type":"post","link":"https:\/\/grandepremio.com\/br\/f1\/michael-andretti-participa-muitas-reunioes-miami-espera-algumas-respostas-em-breve\/","title":{"rendered":"Andretti participa de &#8220;muitas reuni\u00f5es&#8221; em Miami e espera &#8220;algumas respostas em breve&#8221;"},"content":{"rendered":"\n<p class=\"wp-block-paragraph\"><strong>Michael Andretti<\/strong> esteve presente em <strong>Miami<\/strong> no \u00faltimo fim de semana para tentar conversar mais uma vez com representantes das equipes e da <strong>Formula One Management<\/strong> (<strong>FOM<\/strong>) sobre seu desejo de ingressar no grid da <strong>F\u00f3rmula 1<\/strong>. Apesar de todas as negativas recentes, o propriet\u00e1rio quer mostrar a todos que os altos investimentos que v\u00eam sendo feitos s\u00e3o o suficiente para justificar a participa\u00e7\u00e3o de sua equipe na principal categoria do automobilismo.<\/p>\n\n\n\n<p class=\"wp-block-paragraph\">&#8220;Aconteceram muitas reuni\u00f5es diferentes por v\u00e1rios motivos diferentes, mas estamos aqui para mostrar que ainda estamos trabalhando para o futuro. Nosso objetivo \u00e9 estar na <strong>F1<\/strong> em 2026 para que nosso trabalho continue em ritmo acelerado&#8221;, disse Andretti ao portal estadunidense <em>Racer<\/em>.<\/p>\n\n\n\n<p class=\"wp-block-paragraph\">No in\u00edcio de abril, o conglomerado norte-americano <a href=\"https:\/\/www.grandepremio.com\/br\/f1\/noticias\/andretti-ignora-rejeicao-inaugura-instalacao-silverstone-preparacao-f1\/\">inaugurou uma f\u00e1brica em<\/a> <strong>Silverstone<\/strong>, na Inglaterra, que, de acordo com Michael, servir\u00e1 de centro para as opera\u00e7\u00f5es do time na Europa, j\u00e1 que al\u00e9m da F1, a Andretti tamb\u00e9m <a href=\"https:\/\/www.grandepremio.com\/br\/f2\/noticias\/ceo-admite-grande-oportunidade-descarta-entrada-andretti-f2-f3\/\">tem planos para participar da<\/a> <strong>F\u00f3rmula 3<\/strong> e <strong>F\u00f3rmula 2<\/strong>. Al\u00e9m disso, existe tamb\u00e9m um <a href=\"https:\/\/www.grandepremio.com\/br\/f1\/noticias\/andretti-revela-imagem-carro-tunel-vento-cita-trabalho-duro-estrear-f1\/\">modelo de carro nas especifica\u00e7\u00f5es atuais sendo testado em t\u00fanel de vento<\/a>. Tais investimentos come\u00e7aram a partir da parceria com a\u00a0<strong>General Motors<\/strong>, que tem o intuito de levar a marca\u00a0<strong>Cadillac\u00a0<\/strong>ao grid da principal classe de monopostos do mundo.<\/p>\n\n\n\n<p class=\"wp-block-paragraph\">&#8220;H\u00e1 muita coisa acontecendo l\u00e1 [na base em Silverstone], h\u00e1 muita coisa acontecendo na <strong>GM<\/strong>, e tamb\u00e9m muita coisa acontecendo em nossa sede em <strong>Fishers<\/strong>. Estamos trabalhando&#8221;, afirmou o filho de <strong>Mario Andretti<\/strong>, campe\u00e3o mundial de F1 em 1978.<\/p>\n\n\n\n<figure class=\"wp-block-image size-large\"><img decoding=\"async\" src=\"https:\/\/www.grandepremio.com\/br\/wp-content\/uploads\/2024\/04\/andretti-silverstone-base-2-1024x682.jpg\" alt=\"\" class=\"wp-image-799675\"\/><figcaption class=\"wp-element-caption\">Andretti inaugurou f\u00e1brica em Silverstone no in\u00edcio de abril (Foto: Andretti)<\/figcaption><\/figure>\n\n\n\n<p class=\"wp-block-paragraph\">Investindo milh\u00f5es nos \u00faltimos anos e mesmo assim sendo rejeitado, Michael foi honesto ao dizer que existe um risco enorme de estar gastando muito dinheiro para, no fim, acabar n\u00e3o sendo aceito como 11\u00aa equipe. Por\u00e9m, ele insiste que o apelo comercial da Andretti na F1 seria enorme, e que isso, por si s\u00f3, j\u00e1 vale a tentativa de tentar convencer as demais partes envolvidas.<\/p>\n\n\n\n<p class=\"wp-block-paragraph\">&#8220;\u00c9 um risco, com certeza, mas acho que mostra o quanto acreditamos nisso. Acreditamos que seria \u00f3timo para a F1, achamos que seria \u00f3timo para os torcedores norte-americanos, e trazer uma empresa como a GM para a categoria \u00e9 algo enorme. Acreditamos tanto nisso que estamos dispostos a arriscar&#8221;, declarou.<\/p>\n\n\n\n<p class=\"wp-block-paragraph\">Em outubro do ano passado, a\u00a0<strong>Federa\u00e7\u00e3o Internacional de Automobilismo<\/strong>\u00a0(<strong>FIA<\/strong>)\u00a0<a href=\"https:\/\/www.grandepremio.com\/br\/f1\/noticias\/fia-aprova-andretti-entrada-formula-1-depende-discussoes-comerciais\/\">aprovou a entrada<\/a>\u00a0da Andretti no grid da principal classe do esporte a motor j\u00e1 a partir de\u00a0<strong>2025<\/strong>. No entanto, em janeiro de 2024, a\u00a0F1\u00a0emitiu um comunicado alegando que &#8220;n\u00e3o acreditamos que a candidata tenha mostrado que agregaria valor ao campeonato&#8221;,\u00a0<a href=\"https:\/\/www.grandepremio.com\/br\/f1\/noticias\/formula-1-rejeita-entrada-andretti-grid-antes-2028-motor-gm-condicao\/\">negando a entrada do time<\/a> no curto prazo, mas deixando a porta aberta para\u00a0<strong>2028<\/strong>, caso a\u00a0GM \u2014 fator decisivo \u2014 concretize a promessa de fabricar um motor pr\u00f3prio e embarque no projeto.<\/p>\n\n\n\n<p class=\"wp-block-paragraph\">&#8220;[A GM est\u00e1] muito comprometida, muito entusiasmada. Acho que as pessoas n\u00e3o entender\u00e3o, at\u00e9 que lhes mostremos, o esfor\u00e7o que est\u00e1 sendo feito por ambos os lados. Vamos rivalizar com <strong>Ferrari<\/strong> e <strong>Mercedes<\/strong>, este \u00e9 o esfor\u00e7o que est\u00e1 sendo feito por uma empresa t\u00e3o grande como a GM&#8221;, bradou Andretti, que negou qualquer possibilidade de frear os investimentos neste momento.<\/p>\n\n\n\n<figure class=\"wp-block-image size-large\"><img decoding=\"async\" src=\"https:\/\/www.grandepremio.com\/br\/wp-content\/uploads\/2024\/05\/20240503-0536-1200x800.jpg\" alt=\"\" class=\"wp-image-810557\"\/><figcaption class=\"wp-element-caption\">Andretti participou de reuni\u00f5es em Miami (Foto: Marco Miltenburg\/Racepictures)<\/figcaption><\/figure>\n\n\n\n<p class=\"wp-block-paragraph\"><strong><img decoding=\"async\" src=\"https:\/\/a.slack-edge.com\/production-standard-emoji-assets\/14.0\/google-medium\/25b6-fe0f.png\" alt=\":seta_para_frente:\">&nbsp;Inscreva-se nos dois canais do GRANDE PR\u00caMIO no YouTube:&nbsp;<a href=\"https:\/\/www.youtube.com\/channel\/UC9OlHEgxoaY6QY6nWPoiqQg?sub_confirmation=1\" target=\"_blank\" rel=\"noreferrer noopener\">GP<\/a>&nbsp;|&nbsp;<a href=\"https:\/\/www.youtube.com\/channel\/UC9csiS6q_C3C0FYhyr1rnFA?sub_confirmation=1\" target=\"_blank\" rel=\"noreferrer noopener\">GP2<\/a><\/strong><br><strong><img decoding=\"async\" src=\"https:\/\/a.slack-edge.com\/production-standard-emoji-assets\/14.0\/google-medium\/25b6-fe0f.png\" alt=\":seta_para_frente:\">&nbsp;<a href=\"https:\/\/www.twitch.tv\/grandepremio\" target=\"_blank\" rel=\"noreferrer noopener\">Conhe\u00e7a o canal do GRANDE PR\u00caMIO na Twitch clicando aqui!<\/a><\/strong><\/p>\n\n\n\n<p class=\"wp-block-paragraph\">&#8220;Estamos trabalhando e tentando obter mais comunica\u00e7\u00e3o [com a FOM], e ver o que precisamos fazer para entrar&#8221;, prosseguiu. &#8220;N\u00e3o, ainda n\u00e3o chegamos l\u00e1 [no ponto de pausar os investimentos], mas n\u00e3o falta muito. Temos algumas coisas nas quais estamos trabalhando, mas precisaremos de algumas respostas em breve&#8221;, revelou.<\/p>\n\n\n\n<p class=\"wp-block-paragraph\">Na semana passada, seu pai, Mario, foi at\u00e9 o <strong>Congresso dos Estados Unidos<\/strong> pedir ajuda aos governantes, solicitando que os mesmo <a href=\"https:\/\/www.grandepremio.com\/br\/f1\/noticias\/congresso-eua-pede-investigacao-veto-entrada-andretti-formula-1\/\">enviassem uma carta ao<\/a> <strong>Liberty Media<\/strong> \u2014 grupo que det\u00e9m os direitos comerciais da F1 \u2014 questionando os motivos da recusa \u00e0 sua equipe. Michael, por sua vez, admitiu que ficou assustado com tal atitude.<\/p>\n\n\n\n<p class=\"wp-block-paragraph\">&#8220;Fiquei 100% surpreso. N\u00e3o tive nada a ver com isso. Estou aqui apenas para construir a equipe e \u00e9 isso que estou fazendo. Mas com certeza \u00e9 \u00f3timo ter pessoas como eles olhando o que est\u00e1 acontecendo e nos apoiando&#8221;, assumiu, antes de responder com otimismo que v\u00ea a entrada da Andretti na F1 como algo cada vez mais plaus\u00edvel. &#8220;Com certeza&#8221;, finalizou.<\/p>\n\n\n\n<p class=\"wp-block-paragraph\">A\u00a0<a href=\"https:\/\/www.grandepremio.com\/br\/f1\/\" target=\"_blank\" rel=\"noreferrer noopener\"><\/a><a href=\"https:\/\/www.grandepremio.com\/br\/f1\/\" target=\"_blank\" rel=\"noreferrer noopener\"><strong>F\u00f3rmula 1<\/strong><\/a>\u00a0retorna no fim de semana dos dias\u00a0<strong>17 a 19 de maio<\/strong>,\u00a0com o\u00a0<strong>GP da Em\u00edlia-Romanha<\/strong>, no circuito de\u00a0<strong><a href=\"https:\/\/www.grandepremio.com\/br\/circuito\/399739\/\" target=\"_blank\" rel=\"noreferrer noopener\">\u00cdmola<\/a><\/strong>.<\/p>\n\n\n\n<figure class=\"wp-block-embed is-type-video is-provider-youtube wp-block-embed-youtube wp-embed-aspect-16-9 wp-has-aspect-ratio\"><div class=\"wp-block-embed__wrapper\">\n<iframe loading=\"lazy\" title=\"NORRIS DESENCANTA no GP MIAMI + RED BULL EXPOSTA NA F1? | Paddock GP #370\" width=\"500\" height=\"281\" src=\"https:\/\/www.youtube.com\/embed\/aQvYXzuzfe0?feature=oembed\" frameborder=\"0\" allow=\"accelerometer; autoplay; clipboard-write; encrypted-media; gyroscope; picture-in-picture; web-share\" referrerpolicy=\"strict-origin-when-cross-origin\" allowfullscreen><\/iframe>\n<\/div><\/figure>\n","protected":false},"excerpt":{"rendered":"<p>Michael Andretti continua trabalhando arduamente para conseguir ingressar no grid da F\u00f3rmula 1, e, por isso, esteve presente no paddock em Miami para conversar com representantes das equipes e da FOM<\/p>\n","protected":false},"author":0,"featured_media":1000810553,"comment_status":"closed","ping_status":"closed","sticky":false,"template":"","format":"standard","meta":{"42wp_featured_image_caption":"","42wp_featured_image_credits":"","42wp_featured_video":"","42wp_featured_image_hidden":false,"42wp_authors_list":[],"footnotes":""},"categories":[2],"tags":[417,27776,34186,27487,35624,37759,5660,8235,37760,969,147,3230,642,11958,160,37761,180,30909,873,36026,1491,30103,28285,531,1181],"42wp_author":[47160],"class_list":["post-78483","post","type-post","status-publish","format-standard","has-post-thumbnail","hentry","category-f1","tag-andretti","tag-assistir-f1-ao-vivo","tag-assistir-f1-gratis","tag-assistir-f1-online","tag-calendario-f1-2024","tag-calendario-f1-2024-horarios","tag-classificacao","tag-classificacao-da-f1","tag-classificacao-f1-2024","tag-corrida","tag-f1","tag-f1-2024","tag-f1-ao-vivo","tag-f1-live","tag-f1-tv","tag-f1-tv-2024","tag-formula-1","tag-formula-1-2024","tag-gp-de-miami","tag-gp-de-miami-2024","tag-grande-premio","tag-grande-premio-f1","tag-grandepremio","tag-mario-andretti","tag-michael-andretti","42wp_author-vicente-soella"],"_links":{"self":[{"href":"https:\/\/grandepremio.com\/br\/wp-json\/wp\/v2\/posts\/78483","targetHints":{"allow":["GET"]}}],"collection":[{"href":"https:\/\/grandepremio.com\/br\/wp-json\/wp\/v2\/posts"}],"about":[{"href":"https:\/\/grandepremio.com\/br\/wp-json\/wp\/v2\/types\/post"}],"replies":[{"embeddable":true,"href":"https:\/\/grandepremio.com\/br\/wp-json\/wp\/v2\/comments?post=78483"}],"version-history":[{"count":0,"href":"https:\/\/grandepremio.com\/br\/wp-json\/wp\/v2\/posts\/78483\/revisions"}],"wp:featuredmedia":[{"embeddable":true,"href":"https:\/\/grandepremio.com\/br\/wp-json\/wp\/v2\/media\/1000810553"}],"wp:attachment":[{"href":"https:\/\/grandepremio.com\/br\/wp-json\/wp\/v2\/media?parent=78483"}],"wp:term":[{"taxonomy":"category","embeddable":true,"href":"https:\/\/grandepremio.com\/br\/wp-json\/wp\/v2\/categories?post=78483"},{"taxonomy":"post_tag","embeddable":true,"href":"https:\/\/grandepremio.com\/br\/wp-json\/wp\/v2\/tags?post=78483"},{"taxonomy":"42wp_author","embeddable":true,"href":"https:\/\/grandepremio.com\/br\/wp-json\/wp\/v2\/42wp_author?post=78483"}],"curies":[{"name":"wp","href":"https:\/\/api.w.org\/{rel}","templated":true}]}}