{"id":78605,"date":"2024-05-07T07:59:17","date_gmt":"2024-05-07T10:59:17","guid":{"rendered":"https:\/\/grandepremio.com\/br\/noticias\/helmut-marko-promessa-demitir-red-bull-facilitar-saida-max-verstappen-formula-1\/"},"modified":"2024-05-07T14:27:05","modified_gmt":"2024-05-07T17:27:05","slug":"helmut-marko-promessa-demitir-red-bull-facilitar-saida-max-verstappen-formula-1","status":"publish","type":"post","link":"https:\/\/grandepremio.com\/br\/f1\/helmut-marko-promessa-demitir-red-bull-facilitar-saida-max-verstappen-formula-1\/","title":{"rendered":"Marko tem promessa de se demitir da Red Bull e facilitar sa\u00edda de Verstappen na F1"},"content":{"rendered":"\n<p class=\"wp-block-paragraph\">Apesar das vit\u00f3rias e da ainda tranquila lideran\u00e7a do Mundial de <strong><a href=\"https:\/\/www.grandepremio.com\/br\/f1\/\">F\u00f3rmula 1<\/a><\/strong>, a temporada 2024 da <strong>Red Bull<\/strong> tem quase nenhum momento de mares calmos. Ap\u00f3s o <strong><a href=\"https:\/\/www.grandepremio.com\/br\/f1\/noticias\/red-bull-confirma-saida-adrian-newey-encerra-casamento-quase-20-anos\/\">an\u00fancio da sa\u00edda de Adrian Newey<\/a><\/strong> e a <strong><a href=\"https:\/\/www.grandepremio.com\/br\/f1\/noticias\/lando-norris-tira-proveito-safety-car-gp-miami-anula-maxverstappen-vence-f1-1a-vez\/\">derrota em Miami<\/a><\/strong>, o novo elemento que se soma ao ano conturbado \u00e9 que <strong>Helmut Marko<\/strong> acordo facilitar ao m\u00e1ximo a sa\u00edda de <strong>Max Verstappen<\/strong>, caso o piloto queria. Prometeu at\u00e9 se demitir.<\/p>\n\n\n\n<p class=\"wp-block-paragraph\">A informa\u00e7\u00e3o \u00e9 da emissora inglesa de TV BBC. Segundo o ve\u00edculo, Marko garantiu a Verstappen que, se o atual tricampe\u00e3o do mundo tomar a decis\u00e3o de deixar a Red Bull na F1, ir\u00e1 se demitir antes para facilitar Max a se livrar do contrato com a marca dos energ\u00e9ticos.<\/p>\n\n\n\n<p class=\"wp-block-paragraph\">Verstappen tem um gatilho no contrato, com dura\u00e7\u00e3o at\u00e9 o fim de 2028, <strong><a href=\"https:\/\/www.grandepremio.com\/br\/f1\/noticias\/max-verstappen-clausula-escape-pode-deixar-red-bull-eventual-saida-helmut-marko\/\">que garante o direito de rescis\u00e3o do acordo no caso de Marko deixar equipe<\/a><\/strong>. Publicamente, Marko j\u00e1 havia dito que n\u00e3o ficaria no caminho do piloto, mas se mover na frente para facilitar a sa\u00edda entrega outra camada para a possibilidade.<\/p>\n\n\n\n<p class=\"wp-block-paragraph\">Oficialmente consultor da Red Bull, Marko tem um papel central como o meio de campo entre a equipe da F1 e o setor executivo da companhia, na \u00c1ustria. \u00c9 um papel que exerce h\u00e1 quase 20 anos, desde a forma\u00e7\u00e3o do time. Marko era amigo pr\u00f3ximo do antigo presidente <strong>Dietrich Mateschitz<\/strong>, morto no fim de 2022. Embora continue com alta moral pelos lados da \u00c1ustria, j\u00e1 n\u00e3o tem mais a for\u00e7a que tinha nos tempos de Mateschitz.<\/p>\n\n\n\n<figure class=\"wp-block-image size-large\"><img decoding=\"async\" src=\"https:\/\/www.grandepremio.com\/br\/wp-content\/uploads\/2024\/03\/SI202311260023-1024x742.jpg\" alt=\"\" class=\"wp-image-789432\"\/><figcaption class=\"wp-element-caption\">Max Verstappen e Helmut Marko t\u00eam rela\u00e7\u00e3o muito pr\u00f3xima (Foto: Red Bull Content Pool)<\/figcaption><\/figure>\n\n\n\n<p class=\"wp-block-paragraph\">A perda de for\u00e7a \u00e9 destacada na queda de bra\u00e7os interna que se instituiu nos \u00faltimos tempos e ganhou tra\u00e7\u00e3o neste ano. De um lado, est\u00e3o Marko e a divis\u00e3o executiva na \u00c1ustria; do outro, o chefe da equipe da F1, Christian Horner, e os s\u00f3cios majorit\u00e1rios da companhia, na divis\u00e3o tailandesa. Antes, havia um acordo entre austr\u00edacos e tailandeses de que, apesar de menos a\u00e7\u00f5es, Mateschitz seria o respons\u00e1vel por tomar decis\u00f5es executivas da companhia. Desde a perda do presidente, a estrutura da companhia ficou bem mais claudicante.<\/p>\n\n\n\n<p class=\"wp-block-paragraph\">As coisas ficaram ainda mais complicadas desde que Horner foi <strong><a href=\"https:\/\/www.grandepremio.com\/br\/f1\/noticias\/red-bull-investigacao-christian-horner-comportamento-inapropriado-equipe\/\">acusado internamente de comportamento impr\u00f3prio<\/a><\/strong> por <strong><a href=\"https:\/\/www.grandepremio.com\/br\/f1\/noticias\/christian-horner-acusado-assedio-sexual-tenta-acordo-milionario-denunciante-diz-jornal\/\">uma funcion\u00e1ria<\/a><\/strong>, publicamente desconhecida. O chefe foi investigado pela Red Bull, mas <strong><a href=\"https:\/\/www.grandepremio.com\/br\/f1\/noticias\/red-bull-absolve-christian-horner-investigacao-conduta-impropria-mantem-chefia\/\">considerado apto a seguir \u00e0 frente do time<\/a><\/strong>. A funcion\u00e1ria foi afastada.<\/p>\n\n\n\n<p class=\"wp-block-paragraph\">Logo ap\u00f3s a defini\u00e7\u00e3o da perman\u00eancia de Horner, o pai de Max Verstappen, <strong>Jos Verstappen<\/strong>, chegou a dizer que Red Bull <strong><a href=\"https:\/\/www.grandepremio.com\/br\/f1\/noticias\/jos-verstappen-pressiona-diz-que-red-bull-pode-rachar-caso-horner\/\">&#8220;corria o risco de rachar&#8221;<\/a><\/strong> se o chefe de equipe continuasse agindo como v\u00edtima. Ali\u00e1s, Jos <strong><a href=\"https:\/\/www.grandepremio.com\/br\/f1\/noticias\/jos-verstappen-pai-max-verstappen-lamenta-saida-adrian-newey-red-bull-equipe-corre-risco-desmoronar\/\">repetiu a afirma\u00e7\u00e3o ap\u00f3s defini\u00e7\u00e3o da sa\u00edda de Newey<\/a><\/strong>. Max se recusou a ir contra a afirma\u00e7\u00e3o e se limitou a <strong><a href=\"https:\/\/www.grandepremio.com\/br\/f1\/noticias\/max-verstappen-diz-pai-nao-mentiroso-apos-ataque-christian-horner-somos-muito-proximos\/\">dizer que o pai &#8220;n\u00e3o \u00e9 mentiroso&#8221;<\/a><\/strong>.<\/p>\n\n\n\n<p class=\"wp-block-paragraph\">At\u00e9 o momento, de acordo com a BBC, Verstappen n\u00e3o est\u00e1 inclinado a deixar a equipe em 2025, mas a possibilidade \u00e9 real para 2026. Al\u00e9m de tudo, pela preocupa\u00e7\u00e3o com as mudan\u00e7as de motor e chassis na F1. Pela primeira vez na hist\u00f3ria, Red Bull ir\u00e1 produzir os pr\u00f3prios motores.<\/p>\n\n\n\n<p class=\"wp-block-paragraph\">A&nbsp;<a href=\"https:\/\/www.grandepremio.com\/br\/f1\/\" target=\"_blank\" rel=\"noreferrer noopener\"><\/a><a href=\"https:\/\/www.grandepremio.com\/br\/f1\/\" target=\"_blank\" rel=\"noreferrer noopener\"><strong>F\u00f3rmula 1<\/strong><\/a>&nbsp;retorna no fim de semana dos dias <strong>17 a 19 de maio<\/strong>,&nbsp;com o&nbsp;<strong>GP da Em\u00edlia-Romanha<\/strong>, no circuito de&nbsp;<strong><a href=\"https:\/\/www.grandepremio.com\/br\/circuito\/399739\/\" target=\"_blank\" rel=\"noreferrer noopener\">\u00cdmola<\/a><\/strong>.<\/p>\n\n\n\n<p class=\"wp-block-paragraph\"><strong>\u25b6\ufe0f Inscreva-se nos dois canais do&nbsp;GRANDE PR\u00caMIO&nbsp;no YouTube:&nbsp;<a href=\"https:\/\/www.youtube.com\/channel\/UC9OlHEgxoaY6QY6nWPoiqQg?sub_confirmation=1\">GP<\/a>&nbsp;|&nbsp;<a href=\"https:\/\/www.youtube.com\/channel\/UC9csiS6q_C3C0FYhyr1rnFA?sub_confirmation=1\">GP2<\/a><br>\u25b6\ufe0f&nbsp;<a href=\"https:\/\/www.twitch.tv\/grandepremio\">Conhe\u00e7a o canal do&nbsp;GRANDE PR\u00caMIO&nbsp;na Twitch clicando aqui!<\/a><\/strong><\/p>\n\n\n\n<figure class=\"wp-block-embed is-type-video is-provider-youtube wp-block-embed-youtube wp-embed-aspect-16-9 wp-has-aspect-ratio\"><div class=\"wp-block-embed__wrapper\">\n<iframe loading=\"lazy\" title=\"NORRIS DESENCANTA no GP MIAMI + RED BULL EXPOSTA NA F1? | Paddock GP #370\" width=\"500\" height=\"281\" src=\"https:\/\/www.youtube.com\/embed\/aQvYXzuzfe0?feature=oembed\" frameborder=\"0\" allow=\"accelerometer; autoplay; clipboard-write; encrypted-media; gyroscope; picture-in-picture; web-share\" referrerpolicy=\"strict-origin-when-cross-origin\" allowfullscreen><\/iframe>\n<\/div><figcaption class=\"wp-element-caption\">NORRIS DESENCANTA no GP MIAMI + RED BULL EXPOSTA NA F1? | Paddock GP #370<\/figcaption><\/figure>\n","protected":false},"excerpt":{"rendered":"<p>Helmut Marko, consultor da Red Bull, fez promessa a Max Verstappen de que vai deixar equipe se tricampe\u00e3o decidir trocar de equipe na F\u00f3rmula 1<\/p>\n","protected":false},"author":0,"featured_media":1000532235,"comment_status":"closed","ping_status":"closed","sticky":false,"template":"","format":"standard","meta":{"42wp_featured_image_caption":"","42wp_featured_image_credits":"","42wp_featured_video":"","42wp_featured_image_hidden":false,"42wp_authors_list":[],"footnotes":""},"categories":[2],"tags":[3547,5660,3230,642,258,203,204],"42wp_author":[47120],"class_list":["post-78605","post","type-post","status-publish","format-standard","has-post-thumbnail","hentry","category-f1","tag-adrian-newey","tag-classificacao","tag-f1-2024","tag-f1-ao-vivo","tag-helmut-marko","tag-max-verstappen","tag-red-bull","42wp_author-pedro-henrique-marum"],"_links":{"self":[{"href":"https:\/\/grandepremio.com\/br\/wp-json\/wp\/v2\/posts\/78605","targetHints":{"allow":["GET"]}}],"collection":[{"href":"https:\/\/grandepremio.com\/br\/wp-json\/wp\/v2\/posts"}],"about":[{"href":"https:\/\/grandepremio.com\/br\/wp-json\/wp\/v2\/types\/post"}],"replies":[{"embeddable":true,"href":"https:\/\/grandepremio.com\/br\/wp-json\/wp\/v2\/comments?post=78605"}],"version-history":[{"count":0,"href":"https:\/\/grandepremio.com\/br\/wp-json\/wp\/v2\/posts\/78605\/revisions"}],"wp:featuredmedia":[{"embeddable":true,"href":"https:\/\/grandepremio.com\/br\/wp-json\/wp\/v2\/media\/1000532235"}],"wp:attachment":[{"href":"https:\/\/grandepremio.com\/br\/wp-json\/wp\/v2\/media?parent=78605"}],"wp:term":[{"taxonomy":"category","embeddable":true,"href":"https:\/\/grandepremio.com\/br\/wp-json\/wp\/v2\/categories?post=78605"},{"taxonomy":"post_tag","embeddable":true,"href":"https:\/\/grandepremio.com\/br\/wp-json\/wp\/v2\/tags?post=78605"},{"taxonomy":"42wp_author","embeddable":true,"href":"https:\/\/grandepremio.com\/br\/wp-json\/wp\/v2\/42wp_author?post=78605"}],"curies":[{"name":"wp","href":"https:\/\/api.w.org\/{rel}","templated":true}]}}