{"id":78629,"date":"2024-05-06T17:49:22","date_gmt":"2024-05-06T20:49:22","guid":{"rendered":"https:\/\/grandepremio.com\/br\/noticias\/24-horas-de-le-mans-oficializa-inscritos-para-edicao-2024-com-seis-brasileiros\/"},"modified":"2024-05-06T17:51:03","modified_gmt":"2024-05-06T20:51:03","slug":"24-horas-de-le-mans-oficializa-inscritos-para-edicao-2024-com-seis-brasileiros","status":"publish","type":"post","link":"https:\/\/grandepremio.com\/br\/endurance\/wec\/24-horas-de-le-mans-oficializa-inscritos-para-edicao-2024-com-seis-brasileiros\/","title":{"rendered":"24 Horas de Le Mans oficializa inscritos para edi\u00e7\u00e3o 2024 com seis brasileiros"},"content":{"rendered":"\n<p class=\"wp-block-paragraph\">O grid para a edi\u00e7\u00e3o 2024 das <strong>24 Horas de Le Mans<\/strong> est\u00e1 oficialmente definido e a organiza\u00e7\u00e3o da prova divulgou a lista dos inscritos na tarde desta segunda-feira (6). Ao todo, 186 pilotos, distribu\u00eddos em 62 carros, v\u00e3o disputar a tradicional prova v\u00e1lida pelo <strong>Mundial de Endurance<\/strong>. Seis brasileiros v\u00e3o participar da competi\u00e7\u00e3o. Dentre eles, <strong>Felipe Drugovich<\/strong><a href=\"https:\/\/www.grandepremio.com\/br\/endurance\/wec\/noticias\/cadillac-confirma-expectativas-anuncia-felipe-drugovich-24-horas-de-le-mans-2024\/\"><strong> <\/strong>faz sua estreia dividindo o carro da Cadillac<\/a> com o compatriota Pipo Derani.<\/p>\n\n\n\n<p class=\"wp-block-paragraph\">A classe dos hipercarros, que ter\u00e1 o Brasil representado por <strong>Felipe Nasr<\/strong> na Porsche, al\u00e9m de Drugovich e Derani na Cadillac, vai contar com nada menos que 23 carros. O grid tamb\u00e9m est\u00e1 recheado de montadoras. Al\u00e9m das duas j\u00e1 citadas, nomes como Toyota, BMW, Lamborghini, Alpine, Ferrari e Peugeot confirmaram presen\u00e7a.<\/p>\n\n\n\n<p class=\"wp-block-paragraph\">Os 23 carros inscritos na classe principal das 24 Horas de Le Mans de 2024 \u00e9 o maior n\u00famero j\u00e1 registrado desde os 17 LMP1 que participaram da edi\u00e7\u00e3o de 2011.<\/p>\n\n\n\n<p class=\"wp-block-paragraph\">Na classe LMP2, em que todos correm com um Oreca 07 Gibson, 16 carros estar\u00e3o disputando a corrida. Na edi\u00e7\u00e3o do ano passado, a vit\u00f3ria ficou com o trio formado por&nbsp; <strong>Albert Costa, Fabio Scherer<\/strong> e <strong>Jakub \u015amiechowsk<\/strong>i. Costa, no entanto, n\u00e3o vai disputar a prova este ano, enquanto Scherer e \u015amiechowski est\u00e3o em carros diferentes. A divis\u00e3o n\u00e3o conta com pilotos brasileiros.<\/p>\n\n\n\n<figure class=\"wp-block-image size-large\"><img decoding=\"async\" src=\"https:\/\/www.grandepremio.com\/br\/wp-content\/uploads\/2023\/11\/sao-paulo-2023-f1-quinta-feira-aston-martin-felipe-drugovich-04-1024x683.jpg\" alt=\"\" class=\"wp-image-748770\"\/><figcaption class=\"wp-element-caption\">Felipe Drugovich vai estrear nas 24 Horas de Le Mans pela Cadillac (Foto: Rodrigo Berton\/Warm Up)<\/figcaption><\/figure>\n\n\n\n<p class=\"wp-block-paragraph\">Por fim, a <strong>LMGT3<\/strong> ter\u00e1 23 carros em sua composi\u00e7\u00e3o e marca a estreia de <strong>Valentino Rossi<\/strong>, lenda da <strong>MotoGP<\/strong>, nas <strong>24 Horas de Le Mans<\/strong>. Ap\u00f3s deixar a categoria das duas rodas, o piloto italiano come\u00e7ou a se dedicar aos carros e est\u00e1 fazendo a temporada do WEC junto da <strong>WRT<\/strong>.<\/p>\n\n\n\n<p class=\"wp-block-paragraph\">A classe ainda conta com os brasileiros <strong>Augusto Farfus<\/strong>, guiando outro carro da <strong>WRT<\/strong>, <strong>Nicolas Costa<\/strong>, com a <strong>McLaren 720S <\/strong>da <strong>United AutoSports<\/strong>, e <strong>Daniel Serra<\/strong> com a <strong>Ferrari 296 <\/strong>da <strong>GR Racing<\/strong>.<\/p>\n\n\n\n<p class=\"wp-block-paragraph\">A largada das 24 Horas de Le Mans est\u00e1 prevista para o dia 15 de junho. Todas as atividades do&nbsp;<strong>Mundial de Endurance<\/strong>&nbsp;voc\u00ea acompanha AO VIVO, de gra\u00e7a e COM IMAGENS na&nbsp;<a href=\"https:\/\/www.youtube.com\/c\/GrandePremioTV\/streams\"><strong>GPTV<\/strong>, o canal do GP no Youtube<\/a>.<\/p>\n\n\n\n<p class=\"wp-block-paragraph\">\u25b6\ufe0f Inscreva-se nos dois canais do GRANDE PR\u00caMIO no YouTube:&nbsp;<strong><a href=\"https:\/\/www.youtube.com\/channel\/UC9OlHEgxoaY6QY6nWPoiqQg?sub_confirmation=1\" target=\"_blank\" rel=\"noreferrer noopener\">GP<\/a>&nbsp;|&nbsp;<a href=\"https:\/\/www.youtube.com\/channel\/UC9csiS6q_C3C0FYhyr1rnFA?sub_confirmation=1\" target=\"_blank\" rel=\"noreferrer noopener\">GP2<\/a><\/strong><br>\u25b6\ufe0f&nbsp;<strong><a href=\"https:\/\/www.twitch.tv\/grandepremio\" target=\"_blank\" rel=\"noreferrer noopener\">Conhe\u00e7a o canal do GRANDE PR\u00caMIO na Twitch clicando aqui!<\/a><\/strong><\/p>\n\n\n\n<figure class=\"wp-block-embed is-type-video is-provider-youtube wp-block-embed-youtube wp-embed-aspect-16-9 wp-has-aspect-ratio\"><div class=\"wp-block-embed__wrapper\">\n<iframe loading=\"lazy\" title=\"FIA WEC 2024 COM IMAGENS | 6H DE \u00cdMOLA - 2\u00aa etapa | Corrida\" width=\"500\" height=\"281\" src=\"https:\/\/www.youtube.com\/embed\/DsdjHw0mbAM?list=PLULYLQYUzB5qzviMWvJ5iTnN7VzguUe8r\" frameborder=\"0\" allow=\"accelerometer; autoplay; clipboard-write; encrypted-media; gyroscope; picture-in-picture; web-share\" referrerpolicy=\"strict-origin-when-cross-origin\" allowfullscreen><\/iframe>\n<\/div><\/figure>\n","protected":false},"excerpt":{"rendered":"<p>24 Horas de Le Mans de 2024 ter\u00e1 23 hipercarros na disputa, sendo a edi\u00e7\u00e3o mais cheia da classe principal desde 2011. A corrida ainda vai marcar a estreia de Felipe Drugovich e Valentino Rossi<\/p>\n","protected":false},"author":0,"featured_media":1000783413,"comment_status":"closed","ping_status":"closed","sticky":false,"template":"","format":"standard","meta":{"42wp_featured_image_caption":"","42wp_featured_image_credits":"","42wp_featured_video":"","42wp_featured_image_hidden":false,"42wp_authors_list":[],"footnotes":""},"categories":[52],"tags":[25034,28876,20491,707,31417,1024,207,1491,28285,739,1208,90,357,1940,178,80,356],"42wp_author":[47149],"class_list":["post-78629","post","type-post","status-publish","format-standard","has-post-thumbnail","hentry","category-wec","tag-24-horas-de-le-mans","tag-24h-de-le-mans","tag-alpine","tag-bmw","tag-drugovich","tag-felipe-drugovich","tag-ferrari","tag-grande-premio","tag-grandepremio","tag-lamborghini","tag-le-mans","tag-mclaren","tag-mundial-de-endurance","tag-peugeot","tag-toyota","tag-valentino-rossi","tag-wec","42wp_author-bernardo-castro"],"_links":{"self":[{"href":"https:\/\/grandepremio.com\/br\/wp-json\/wp\/v2\/posts\/78629","targetHints":{"allow":["GET"]}}],"collection":[{"href":"https:\/\/grandepremio.com\/br\/wp-json\/wp\/v2\/posts"}],"about":[{"href":"https:\/\/grandepremio.com\/br\/wp-json\/wp\/v2\/types\/post"}],"replies":[{"embeddable":true,"href":"https:\/\/grandepremio.com\/br\/wp-json\/wp\/v2\/comments?post=78629"}],"version-history":[{"count":0,"href":"https:\/\/grandepremio.com\/br\/wp-json\/wp\/v2\/posts\/78629\/revisions"}],"wp:featuredmedia":[{"embeddable":true,"href":"https:\/\/grandepremio.com\/br\/wp-json\/wp\/v2\/media\/1000783413"}],"wp:attachment":[{"href":"https:\/\/grandepremio.com\/br\/wp-json\/wp\/v2\/media?parent=78629"}],"wp:term":[{"taxonomy":"category","embeddable":true,"href":"https:\/\/grandepremio.com\/br\/wp-json\/wp\/v2\/categories?post=78629"},{"taxonomy":"post_tag","embeddable":true,"href":"https:\/\/grandepremio.com\/br\/wp-json\/wp\/v2\/tags?post=78629"},{"taxonomy":"42wp_author","embeddable":true,"href":"https:\/\/grandepremio.com\/br\/wp-json\/wp\/v2\/42wp_author?post=78629"}],"curies":[{"name":"wp","href":"https:\/\/api.w.org\/{rel}","templated":true}]}}