{"id":78854,"date":"2024-05-05T19:20:32","date_gmt":"2024-05-05T22:20:32","guid":{"rendered":"https:\/\/grandepremio.com\/br\/noticias\/2o-max-verstappen-cita-corrida-complicada-elogia-mclaren-miami-estavam-voando\/"},"modified":"2024-05-05T21:23:21","modified_gmt":"2024-05-06T00:23:21","slug":"2o-max-verstappen-cita-corrida-complicada-elogia-mclaren-miami-estavam-voando","status":"publish","type":"post","link":"https:\/\/grandepremio.com\/br\/f1\/2o-max-verstappen-cita-corrida-complicada-elogia-mclaren-miami-estavam-voando\/","title":{"rendered":"2\u00ba, Verstappen cita corrida &#8220;complicada&#8221; e elogia McLaren em Miami: &#8220;Estavam voando&#8221;"},"content":{"rendered":"\n<p class=\"wp-block-paragraph\">Contrariando todas as expectativas, n\u00e3o foi <strong>Max Verstappen<\/strong> quem <a href=\"https:\/\/www.grandepremio.com\/br\/f1\/noticias\/lando-norris-tira-proveito-safety-car-gp-miami-anula-maxverstappen-vence-f1-1a-vez\/\">subiu no degrau mais alto do p\u00f3dio<\/a> no <strong>GP de Miami<\/strong>, realizado neste domingo (5). Ap\u00f3s conquistar a pole, o piloto da <strong>Red Bull<\/strong> largou bem e at\u00e9 liderou boa parte da prova, mas acabou sendo prejudicado pela entrada do safety-car na volta 29 e, depois disso, n\u00e3o conseguiu acompanhar o \u00f3timo ritmo de <strong>Lando Norris<\/strong>, tendo de se contentar &#8216;apenas&#8217; com a segunda posi\u00e7\u00e3o.<\/p>\n\n\n\n<p class=\"wp-block-paragraph\">Apesar de n\u00e3o estar acostumado a n\u00e3o ser o primeiro a ver a bandeira quadriculada, Verstappen n\u00e3o p\u00f4de deixar de elogiar o #4 da McLaren, que cruzou a linha de chegada <strong>7s612<\/strong> \u00e0 frente do neerland\u00eas. Sobre o <strong>RB20<\/strong>, Max voltou a reclamar do comportamento dos pneus.<\/p>\n\n\n\n<p class=\"wp-block-paragraph\">&#8220;Voc\u00ea ganha, voc\u00ea perde. Acho que estamos todos acostumados com isso nas corridas, certo? Hoje foi um pouco complicado. Acho que j\u00e1 com os pneus m\u00e9dios, n\u00e3o estava nada bom. Est\u00e1vamos abrindo vantagem, mas n\u00e3o da maneira que dever\u00edamos&#8221;, lembrou o #1.<\/p>\n\n\n\n<p class=\"wp-block-paragraph\">&#8220;Quando fizemos o pit-stop e fiquei sabendo dos tempos de volta que as McLaren estavam fazendo, pensei, &#8216;uau, \u00e9 muito r\u00e1pido&#8217;. Depois que mudaram para os pneus duros, eles simplesmente tiveram mais ritmo e, especialmente, Lando, estava voando. Foi incrivelmente dif\u00edcil para n\u00f3s naquele stint, mas se um dia ruim significa terminar em segundo, eu aceito&#8221;, afirmou.<\/p>\n\n\n\n<figure class=\"wp-block-image size-large\"><img decoding=\"async\" src=\"https:\/\/www.grandepremio.com\/br\/wp-content\/uploads\/2024\/05\/miami-2024-f1-corrida-red-bull-max-verstappen-afp-03-1024x669.jpg\" alt=\"\" class=\"wp-image-809586\"\/><figcaption class=\"wp-element-caption\">Max Verstappen foi &#8216;apenas&#8217; segundo no GP de Miami (Foto: AFP) <\/figcaption><\/figure>\n\n\n\n<p class=\"wp-block-paragraph\"><strong><img decoding=\"async\" src=\"https:\/\/a.slack-edge.com\/production-standard-emoji-assets\/14.0\/google-medium\/25b6-fe0f.png\" alt=\":seta_para_frente:\">&nbsp;Inscreva-se nos dois canais do GRANDE PR\u00caMIO no YouTube:&nbsp;<a href=\"https:\/\/www.youtube.com\/channel\/UC9OlHEgxoaY6QY6nWPoiqQg?sub_confirmation=1\" target=\"_blank\" rel=\"noreferrer noopener\">GP<\/a>&nbsp;|&nbsp;<a href=\"https:\/\/www.youtube.com\/channel\/UC9csiS6q_C3C0FYhyr1rnFA?sub_confirmation=1\" target=\"_blank\" rel=\"noreferrer noopener\">GP2<\/a><\/strong><br><strong><img decoding=\"async\" src=\"https:\/\/a.slack-edge.com\/production-standard-emoji-assets\/14.0\/google-medium\/25b6-fe0f.png\" alt=\":seta_para_frente:\">&nbsp;<a href=\"https:\/\/www.twitch.tv\/grandepremio\" target=\"_blank\" rel=\"noreferrer noopener\">Conhe\u00e7a o canal do GRANDE PR\u00caMIO na Twitch clicando aqui!<\/a><\/strong><\/p>\n\n\n\n<p class=\"wp-block-paragraph\">Ap\u00f3s 110 corridas e cinco temporadas completas na <strong>F\u00f3rmula 1<\/strong>, Norris finalmente conseguiu a sua t\u00e3o sonhada primeira vit\u00f3ria na carreira. Amigo pr\u00f3ximo do brit\u00e2nico, Verstappen ficou claramente feliz pela conquista do jovem de 24 anos.<\/p>\n\n\n\n<p class=\"wp-block-paragraph\">&#8220;Estou muito feliz pelo Lando. J\u00e1 faz muito tempo e n\u00e3o ser\u00e1 a \u00faltima [vit\u00f3ria]. Ele definitivamente mereceu hoje&#8221;, comentou Max, antes de falar sobre os problemas que enfrentou com o b\u00f3lido taurino.<\/p>\n\n\n\n<p class=\"wp-block-paragraph\">&#8220;Quero dizer, sa\u00edmos de frente, de traseira, a ader\u00eancia estava muito baixa nos quatro pneus, e isso \u00e9 algo que temos de entender. Eles [McLaren] vieram com uma atualiza\u00e7\u00e3o. Parece que funcionou, certo? Portanto, temos trabalho a fazer. Acho que, definitivamente, n\u00e3o foi nosso fim de semana mais forte em termos de ritmo de corrida, mas vamos analisar tudo e tentaremos sair ainda mais fortes&#8221;, finalizou Verstappen.<\/p>\n\n\n\n<p class=\"wp-block-paragraph\">A&nbsp;<a href=\"https:\/\/www.grandepremio.com\/br\/f1\/\" target=\"_blank\" rel=\"noreferrer noopener\">F\u00f3rmula 1<\/a>&nbsp;retorna de&nbsp;<strong>17 a 19 de maio<\/strong>&nbsp;com o&nbsp;<strong>GP da Em\u00edlia-<a href=\"https:\/\/www.grandepremio.com\/br\/circuito\/roma\/\" target=\"_blank\" rel=\"noreferrer noopener\">Roma<\/a>nha<\/strong>, no circuito de&nbsp;<strong><a href=\"https:\/\/www.grandepremio.com\/br\/circuito\/399739\/\" target=\"_blank\" rel=\"noreferrer noopener\">\u00cdmola<\/a><\/strong>.<\/p>\n\n\n\n<figure class=\"wp-block-embed is-type-video is-provider-youtube wp-block-embed-youtube wp-embed-aspect-16-9 wp-has-aspect-ratio\"><div class=\"wp-block-embed__wrapper\">\n<iframe loading=\"lazy\" title=\"ALELUIA: NORRIS VENCE GP MIAMI de F1! VERSTAPPEN 2\u00ba: tudo sobre a CORRIDA | Briefing\" width=\"500\" height=\"281\" src=\"https:\/\/www.youtube.com\/embed\/KwxFm3aiuTU?feature=oembed\" frameborder=\"0\" allow=\"accelerometer; autoplay; clipboard-write; encrypted-media; gyroscope; picture-in-picture; web-share\" referrerpolicy=\"strict-origin-when-cross-origin\" allowfullscreen><\/iframe>\n<\/div><\/figure>\n","protected":false},"excerpt":{"rendered":"<p>Max Verstappen voltou a reclamar do ritmo da Red Bull ap\u00f3s segundo lugar em Miami, mas n\u00e3o deixou de elogiar Lando Norris pela primeira vit\u00f3ria da carreira na F\u00f3rmula 1<\/p>\n","protected":false},"author":0,"featured_media":1000809608,"comment_status":"closed","ping_status":"closed","sticky":false,"template":"","format":"standard","meta":{"42wp_featured_image_caption":"","42wp_featured_image_credits":"","42wp_featured_video":"","42wp_featured_image_hidden":false,"42wp_authors_list":[],"footnotes":""},"categories":[2],"tags":[5660,969,147,3230,642,160,180,30909,873,36026,1491,30103,28285,203,204],"42wp_author":[47160],"class_list":["post-78854","post","type-post","status-publish","format-standard","has-post-thumbnail","hentry","category-f1","tag-classificacao","tag-corrida","tag-f1","tag-f1-2024","tag-f1-ao-vivo","tag-f1-tv","tag-formula-1","tag-formula-1-2024","tag-gp-de-miami","tag-gp-de-miami-2024","tag-grande-premio","tag-grande-premio-f1","tag-grandepremio","tag-max-verstappen","tag-red-bull","42wp_author-vicente-soella"],"_links":{"self":[{"href":"https:\/\/grandepremio.com\/br\/wp-json\/wp\/v2\/posts\/78854","targetHints":{"allow":["GET"]}}],"collection":[{"href":"https:\/\/grandepremio.com\/br\/wp-json\/wp\/v2\/posts"}],"about":[{"href":"https:\/\/grandepremio.com\/br\/wp-json\/wp\/v2\/types\/post"}],"replies":[{"embeddable":true,"href":"https:\/\/grandepremio.com\/br\/wp-json\/wp\/v2\/comments?post=78854"}],"version-history":[{"count":0,"href":"https:\/\/grandepremio.com\/br\/wp-json\/wp\/v2\/posts\/78854\/revisions"}],"wp:featuredmedia":[{"embeddable":true,"href":"https:\/\/grandepremio.com\/br\/wp-json\/wp\/v2\/media\/1000809608"}],"wp:attachment":[{"href":"https:\/\/grandepremio.com\/br\/wp-json\/wp\/v2\/media?parent=78854"}],"wp:term":[{"taxonomy":"category","embeddable":true,"href":"https:\/\/grandepremio.com\/br\/wp-json\/wp\/v2\/categories?post=78854"},{"taxonomy":"post_tag","embeddable":true,"href":"https:\/\/grandepremio.com\/br\/wp-json\/wp\/v2\/tags?post=78854"},{"taxonomy":"42wp_author","embeddable":true,"href":"https:\/\/grandepremio.com\/br\/wp-json\/wp\/v2\/42wp_author?post=78854"}],"curies":[{"name":"wp","href":"https:\/\/api.w.org\/{rel}","templated":true}]}}